{"id":3924,"date":"2023-06-18T21:51:39","date_gmt":"2023-06-18T19:51:39","guid":{"rendered":"https:\/\/blogsaverroes.juntadeandalucia.es\/sepieandwoman\/?p=3924"},"modified":"2023-06-18T21:51:39","modified_gmt":"2023-06-18T19:51:39","slug":"querida-maite","status":"publish","type":"post","link":"https:\/\/blogsaverroes.juntadeandalucia.es\/miaventuraensepie2\/2023\/06\/18\/querida-maite\/","title":{"rendered":"QUERIDA MAITE"},"content":{"rendered":"<p><\/p>\n<p>&nbsp;<\/p>\n<p>El pasado mes de julio felizmente descubr\u00ed que varias coordinamigas estaban entre las diez docentes andaluces reconocidas con los&nbsp; <a href=\"https:\/\/www.juntadeandalucia.es\/educacion\/portals\/web\/ced\/actualidad\/detalle-de-la-noticia\/-\/noticia\/detalle\/diez-docentes-andaluces-reconocidos-con-los-premios-nacionales-etwinning-1he46fkoauf31\">Premios Nacionales a Proyectos de Colaboraci\u00f3n Escolar Etwinning 2022<\/a> otorgados por el Ministerio de Educaci\u00f3n y Formaci\u00f3n Profesional. Y claro, ese notici\u00f3n mereci\u00f3 una&nbsp;<a href=\"https:\/\/blogsaverroes.juntadeandalucia.es\/sepieandwoman\/2022\/07\/31\/cienes-que-emocionan-cienes-y-cienes-de-razones\/\">entrada<\/a> en mi blog. Unas semanas despu\u00e9s le ofrec\u00ed a Amalia (ni imagin\u00e1is a cu\u00e1nta gente m\u00e1s <span class=\"cqiun4t2 khvhiq1o r5qsrrlp i5tg98hk iqx13udk przvwfww qiohso4h gfz4du6o r7fjleex nz2484kf svot0ezm dcnh1tix sxl192xd t3g6t33p\"><span class=\"\">\ud83d\ude0a<\/span><\/span>) las p\u00e1ginas de mi blog porque hasta el \u00faltimo momento de su vida laboral estuvo trabajando en proyectos de innovaci\u00f3n. \u00a1Menuda lecci\u00f3n de trabajo apasionado!<\/p>\n<table style=\"width: 100%;border-collapse: collapse;background-color: #36805c\">\n<tbody>\n<tr>\n<td style=\"width: 100%;text-align: left\"><span style=\"font-family: 'comic sans ms', sans-serif;color: #edccdd\">Querida Maite:<\/span><br><br><span style=\"font-family: 'comic sans ms', sans-serif;color: #edccdd\">No me he olvidado de la propuesta que me hiciste en el mes de noviembre: \u00ab<em>\u00bfTe gustar\u00eda escribirme diciendo c\u00f3mo te sientes despu\u00e9s de tu jubilaci\u00f3n?<\/em>\u00ab<\/span><br><span style=\"font-family: 'comic sans ms', sans-serif;color: #edccdd\">Lo siento, no estaba preparada entonces.Te escribo ahora desde la playa, con una luz preciosa y una magn\u00edfica temperatura en el mes de mayo, descansada y contenta. \u00a1Qu\u00e9 lujo!<\/span><br><br><span style=\"color: #edccdd\"><span style=\"font-family: 'comic sans ms', sans-serif\">En estos ocho meses me encuentro feliz, descubriendo y redescubriendo nuevas sensaciones. Ahora tengo tiempo para m\u00ed, para mi familia y para mis amigos. <\/span><span style=\"font-family: 'comic sans ms', sans-serif\">Ahora dedico mi tiempo a realizar ejercicio f\u00edsico, cosa que ten\u00eda un poco abandonada, a leer, coser y a viajar, entre otras cosas. <\/span><span style=\"font-family: 'comic sans ms', sans-serif\">Es un mundo diferente y maravilloso para descubrirlo y vivirlo.<\/span><\/span><br><span style=\"font-family: 'comic sans ms', sans-serif;color: #edccdd\">Recibe un fuerte abrazo con mucho cari\u00f1o de tu amiga etwinning.<\/span><br><br><span style=\"font-family: 'comic sans ms', sans-serif;color: #edccdd\">Amalia Amparo P\u00e9rez Ruiz.<\/span><\/td>\n<\/tr>\n<\/tbody>\n<\/table>\n<p><a href=\"https:\/\/guadix.es\/turismo\/\">Guadix<\/a>, donde la tierra te abraza, a 18 de junio de 2023<\/p>\n<p>Maite<\/p>\n<p><a href=\"http:\/\/sepie.es\/educacion-escolar\/index.html\">-Sepie.es\/<\/a>&nbsp;&nbsp;<br><a href=\"http:\/\/sepie.es\/doc\/comunicacion\/publicaciones\/2023\/SEPIE_44_Noticia2_ErasmusDays.pdf\">-6 d\u00edas para hacer que Europa brille<\/a><br><a href=\"https:\/\/www.youtube.com\/watch?time_continue=1&amp;v=PkWXLoqZsuA&amp;embeds_euri=http%3A%2F%2Fsepie.es%2F&amp;feature=emb_logo\">-Tutorial Europass<\/a>&nbsp;<br><a href=\"http:\/\/sepie.es\/doc\/comunicacion\/publicaciones\/2022\/como_comunicar_tu_proyecto_es.pdf?fbclid=IwAR1jK750Z7TtShNvi-F5SIhAPsQ_jAH2DWIUvTt7f2mLSLEFfXeJLmGPoBM\">-Cuenta tu historia, causa impacto.<\/a>&nbsp; &nbsp;<br>&#8211;<a href=\"https:\/\/etwinning.es\/es\/\">Portal del Servicio Nacional de Apoyo eTwinning<\/a>. &nbsp;<br><a href=\"https:\/\/etwinning.es\/es\/inicio\/que-es-etwinning-2\/\">-\u00bfQu\u00e9 es eTwinning?<\/a><\/p>\n<p>PD: \u00bfHay qui\u00e9n dude que son intemporales las redes que se tejen durante la Internacionalizaci\u00f3n? \u00bfHay quien piense que no sigue enriqueciendo el post eTwinning? Mirad qu\u00e9 me dice Amalia&#8230;<\/p>\n<table style=\"border-collapse: collapse;width: 100.437%\">\n<tbody>\n<tr>\n<td style=\"width: 24.4541%\"><span style=\"font-family: 'comic sans ms', sans-serif\"><img loading=\"lazy\" decoding=\"async\" class=\"alignnone size-medium wp-image-3988\" src=\"https:\/\/blogsaverroes.juntadeandalucia.es\/miaventuraensepie2\/files\/2023\/06\/WhatsApp-Image-2023-06-18-at-19.45.50-e1687113134266-207x300.jpeg\" alt=\"\" width=\"207\" height=\"300\" srcset=\"https:\/\/blogsaverroes.juntadeandalucia.es\/miaventuraensepie2\/files\/2023\/06\/WhatsApp-Image-2023-06-18-at-19.45.50-e1687113134266-207x300.jpeg 207w, https:\/\/blogsaverroes.juntadeandalucia.es\/miaventuraensepie2\/files\/2023\/06\/WhatsApp-Image-2023-06-18-at-19.45.50-e1687113134266-706x1024.jpeg 706w, https:\/\/blogsaverroes.juntadeandalucia.es\/miaventuraensepie2\/files\/2023\/06\/WhatsApp-Image-2023-06-18-at-19.45.50-e1687113134266.jpeg 760w\" sizes=\"(max-width: 207px) 100vw, 207px\" \/><\/span><\/td>\n<td style=\"width: 75.9826%\">\n<p style=\"text-align: left\"><span style=\"font-family: 'comic sans ms', sans-serif\">\u00abEstoy haciendo un viaje por la Costa Amalfitana: Sorrento, Positano y Amalfi.<\/span><br><span style=\"font-family: 'comic sans ms', sans-serif\">Hoy volvemos de Capri<span style=\"font-size: inherit\">&nbsp;<\/span><span style=\"font-size: inherit\">en autob\u00fas<\/span><\/span><span style=\"font-family: 'comic sans ms', sans-serif;font-size: inherit\">. Tambi\u00e9n hemos pasado cuatro d\u00edas en N\u00e1poles.<\/span><\/p>\n<p style=\"text-align: left\"><span style=\"font-family: 'comic sans ms', sans-serif\">En Sorrento tuve un encuentro con una compa\u00f1era de un proyecto de etwinning. <\/span><span style=\"font-family: 'comic sans ms', sans-serif\">\u00a1S\u00faper feliz!<\/span><\/p>\n<p style=\"text-align: center\"><span style=\"font-family: 'comic sans ms', sans-serif\">\ud83e\udd70\ud83e\udd70\ud83e\udd70\ud83e\udd70\ud83e\udd70\ud83e\udd70 <\/span><br><span style=\"font-family: 'comic sans ms', sans-serif\">\u00a1Las cosas que hace eTwinning!<\/span><\/p>\n<\/td>\n<\/tr>\n<\/tbody>\n<\/table>\n<p>&nbsp;<\/p>\n<p>&nbsp;<\/p>\n<p>CDXCI&#8211;XIII<\/p>\n","protected":false},"excerpt":{"rendered":"<p>&nbsp; El pasado mes de julio felizmente descubr\u00ed que varias coordinamigas estaban entre las diez docentes andaluces reconocidas con los&nbsp; Premios Nacionales a Proyectos de Colaboraci\u00f3n Escolar Etwinning 2022 otorgados por el Ministerio de&#46;&#46;&#46;<\/p>\n","protected":false},"author":7760,"featured_media":0,"comment_status":"open","ping_status":"open","sticky":false,"template":"","format":"standard","meta":{"ngg_post_thumbnail":0,"footnotes":""},"categories":[5],"tags":[],"aioseo_notices":[],"_links":{"self":[{"href":"https:\/\/blogsaverroes.juntadeandalucia.es\/miaventuraensepie2\/wp-json\/wp\/v2\/posts\/3924"}],"collection":[{"href":"https:\/\/blogsaverroes.juntadeandalucia.es\/miaventuraensepie2\/wp-json\/wp\/v2\/posts"}],"about":[{"href":"https:\/\/blogsaverroes.juntadeandalucia.es\/miaventuraensepie2\/wp-json\/wp\/v2\/types\/post"}],"author":[{"embeddable":true,"href":"https:\/\/blogsaverroes.juntadeandalucia.es\/miaventuraensepie2\/wp-json\/wp\/v2\/users\/7760"}],"replies":[{"embeddable":true,"href":"https:\/\/blogsaverroes.juntadeandalucia.es\/miaventuraensepie2\/wp-json\/wp\/v2\/comments?post=3924"}],"version-history":[{"count":0,"href":"https:\/\/blogsaverroes.juntadeandalucia.es\/miaventuraensepie2\/wp-json\/wp\/v2\/posts\/3924\/revisions"}],"wp:attachment":[{"href":"https:\/\/blogsaverroes.juntadeandalucia.es\/miaventuraensepie2\/wp-json\/wp\/v2\/media?parent=3924"}],"wp:term":[{"taxonomy":"category","embeddable":true,"href":"https:\/\/blogsaverroes.juntadeandalucia.es\/miaventuraensepie2\/wp-json\/wp\/v2\/categories?post=3924"},{"taxonomy":"post_tag","embeddable":true,"href":"https:\/\/blogsaverroes.juntadeandalucia.es\/miaventuraensepie2\/wp-json\/wp\/v2\/tags?post=3924"}],"curies":[{"name":"wp","href":"https:\/\/api.w.org\/{rel}","templated":true}]}}