{"id":581,"date":"2021-03-02T01:57:08","date_gmt":"2021-03-02T00:57:08","guid":{"rendered":"https:\/\/blogsaverroes.juntadeandalucia.es\/sepieandwoman\/?p=581"},"modified":"2021-03-02T01:57:08","modified_gmt":"2021-03-02T00:57:08","slug":"581","status":"publish","type":"post","link":"https:\/\/blogsaverroes.juntadeandalucia.es\/miaventuraensepie2\/2021\/03\/02\/581\/","title":{"rendered":"GRACIAS, VENGA, VAMOS."},"content":{"rendered":"<p>Parece que se acerca el tiempo de una nueva convocatoria Erasmusplus y antes de que eso suceda tendr\u00edamos que plantearnos estrategias que pudieran llevarnos al \u00e9xito, porque no todas las incursiones que se inician siempre llevan a un final feliz, o por lo menos, final esperado.<\/p>\n<p>Trabajar en la elaboraci\u00f3n de un proyecto de internacionalizaci\u00f3n se lleva muchas horas de dedicaci\u00f3n, muchas ilusiones, mucho trabajo de coordinaci\u00f3n con distintos equipos: el directivo, el de erasmuslizaci\u00f3n de nuestro centro, departamentos, ciclos, &#8230; As\u00ed que analicemos qu\u00e9 giros pudieran favorecer el \u00e9xito, por lo menos, el que buscamos entre nuestros compa\u00f1eros.<\/p>\n<p>\u00bfQu\u00e9 nos gustar\u00eda escuchar para sentirnos motivados? A m\u00ed me gustan:<br \/>\n\u201c<em>Dime, venga, voy, claro, cuenta, ya, \u00bfsiiii\u00ed?, gracias, ahora, juntos, &#8230;\u201d<\/em>; todos los verbos en 1\u00e5 persona del plural; trabajar en ambientes distendidos, me encanta escuchar risas y las personas que me hacen re\u00edr porque me inspiran, me dan alas, me crezco.<\/p>\n<p>Me chirr\u00edan:<br \/>\n\u201c<em>Ma\u00f1ana, luego, despu\u00e9s, hmmmm, espera, uff, t\u00fa sabr\u00e1s, &#8230;\u201d. Me dan grima quienes miran a otro lado cuando les cuento porque no quieren demostrarme que est\u00e1n interesados, quienes no celebran una buena idea si no es suya porque creen que as\u00ed pierden. <\/em><\/p>\n<p>Ser coordinador te lleva a dirigir el coro de voces que solicitan ayuda, piden formaci\u00f3n. Y el secreto, quiz\u00e1s est\u00e9 en no esperar qu\u00e9 palabras te gustar\u00eda escuchar, sino en empezar a decirlas nosotros. Seguro que te ves dici\u00e9ndolas.<\/p>\n<p>No te arregostes y vamos al l\u00edo. \u00bfQu\u00e9 me dices? \u00bfGiramos?<br \/>\n<a href=\"https:\/\/guadix.es\/turismo\/\">Guadix<\/a>, donde la tierra te abraza, a 2 de marzo de 2021<\/p>\n<p>Maite<\/p>\n<p><a href=\"http:\/\/www.sepie.es\/coronavirus.html\">http:\/\/www.sepie.es\/coronavirus.html<\/a><\/p>\n","protected":false},"excerpt":{"rendered":"<p>Parece que se acerca el tiempo de una nueva convocatoria Erasmusplus y antes de que eso suceda tendr\u00edamos que plantearnos estrategias que pudieran llevarnos al \u00e9xito, porque no todas las incursiones que se inician&#46;&#46;&#46;<\/p>\n","protected":false},"author":7760,"featured_media":0,"comment_status":"open","ping_status":"open","sticky":false,"template":"","format":"standard","meta":{"ngg_post_thumbnail":0,"footnotes":""},"categories":[3,5],"tags":[],"aioseo_notices":[],"_links":{"self":[{"href":"https:\/\/blogsaverroes.juntadeandalucia.es\/miaventuraensepie2\/wp-json\/wp\/v2\/posts\/581"}],"collection":[{"href":"https:\/\/blogsaverroes.juntadeandalucia.es\/miaventuraensepie2\/wp-json\/wp\/v2\/posts"}],"about":[{"href":"https:\/\/blogsaverroes.juntadeandalucia.es\/miaventuraensepie2\/wp-json\/wp\/v2\/types\/post"}],"author":[{"embeddable":true,"href":"https:\/\/blogsaverroes.juntadeandalucia.es\/miaventuraensepie2\/wp-json\/wp\/v2\/users\/7760"}],"replies":[{"embeddable":true,"href":"https:\/\/blogsaverroes.juntadeandalucia.es\/miaventuraensepie2\/wp-json\/wp\/v2\/comments?post=581"}],"version-history":[{"count":0,"href":"https:\/\/blogsaverroes.juntadeandalucia.es\/miaventuraensepie2\/wp-json\/wp\/v2\/posts\/581\/revisions"}],"wp:attachment":[{"href":"https:\/\/blogsaverroes.juntadeandalucia.es\/miaventuraensepie2\/wp-json\/wp\/v2\/media?parent=581"}],"wp:term":[{"taxonomy":"category","embeddable":true,"href":"https:\/\/blogsaverroes.juntadeandalucia.es\/miaventuraensepie2\/wp-json\/wp\/v2\/categories?post=581"},{"taxonomy":"post_tag","embeddable":true,"href":"https:\/\/blogsaverroes.juntadeandalucia.es\/miaventuraensepie2\/wp-json\/wp\/v2\/tags?post=581"}],"curies":[{"name":"wp","href":"https:\/\/api.w.org\/{rel}","templated":true}]}}