{"id":633,"date":"2021-04-18T12:02:31","date_gmt":"2021-04-18T10:02:31","guid":{"rendered":"https:\/\/blogsaverroes.juntadeandalucia.es\/sepieandwoman\/?p=633"},"modified":"2021-04-18T12:02:31","modified_gmt":"2021-04-18T10:02:31","slug":"la","status":"publish","type":"post","link":"https:\/\/blogsaverroes.juntadeandalucia.es\/miaventuraensepie2\/2021\/04\/18\/la\/","title":{"rendered":"NAVIDAD, SEMANA SANTA, LA FERIA DE ABRIL,&#8230;"},"content":{"rendered":"<p>Reci\u00e9n empezadas las vacaciones por Navidad, y con una agenda de trabajo para aquellos d\u00edas a\u00fan m\u00e1s abultada que las que tenemos en jornadas laborales, cinco coordinadoras E+ ideamos qu\u00e9 pod\u00edamos hacer para no perder la chispa debido a la consabida causa: el COVID.<\/p>\n<p>Un proyecto de cohesi\u00f3n entre coordinadores andaluces con la siguiente premisa \u00abEncontrar la motivaci\u00f3n que jornadas presenciales y otras actividades E+ nos procuraban hasta entonces\u00bb, nuestra meta. As\u00ed, ideamos y organizamos el <em>1\u00ba Encuentro Andaluz de Coordinadores Erasmus<\/em>. Encuentro que fue fruct\u00edfero y muy motivador.<\/p>\n<p>Termin\u00f3 Navidad y Semana Santa. Ahora, en plena Feria de Abril, inauguramos oficialmente nuestras plataformas de difusi\u00f3n porque a casi todos los coordinadores E+ nos gusta gritar a los cuatro vientos lo que aprendimos, lo que vivimos. Lo que penamos&#8230; tambi\u00e9n, tambi\u00e9n. Por experiencia sabemos que el tiempo que dedicamos a preparar viajes, contactos, agendas, el ajetreo que supone mover al alumnado y seguir multiplicando el tiempo para llegar de forma airosa a nuestras obligaciones laborales y personales, \u00a1ay!, nos deja poco tiempo para llegar a las redes sociales, compartir, comentar, publicar, &#8230; \u00a1gritar!<br \/>\nSi acaso, nos quedan ganas para comentar publicaciones ajenas e irnos a la calle a que nos d\u00e9 el aire, \u00bfverdad?<br \/>\n\u00bfNuestra propuesta? \u00ab<em>Un espacio virtual y organizado donde poder subir peque\u00f1as muestras de nuestro quehacEr<\/em>\u00ab.<\/p>\n<p>\u00bfC\u00f3mo os pod\u00e9is beneficiar?<br \/>\nEnviando trabajos e difusi\u00f3n hechos por vuestro profesorado, alumnado, sus familias,&#8230; contando experiencias, expectativas, motivaciones, c\u00f3mo han ampliado sus redes de amigos y si creen que les ha cambiado el chip\u00bb.<br \/>\n\u00bfFormatos? Entrevistas, infograf\u00edas, podcasts, tiktok, animaciones, y todos los imaginables conocidos por nuestros alumnos y, algunos de ellos, campos desconocidos para nosotros. As\u00ed que, aunque guiemos sus trabajos, dej\u00e9monos llevar por sus conocimientos, sus habilidades y destrezas. Vamos a darle otra vidilla a nuestros proyectos, nos inspiraremos con las ideas de otros (nada malo en absoluto).<br \/>\nBusquemos esa motivaci\u00f3n que nos da el caminar de la mano de otros profesionalEs+. Nuestra plataforma, que ser\u00e1 la vuestra, llegar\u00e1 m\u00e1s lejos porque nuestra agenda de contactos va creciendo d\u00eda a d\u00eda y todos con la misma pretensi\u00f3n: difusi\u00f3n, difusi\u00f3n, difusi\u00f3n.<\/p>\n<p>Que no se dijo nunca nada de los cobardes ni temerosos. Que esperar para tomar aire no es malo porque al tiempo que nos oxigenamos, tambi\u00e9n lo hacen nuestras neuronas con lo que la posibilidad de ver nuevas rutas pudiera aparecer pronto ante nuestras narices.<br \/>\nQueridas coordinadoras, queridos coordinadores&#8230; Empezamos en tres, dos, uno.<br \/>\n<a href=\"https:\/\/guadix.es\/turismo\/\">Guadix<\/a>, donde la tierra te abraza, a 18 de abril de 2021<\/p>\n<p>Andaluc\u00eda travels around Europe<\/p>\n<p>PD: Compartimos los siguientes enlaces:<br \/>\n<a href=\"https:\/\/www.facebook.com\/Andaluc%C3%ADa-travels-around-Europe-103406215206261\">https:\/\/www.facebook.com\/Andaluc%C3%ADa-travels-around-Europe-103406215206261<\/a> Es nuestra direcci\u00f3n en Facebook<br \/>\n<a href=\"https:\/\/sites.google.com\/view\/andaluciatravelseurope\/home\">https:\/\/sites.google.com\/view\/andaluciatravelseurope\/home<\/a><br \/>\nEs la direcci\u00f3n de nuestra p\u00e1gina web es<br \/>\n<a href=\"http:\/\/sepie.es\/doc\/convocatoria\/2021\/convocatoria.pdf\">http:\/\/sepie.es\/doc\/convocatoria\/2021\/convocatoria.pdf<\/a><br \/>\n<a href=\"http:\/\/sepie.es\/doc\/convocatoria\/2021\/2021-erasmusplus-programme-guide_v2_es.pdf\">http:\/\/sepie.es\/doc\/convocatoria\/2021\/2021-erasmusplus-programme-guide_v2_es.pdf<\/a><br \/>\n<a href=\"https:\/\/sites.google.com\/view\/canoerasmus\/p%C3%A1gina-principal\">https:\/\/sites.google.com\/view\/canoerasmus\/p%C3%A1gina-principal<\/a><br \/>\n<a href=\"https:\/\/sites.google.com\/view\/ieslasbanderas-proyectoerasmus\">https:\/\/sites.google.com\/view\/ieslasbanderas-proyectoerasmus<\/a><br \/>\n<a href=\"http:\/\/iesmigueldecervantes.es%20http\/\/geographyandhistoryclil.blogspot.com\">http:\/\/iesmigueldecervantes.es%20http\/\/geographyandhistoryclil.blogspot.com<\/a><br \/>\n<a href=\"https:\/\/iesalcrebite.es\/erasmus\/\">https:\/\/iesalcrebite.es\/erasmus\/<\/a><\/p>\n<p>MMCMXLV &#8211;XXXVIII<\/p>\n","protected":false},"excerpt":{"rendered":"<p>Reci\u00e9n empezadas las vacaciones por Navidad, y con una agenda de trabajo para aquellos d\u00edas a\u00fan m\u00e1s abultada que las que tenemos en jornadas laborales, cinco coordinadoras E+ ideamos qu\u00e9 pod\u00edamos hacer para no&#46;&#46;&#46;<\/p>\n","protected":false},"author":7760,"featured_media":699,"comment_status":"open","ping_status":"open","sticky":false,"template":"","format":"standard","meta":{"ngg_post_thumbnail":0,"footnotes":""},"categories":[2,5],"tags":[],"aioseo_notices":[],"_links":{"self":[{"href":"https:\/\/blogsaverroes.juntadeandalucia.es\/miaventuraensepie2\/wp-json\/wp\/v2\/posts\/633"}],"collection":[{"href":"https:\/\/blogsaverroes.juntadeandalucia.es\/miaventuraensepie2\/wp-json\/wp\/v2\/posts"}],"about":[{"href":"https:\/\/blogsaverroes.juntadeandalucia.es\/miaventuraensepie2\/wp-json\/wp\/v2\/types\/post"}],"author":[{"embeddable":true,"href":"https:\/\/blogsaverroes.juntadeandalucia.es\/miaventuraensepie2\/wp-json\/wp\/v2\/users\/7760"}],"replies":[{"embeddable":true,"href":"https:\/\/blogsaverroes.juntadeandalucia.es\/miaventuraensepie2\/wp-json\/wp\/v2\/comments?post=633"}],"version-history":[{"count":0,"href":"https:\/\/blogsaverroes.juntadeandalucia.es\/miaventuraensepie2\/wp-json\/wp\/v2\/posts\/633\/revisions"}],"wp:featuredmedia":[{"embeddable":true,"href":"https:\/\/blogsaverroes.juntadeandalucia.es\/miaventuraensepie2\/wp-json\/wp\/v2\/media\/699"}],"wp:attachment":[{"href":"https:\/\/blogsaverroes.juntadeandalucia.es\/miaventuraensepie2\/wp-json\/wp\/v2\/media?parent=633"}],"wp:term":[{"taxonomy":"category","embeddable":true,"href":"https:\/\/blogsaverroes.juntadeandalucia.es\/miaventuraensepie2\/wp-json\/wp\/v2\/categories?post=633"},{"taxonomy":"post_tag","embeddable":true,"href":"https:\/\/blogsaverroes.juntadeandalucia.es\/miaventuraensepie2\/wp-json\/wp\/v2\/tags?post=633"}],"curies":[{"name":"wp","href":"https:\/\/api.w.org\/{rel}","templated":true}]}}