{"id":1011,"date":"2022-03-14T17:47:47","date_gmt":"2022-03-14T16:47:47","guid":{"rendered":"https:\/\/blogsaverroes.juntadeandalucia.es\/miblogdeinfantil5\/?p=1011"},"modified":"2022-04-04T21:44:52","modified_gmt":"2022-04-04T19:44:52","slug":"libros-de-lectura-de-picasso","status":"publish","type":"post","link":"https:\/\/blogsaverroes.juntadeandalucia.es\/miblogdeinfantil5\/libros-de-lectura-de-picasso\/","title":{"rendered":"Libros de lectura sobre la vida de Picasso"},"content":{"rendered":"<p>En este segundo trimestre, estamos aprendiendo sobre la vida de Picasso y los elementos de la programaci\u00f3n giran en torno a este proyecto. Nos hemos centrado en cuatro de las etapas de su evoluci\u00f3n pict\u00f3rica: azul, rosa, cubista y expresionista.<\/p>\n<p>Siguiendo la l\u00ednea del aprendizaje de la lectoescritura constructivista, es decir, un aprendizaje que conecta con la realidad y que est\u00e1 relacionado con lo que est\u00e1n aprendiendo, adjunto los tres libros que estamos utilizando tanto para la lectura como para la escritura. Estamos utilizando el de las may\u00fasculas para las lecturas colectivas y el que combina los textos de may\u00fasculas y min\u00fasculas como libro individual. Les hemos explicado que hemos incluido las min\u00fasculas para que se vayan acostumbrando a las pr\u00f3ximas actividades de lectoescritura. El que est\u00e1 escrito en min\u00fasculas, est\u00e1 para los alumnos que ya tengan mejor fluidez lectora y demanden la lectura en min\u00fasculas.<\/p>\n<p>En el tercer trimestre, se realizar\u00e1n los libros del proyecto sobre los animales, en las dos versiones tambi\u00e9n, pero nos centraremos de lleno en las min\u00fasculas.&nbsp; Al trabajar con may\u00fasculas durante los dos primeros trimestres, hemos favorecido que el aprendizaje sea m\u00e1s f\u00e1cil para ellos ya que las letras may\u00fasculas tienen trazos m\u00e1s claros tanto para identificar como para realizar.&nbsp;<\/p>\n<p>&nbsp;<\/p>\n<p><a href=\"https:\/\/blogsaverroes.juntadeandalucia.es\/miblogdeinfantil5\/libros-de-lectura-de-picasso\/portada-picasso-blog\/\" rel=\"attachment wp-att-1014\"><img loading=\"lazy\" decoding=\"async\" class=\"alignnone size-medium wp-image-1014\" src=\"https:\/\/blogsaverroes.juntadeandalucia.es\/miblogdeinfantil5\/files\/2022\/03\/Portada-Picasso-blog-300x213.png\" alt=\"\" width=\"300\" height=\"213\" srcset=\"https:\/\/blogsaverroes.juntadeandalucia.es\/miblogdeinfantil5\/files\/2022\/03\/Portada-Picasso-blog-300x213.png 300w, https:\/\/blogsaverroes.juntadeandalucia.es\/miblogdeinfantil5\/files\/2022\/03\/Portada-Picasso-blog-332x236.png 332w, https:\/\/blogsaverroes.juntadeandalucia.es\/miblogdeinfantil5\/files\/2022\/03\/Portada-Picasso-blog.png 583w\" sizes=\"(max-width: 300px) 100vw, 300px\" \/><\/a><\/p>\n<p><a href=\"https:\/\/blogsaverroes.juntadeandalucia.es\/miblogdeinfantil5\/libros-de-lectura-de-picasso\/libro-de-lectura-de-picasso-mayusculas\/\" rel=\"attachment wp-att-1016\">LIBRO DE LECTURA DE PICASSO &#8211; may\u00fasculas<\/a><\/p>\n<p><a href=\"https:\/\/blogsaverroes.juntadeandalucia.es\/miblogdeinfantil5\/libros-de-lectura-de-picasso\/libro-de-lectura-de-picasso-mayusculas-y-minusculas-3\/\" rel=\"attachment wp-att-1041\">LIBRO DE LECTURA DE PICASSO &#8211; may\u00fasculas y min\u00fasculas<\/a><\/p>\n<p><a href=\"https:\/\/blogsaverroes.juntadeandalucia.es\/miblogdeinfantil5\/libros-de-lectura-de-picasso\/libro-de-lectura-de-picasso-minusculas\/\" rel=\"attachment wp-att-1038\">LIBRO DE LECTURA DE PICASSO &#8211; min\u00fasculas<\/a><\/p>\n<p>&nbsp;<\/p>\n<p>&nbsp;<\/p>\n","protected":false},"excerpt":{"rendered":"<p>En este segundo trimestre, estamos aprendiendo sobre la vida de Picasso y los elementos de la programaci\u00f3n giran en torno a este proyecto. Nos hemos centrado en cuatro de las etapas de su evoluci\u00f3n&#46;&#46;&#46;<\/p>\n","protected":false},"author":9300,"featured_media":1014,"comment_status":"open","ping_status":"closed","sticky":false,"template":"","format":"standard","meta":{"ngg_post_thumbnail":0,"footnotes":""},"categories":[6],"tags":[],"aioseo_notices":[],"_links":{"self":[{"href":"https:\/\/blogsaverroes.juntadeandalucia.es\/miblogdeinfantil5\/wp-json\/wp\/v2\/posts\/1011"}],"collection":[{"href":"https:\/\/blogsaverroes.juntadeandalucia.es\/miblogdeinfantil5\/wp-json\/wp\/v2\/posts"}],"about":[{"href":"https:\/\/blogsaverroes.juntadeandalucia.es\/miblogdeinfantil5\/wp-json\/wp\/v2\/types\/post"}],"author":[{"embeddable":true,"href":"https:\/\/blogsaverroes.juntadeandalucia.es\/miblogdeinfantil5\/wp-json\/wp\/v2\/users\/9300"}],"replies":[{"embeddable":true,"href":"https:\/\/blogsaverroes.juntadeandalucia.es\/miblogdeinfantil5\/wp-json\/wp\/v2\/comments?post=1011"}],"version-history":[{"count":8,"href":"https:\/\/blogsaverroes.juntadeandalucia.es\/miblogdeinfantil5\/wp-json\/wp\/v2\/posts\/1011\/revisions"}],"predecessor-version":[{"id":1043,"href":"https:\/\/blogsaverroes.juntadeandalucia.es\/miblogdeinfantil5\/wp-json\/wp\/v2\/posts\/1011\/revisions\/1043"}],"wp:featuredmedia":[{"embeddable":true,"href":"https:\/\/blogsaverroes.juntadeandalucia.es\/miblogdeinfantil5\/wp-json\/wp\/v2\/media\/1014"}],"wp:attachment":[{"href":"https:\/\/blogsaverroes.juntadeandalucia.es\/miblogdeinfantil5\/wp-json\/wp\/v2\/media?parent=1011"}],"wp:term":[{"taxonomy":"category","embeddable":true,"href":"https:\/\/blogsaverroes.juntadeandalucia.es\/miblogdeinfantil5\/wp-json\/wp\/v2\/categories?post=1011"},{"taxonomy":"post_tag","embeddable":true,"href":"https:\/\/blogsaverroes.juntadeandalucia.es\/miblogdeinfantil5\/wp-json\/wp\/v2\/tags?post=1011"}],"curies":[{"name":"wp","href":"https:\/\/api.w.org\/{rel}","templated":true}]}}