{"id":1217,"date":"2023-04-13T22:13:26","date_gmt":"2023-04-13T20:13:26","guid":{"rendered":"https:\/\/blogsaverroes.juntadeandalucia.es\/miblogdeinfantil5\/?p=1217"},"modified":"2023-05-13T12:17:35","modified_gmt":"2023-05-13T10:17:35","slug":"taller-que-paso-con-las-letras","status":"publish","type":"post","link":"https:\/\/blogsaverroes.juntadeandalucia.es\/miblogdeinfantil5\/taller-que-paso-con-las-letras\/","title":{"rendered":"Taller \u00ab\u00bfQu\u00e9 pas\u00f3 con las letras?\u00bb Situaciones de aprendizaje para Infantil y Primaria"},"content":{"rendered":"<p>Durante el tercer trimestre, realizaremos un taller relacionado con las dos situaciones de aprendizaje dise\u00f1adas para la iniciaci\u00f3n a la lectura de forma l\u00fadica y participativa. El taller est\u00e1 dirigido al alumnado de Infantil 5 a\u00f1os, al alumnado de primer ciclo de Primaria y al de Pedagog\u00eda Terap\u00e9utica que presenta dificultades en el desarrollo del lenguaje.<\/p>\n<p>Las actividades estar\u00e1n basadas en la narraci\u00f3n de cuentos por parte de los ni\u00f1os y ni\u00f1as y el alumnado oyente colaborar\u00e1 con cada narrador, en el seguimiento de los sonidos de las letras y en los juegos posteriores de secuenciaci\u00f3n, mediante los cuentos impresos y las tarjetas manipulativas que est\u00e1n publicadas en este mismo blog.<\/p>\n<p>Para la realizaci\u00f3n del taller, contaremos con la participaci\u00f3n del alumnado de cuarto de Primaria que se muestra muy entusiasmado con esta colaboraci\u00f3n.<\/p>\n<p>Se adjuntan las situaciones de aprendizaje del taller.<\/p>\n<p><a href=\"https:\/\/blogsaverroes.juntadeandalucia.es\/miblogdeinfantil5\/taller-que-paso-con-las-letras\/situacion-de-aprendizaje-taller-que-paso-con-las-letras-infantil\/\" rel=\"attachment wp-att-1304\">Situaci\u00f3n de aprendizaje Taller Qu\u00e9 pas\u00f3 con las letras Infantil<\/a><\/p>\n<p><a href=\"https:\/\/blogsaverroes.juntadeandalucia.es\/miblogdeinfantil5\/taller-que-paso-con-las-letras\/situacion-de-aprendizaje-taller-que-paso-con-las-letras-primaria\/\" rel=\"attachment wp-att-1305\">Situaci\u00f3n de aprendizaje Taller Qu\u00e9 pas\u00f3 con las letras Primaria<\/a><\/p>\n","protected":false},"excerpt":{"rendered":"<p>Durante el tercer trimestre, realizaremos un taller relacionado con las dos situaciones de aprendizaje dise\u00f1adas para la iniciaci\u00f3n a la lectura de forma l\u00fadica y participativa. El taller est\u00e1 dirigido al alumnado de Infantil&#46;&#46;&#46;<\/p>\n","protected":false},"author":9300,"featured_media":1218,"comment_status":"open","ping_status":"closed","sticky":false,"template":"","format":"standard","meta":{"ngg_post_thumbnail":0,"footnotes":""},"categories":[6],"tags":[],"aioseo_notices":[],"_links":{"self":[{"href":"https:\/\/blogsaverroes.juntadeandalucia.es\/miblogdeinfantil5\/wp-json\/wp\/v2\/posts\/1217"}],"collection":[{"href":"https:\/\/blogsaverroes.juntadeandalucia.es\/miblogdeinfantil5\/wp-json\/wp\/v2\/posts"}],"about":[{"href":"https:\/\/blogsaverroes.juntadeandalucia.es\/miblogdeinfantil5\/wp-json\/wp\/v2\/types\/post"}],"author":[{"embeddable":true,"href":"https:\/\/blogsaverroes.juntadeandalucia.es\/miblogdeinfantil5\/wp-json\/wp\/v2\/users\/9300"}],"replies":[{"embeddable":true,"href":"https:\/\/blogsaverroes.juntadeandalucia.es\/miblogdeinfantil5\/wp-json\/wp\/v2\/comments?post=1217"}],"version-history":[{"count":3,"href":"https:\/\/blogsaverroes.juntadeandalucia.es\/miblogdeinfantil5\/wp-json\/wp\/v2\/posts\/1217\/revisions"}],"predecessor-version":[{"id":1306,"href":"https:\/\/blogsaverroes.juntadeandalucia.es\/miblogdeinfantil5\/wp-json\/wp\/v2\/posts\/1217\/revisions\/1306"}],"wp:featuredmedia":[{"embeddable":true,"href":"https:\/\/blogsaverroes.juntadeandalucia.es\/miblogdeinfantil5\/wp-json\/wp\/v2\/media\/1218"}],"wp:attachment":[{"href":"https:\/\/blogsaverroes.juntadeandalucia.es\/miblogdeinfantil5\/wp-json\/wp\/v2\/media?parent=1217"}],"wp:term":[{"taxonomy":"category","embeddable":true,"href":"https:\/\/blogsaverroes.juntadeandalucia.es\/miblogdeinfantil5\/wp-json\/wp\/v2\/categories?post=1217"},{"taxonomy":"post_tag","embeddable":true,"href":"https:\/\/blogsaverroes.juntadeandalucia.es\/miblogdeinfantil5\/wp-json\/wp\/v2\/tags?post=1217"}],"curies":[{"name":"wp","href":"https:\/\/api.w.org\/{rel}","templated":true}]}}