{"id":186,"date":"2020-06-22T12:26:28","date_gmt":"2020-06-22T10:26:28","guid":{"rendered":"https:\/\/blogsaverroes.juntadeandalucia.es\/miclasept\/?p=186"},"modified":"2020-06-22T12:26:28","modified_gmt":"2020-06-22T10:26:28","slug":"fin-de-curso","status":"publish","type":"post","link":"https:\/\/blogsaverroes.juntadeandalucia.es\/miclasept\/2020\/06\/22\/fin-de-curso\/","title":{"rendered":"\u00a1Fin de curso!"},"content":{"rendered":"<p style=\"text-align: justify\">Todos y todas recordar\u00e9is este a\u00f1o de una forma especial. El 14 de marzo nos cerraron las aulas, los centros, las posibilidades de seguir creando escuela por el estado de alarma declarado de acuerdo al Real Decreto 463\/2020 para la gesti\u00f3n de la situaci\u00f3n sanitaria ocasionada por el COVID-19 . Sin embargo, la escuela ha seguido.<\/p>\n<p style=\"text-align: justify\">Los docentes hemos sabido adaptarnos a la nueva situaci\u00f3n y adaptar la ense\u00f1anza en tiempo r\u00e9cord. Las familias han respondido, en la medida de sus posibilidades, a las propuestas que se realizaban. Y, el alumnado ha seguido ah\u00ed demostrando su val\u00eda. La Administraci\u00f3n&#8230;mejor que cada uno\/a realice su an\u00e1lisis particular, que ah\u00ed s\u00ed que habr\u00eda mucho y bastante que mejorar.<\/p>\n<p style=\"text-align: justify\">Hoy, los y las protagonistas vuelve a ser el alumnado. Hoy, en Andaluc\u00eda acaba el curso para Educaci\u00f3n Infantil y Primaria, y ma\u00f1ana lo har\u00e1 Educaci\u00f3n Secundaria. Hoy, se da inicio a las vacaciones de verano, de ah\u00ed mis particulares aportaciones a las Tareas para el Verano.<\/p>\n<p><img loading=\"lazy\" decoding=\"async\" class=\"aligncenter wp-image-187 size-large\" src=\"https:\/\/blogsaverroes.juntadeandalucia.es\/miclasept\/files\/2020\/06\/Purple-tareas-576x1024.png\" alt=\"\" width=\"576\" height=\"1024\" srcset=\"https:\/\/blogsaverroes.juntadeandalucia.es\/miclasept\/files\/2020\/06\/Purple-tareas-576x1024.png 576w, https:\/\/blogsaverroes.juntadeandalucia.es\/miclasept\/files\/2020\/06\/Purple-tareas-169x300.png 169w, https:\/\/blogsaverroes.juntadeandalucia.es\/miclasept\/files\/2020\/06\/Purple-tareas-768x1365.png 768w, https:\/\/blogsaverroes.juntadeandalucia.es\/miclasept\/files\/2020\/06\/Purple-tareas-14x24.png 14w, https:\/\/blogsaverroes.juntadeandalucia.es\/miclasept\/files\/2020\/06\/Purple-tareas-20x36.png 20w, https:\/\/blogsaverroes.juntadeandalucia.es\/miclasept\/files\/2020\/06\/Purple-tareas-27x48.png 27w, https:\/\/blogsaverroes.juntadeandalucia.es\/miclasept\/files\/2020\/06\/Purple-tareas.png 1080w\" sizes=\"(max-width: 576px) 100vw, 576px\" \/><\/p>\n<p style=\"text-align: justify\">Originales, \u00a1eso s\u00ed!<\/p>\n<p>\u00a1Feliz Verano 2020!<\/p>\n","protected":false},"excerpt":{"rendered":"<p>Todos y todas recordar\u00e9is este a\u00f1o de una forma especial. El 14 de marzo nos cerraron las aulas, los centros, las posibilidades de seguir creando escuela por el estado de alarma declarado de acuerdo&#46;&#46;&#46;<\/p>\n","protected":false},"author":9746,"featured_media":188,"comment_status":"open","ping_status":"open","sticky":false,"template":"","format":"standard","meta":{"ngg_post_thumbnail":0,"footnotes":""},"categories":[7],"tags":[3],"aioseo_notices":[],"_links":{"self":[{"href":"https:\/\/blogsaverroes.juntadeandalucia.es\/miclasept\/wp-json\/wp\/v2\/posts\/186"}],"collection":[{"href":"https:\/\/blogsaverroes.juntadeandalucia.es\/miclasept\/wp-json\/wp\/v2\/posts"}],"about":[{"href":"https:\/\/blogsaverroes.juntadeandalucia.es\/miclasept\/wp-json\/wp\/v2\/types\/post"}],"author":[{"embeddable":true,"href":"https:\/\/blogsaverroes.juntadeandalucia.es\/miclasept\/wp-json\/wp\/v2\/users\/9746"}],"replies":[{"embeddable":true,"href":"https:\/\/blogsaverroes.juntadeandalucia.es\/miclasept\/wp-json\/wp\/v2\/comments?post=186"}],"version-history":[{"count":1,"href":"https:\/\/blogsaverroes.juntadeandalucia.es\/miclasept\/wp-json\/wp\/v2\/posts\/186\/revisions"}],"predecessor-version":[{"id":189,"href":"https:\/\/blogsaverroes.juntadeandalucia.es\/miclasept\/wp-json\/wp\/v2\/posts\/186\/revisions\/189"}],"wp:featuredmedia":[{"embeddable":true,"href":"https:\/\/blogsaverroes.juntadeandalucia.es\/miclasept\/wp-json\/wp\/v2\/media\/188"}],"wp:attachment":[{"href":"https:\/\/blogsaverroes.juntadeandalucia.es\/miclasept\/wp-json\/wp\/v2\/media?parent=186"}],"wp:term":[{"taxonomy":"category","embeddable":true,"href":"https:\/\/blogsaverroes.juntadeandalucia.es\/miclasept\/wp-json\/wp\/v2\/categories?post=186"},{"taxonomy":"post_tag","embeddable":true,"href":"https:\/\/blogsaverroes.juntadeandalucia.es\/miclasept\/wp-json\/wp\/v2\/tags?post=186"}],"curies":[{"name":"wp","href":"https:\/\/api.w.org\/{rel}","templated":true}]}}