{"id":363,"date":"2021-03-17T13:45:54","date_gmt":"2021-03-17T12:45:54","guid":{"rendered":"http:\/\/blogsaverroes.juntadeandalucia.es\/pre\/nuevoceipv2\/?p=128"},"modified":"2025-03-24T20:05:33","modified_gmt":"2025-03-24T19:05:33","slug":"conoces-nuestra-comunidad-educativa","status":"publish","type":"post","link":"https:\/\/blogsaverroes.juntadeandalucia.es\/miguelh\/conoces-nuestra-comunidad-educativa\/","title":{"rendered":"\u00bfConoces nuestra Comunidad Educativa?"},"content":{"rendered":"<p><img loading=\"lazy\" decoding=\"async\" class=\"size-medium wp-image-1078 aligncenter\" src=\"https:\/\/blogsaverroes.juntadeandalucia.es\/miguelh\/files\/2021\/03\/miguelhernandez_logo_fondoblanco-300x295.png\" alt=\"\" width=\"300\" height=\"295\"><\/p>\n<p><strong>Curso 24\/25:<\/strong><\/p>\n<p>\u00a1Bienvenidos y bienvenidas a este nuevo curso escolar! Esperamos y os deseamos lo mejor para este a\u00f1o que comienza: ser\u00e1 un a\u00f1o de aventuras, donde aprender\u00e9is nuevos proyectos, conocer\u00e9is a nuevos maestros y maestras que van a intentar dar lo mejor de cada uno,&#8230; \u00a1Pon de tu parte que nosotros y nosotras vamos a estar apoy\u00e1ndote!<\/p>\n<p><img loading=\"lazy\" decoding=\"async\" class=\"size-large wp-image-1118 aligncenter\" src=\"https:\/\/blogsaverroes.juntadeandalucia.es\/miguelh\/files\/2021\/03\/Imagen-inic24-25-1024x575.jpeg\" alt=\"\" width=\"1024\" height=\"575\" srcset=\"https:\/\/blogsaverroes.juntadeandalucia.es\/miguelh\/files\/2021\/03\/Imagen-inic24-25-980x551.jpeg 980w, https:\/\/blogsaverroes.juntadeandalucia.es\/miguelh\/files\/2021\/03\/Imagen-inic24-25-480x270.jpeg 480w\" sizes=\"(min-width: 0px) and (max-width: 480px) 480px, (min-width: 481px) and (max-width: 980px) 980px, (min-width: 981px) 1024px, 100vw\" \/><\/p>\n<p>Te presentamos al nuevo profesorado:<\/p>\n<p>Infanti va estar formado por la se\u00f1o Inma, Violeta y Marta. Su coordinadora ser\u00e1 la se\u00f1o Ana (secretaria del centro).<\/p>\n<p>Aulas espec\u00edficas: Aula TEA estar\u00e1 la se\u00f1o Cristina acompa\u00f1ada de Inma Ptis y en el Aula espec\u00edfica la tutora ser\u00e1 la se\u00f1o Juani y la Ptis, Alicia.<\/p>\n<p>Primaria: 1\u00batutor el profe Antonio; de 2\u00ba; el profe Javi (coordinador de 1er ciclo); en 3\u00ba, la se\u00f1o Concha (adem\u00e1s dar\u00e1 M\u00fasica y ser\u00e1 la coordinadora de este ciclo); en 4\u00ba, la se\u00f1o Isabel; en 5\u00ba, la se\u00f1o Carmen , especialista de Ingl\u00e9s&nbsp; (coordinadora del 3er ciclo)y en 6\u00ba, la se\u00f1o Laura. La se\u00f1o Nana, dar\u00e1 Religi\u00f3n,&nbsp; Marina es la Jefa de estudios, profe de Primaria y la se\u00f1o Maribel es la directora, especialista en EF. Inma, ser\u00e1 la Ptis para infantil y primaria. Posteriormente se ha unido a este maravilloso equipo \u00c1ngela, trabajadora social perteneciente a Caixa.<\/p>\n<p>Equipo de Orientaci\u00f3n, adem\u00e1s de las Aulas espec\u00edficas cuenta con el profe Jes\u00fas de AL,Azahara y Roc\u00edo (de Lengua de signos). Como PT est\u00e1n la se\u00f1o Gemma, que se jubilar\u00e1 en breve, por ella ha llegado la se\u00f1o Inma, junto con la se\u00f1o Mar\u00eda (PT de PROA+) y la se\u00f1o Lourdes PT de EOE. Nuestra orientadora es Carmen.<\/p>\n<p>\u00a1Bienvenidos y bienvenidas!; te deseamos lo mejor para este curso 2024-2025. \u00a1A por \u00e9l!<\/p>\n<p>&nbsp;<\/p>\n<p><strong>Curso 23\/24:<\/strong><\/p>\n<p><img loading=\"lazy\" decoding=\"async\" class=\"wp-image-1079 aligncenter\" src=\"https:\/\/blogsaverroes.juntadeandalucia.es\/miguelh\/files\/2021\/03\/IMG-20230901-WA0004-300x225.jpg\" alt=\"\" width=\"515\" height=\"386\"><\/p>\n<p>Este a\u00f1o nuestro equipo directivo ha cambiado tras la jubilaci\u00f3n de nuestra directora anterior Do\u00f1a Francisca Gim\u00e9nez. Como cada a\u00f1o, recibimos nuevo profesorado que se adapta e intenta desarrollar lo mejor en nuestro alumnado. \u00a1Bienvenidos a la Comunidad educativa del CEIP Miguel Hern\u00e1ndez!<\/p>\n<p>Nuestro profesorado es el siguiente:<br \/>\nEquipo Directivo: Maribel Becerra, la Directora (EF); Marina Camacho, la Jefa de estudios y Ana Ruiz, como Secretaria.<br \/>\nConjuntamente con ellas y para nuestro centro, trabajan: Marcos, nuestro Conserje y M\u00aa Victoria, personal de Administraci\u00f3n.<br \/>\nComo profesorado y tutores del centro tenemos:<br \/>\nInfantil de 3 a\u00f1os: Violeta Ortega. Infantil de 4 a\u00f1os: Paloma Porras e Infantil de 5 a\u00f1os: M\u00f3nica Guevara.<br \/>\nProfesora de Refuerzo para Infantil y Primaria: Ana Ruiz.<br \/>\nPrimero: Fco. Javier Gim\u00e9nez. Segundo: Judit Ruiz<br \/>\nTercero: Elena Silva. Cuarto: Candela P\u00e9rez.Fr\u00edas<br \/>\nQuinto: Lourdes Haro. Sexto: Antonio J. Cascales.<\/p>\n<p>Religi\u00f3n: Nana Acevedo y To\u00f1i Guerrero.<\/p>\n<p>M\u00fasica: Carmen Ariza (CAR)&nbsp; y EF: Maribel Becerra.<\/p>\n<p>Aulas espec\u00edficas: Mixta: Marian Rico y TEA: Cristina Rivero<br \/>\nMonitoras educativas y Ptis: Carmen T\u00e9llez, Carmen L\u00f3pez y Alicia Garc\u00eda e Inmaculada Jim\u00e9nez.<br \/>\nAdem\u00e1s contamos con PT y ALs: Gema Gonz\u00e1lez e Inmaculada, M\u00aa Victoria Jim\u00e9nez, Antonio J. Sevilla y Roc\u00edo Villatoro<\/p>\n<p style=\"text-align: left\"><strong>&nbsp;Curso 22\/23:<\/strong><\/p>\n<p style=\"text-align: left\">Nuestro profesorado es el siguiente:<br \/>\nEquipo Directivo: Francisca Gim\u00e9nez, la Directora; Marina Camacho, la Jefa de estudios y Ana Ruiz, como Secretaria.<br \/>\nConjuntamente con ellas y para nuestro centro, trabajan: Marcos, nuestro Conserje y M\u00aa Victoria, personal de Administraci\u00f3n.<br \/>\nComo profesorado y tutores del centro tenemos:<br \/>\nInfantil de 3 a\u00f1os: Sandra Galacho. Infantil de 4 a\u00f1os: M\u00f3nica Guevara e Infantil de 5 a\u00f1os: Paloma Porras.<br \/>\nProfesora de Refuerzo para Infantil y Primaria: Ana Ruiz.<br \/>\nPrimero: Nieves Garc\u00eda. Segundo: Silvia V.Carrasco<br \/>\nTercero: Laura Corrales. Cuarto: Lourdes Haro.<br \/>\nQuinto:Mercedes Jim\u00e9nez. Sexto: Candela P\u00e9rez-Fr\u00edas<\/p>\n<p style=\"text-align: left\">Adem\u00e1s hay dos profes de Religi\u00f3n: Nana Acevedo y To\u00f1i; una profesora de M\u00fasica: Paqui Gim\u00e9nez y de EF: Maribel Becerra<\/p>\n<p style=\"text-align: left\">Aulas espec\u00edficas: Mixta: Marian Rico y TEA: Cristina Rivero<br \/>\nMonitora educativa y Ptis: Carmen T\u00e9llez, Carmen, Alicia y \u00c1frica Guti\u00e9rrez.<br \/>\nAdem\u00e1s contamos con PT y ALs: Gema Gonz\u00e1lez, Ana Vera, Aurora L\u00f3pez y Carmen.<\/p>\n<p><img loading=\"lazy\" decoding=\"async\" class=\"aligncenter wp-image-991 size-medium\" src=\"https:\/\/blogsaverroes.juntadeandalucia.es\/miguelh\/files\/2021\/03\/WhatsApp-Image-2023-02-28-at-21.35.09-300x204.jpeg\" alt=\"Imagen de principio de curso\" width=\"300\" height=\"204\"><\/p>\n<p style=\"text-align: left\">Contamos actualmente con 108 alumnos repartidos por los diferentes grupos que hemos se\u00f1alado.<br \/>\nEn nuestro colegio est\u00e1 el AMPA con poquitos cursos a sus espaldas, pero trabajando con mucha ilusi\u00f3n y esfuerzo por nuestro centro.<\/p>\n","protected":false},"excerpt":{"rendered":"<p>Curso 24\/25: \u00a1Bienvenidos y bienvenidas a este nuevo curso escolar! Esperamos y os deseamos lo mejor para este a\u00f1o que comienza: ser\u00e1 un a\u00f1o de aventuras, donde aprender\u00e9is nuevos proyectos, conocer\u00e9is a nuevos maestros y maestras que van a intentar dar lo mejor de cada uno,&#8230; \u00a1Pon de tu parte que nosotros y nosotras vamos [&hellip;]<\/p>\n","protected":false},"author":12557,"featured_media":0,"comment_status":"open","ping_status":"open","sticky":false,"template":"","format":"standard","meta":{"_et_pb_use_builder":"off","_et_pb_old_content":"","_et_gb_content_width":"","ngg_post_thumbnail":0,"footnotes":""},"categories":[4,5],"tags":[],"aioseo_notices":[],"_links":{"self":[{"href":"https:\/\/blogsaverroes.juntadeandalucia.es\/miguelh\/wp-json\/wp\/v2\/posts\/363"}],"collection":[{"href":"https:\/\/blogsaverroes.juntadeandalucia.es\/miguelh\/wp-json\/wp\/v2\/posts"}],"about":[{"href":"https:\/\/blogsaverroes.juntadeandalucia.es\/miguelh\/wp-json\/wp\/v2\/types\/post"}],"author":[{"embeddable":true,"href":"https:\/\/blogsaverroes.juntadeandalucia.es\/miguelh\/wp-json\/wp\/v2\/users\/12557"}],"replies":[{"embeddable":true,"href":"https:\/\/blogsaverroes.juntadeandalucia.es\/miguelh\/wp-json\/wp\/v2\/comments?post=363"}],"version-history":[{"count":16,"href":"https:\/\/blogsaverroes.juntadeandalucia.es\/miguelh\/wp-json\/wp\/v2\/posts\/363\/revisions"}],"predecessor-version":[{"id":1119,"href":"https:\/\/blogsaverroes.juntadeandalucia.es\/miguelh\/wp-json\/wp\/v2\/posts\/363\/revisions\/1119"}],"wp:attachment":[{"href":"https:\/\/blogsaverroes.juntadeandalucia.es\/miguelh\/wp-json\/wp\/v2\/media?parent=363"}],"wp:term":[{"taxonomy":"category","embeddable":true,"href":"https:\/\/blogsaverroes.juntadeandalucia.es\/miguelh\/wp-json\/wp\/v2\/categories?post=363"},{"taxonomy":"post_tag","embeddable":true,"href":"https:\/\/blogsaverroes.juntadeandalucia.es\/miguelh\/wp-json\/wp\/v2\/tags?post=363"}],"curies":[{"name":"wp","href":"https:\/\/api.w.org\/{rel}","templated":true}]}}