{"id":368,"date":"2021-03-09T16:28:08","date_gmt":"2021-03-09T15:28:08","guid":{"rendered":"http:\/\/blogsaverroes.juntadeandalucia.es\/pre\/nuevoceipv2\/?p=340"},"modified":"2022-03-07T20:43:54","modified_gmt":"2022-03-07T19:43:54","slug":"dia-de-andalucia","status":"publish","type":"post","link":"https:\/\/blogsaverroes.juntadeandalucia.es\/miguelh\/dia-de-andalucia\/","title":{"rendered":"Celebraci\u00f3n del d\u00eda de Andaluc\u00eda"},"content":{"rendered":"<p><span style=\"font-family: tahoma, arial, helvetica, sans-serif;font-size: 12pt\">Este a\u00f1o la celebraci\u00f3n del D\u00eda de Andaluc\u00eda ha sido diferente, por razones obvias; sin embargo, desde el cole quer\u00edamos que fuese especial, as\u00ed que entre todos decidimos aunar trabajo, ilusi\u00f3n y muchas ganas para intentar disfrutarlo.<\/span><\/p>\n<p><span style=\"font-family: tahoma, arial, helvetica, sans-serif;font-size: 12pt\">Cada uno en su especialidad ha ido trabaj\u00e1ndolo y al final, nos qued\u00f3 este precioso v\u00eddeo:&nbsp;<a href=\"https:\/\/www.youtube.com\/watch?v=fE2fM4AAdPA\">https:\/\/www.youtube.com\/watch?v=fE2fM4AAdPA<\/a> La idea era realizar un peque\u00f1o homenaje a aquellas personas que durante estos meses tan complicados han estado ah\u00ed ayud\u00e1ndonos y aportando su trabajo. Merecen un reconocimiento especial y decidimos que era el momento de d\u00e1rselo, adem\u00e1s quer\u00edamos tener un recuerdo muy entra\u00f1able para los abuelos, \u00bfqu\u00e9 seria de nuestro alumnado sin ellos? Son una figura determinante en la salud f\u00edsica y emocional de nuestros ni\u00f1os, as\u00ed que ten\u00edan que estar. Este v\u00eddeo ha sido muy especial porque es un compendio de ilusi\u00f3n, de trabajo, de esfuerzo, de ensayos, de risas, etc. Y por \u00faltimo, el broche final se lo dio <strong>Juan G\u00f3mez &#8220;El Kanka&#8221;<\/strong>: le pedimos permiso para utilizar su canci\u00f3n de &#8220;Andaluc\u00eda&#8221; y le contamos nuestro objetivo. Fue generos\u00edsimo y nos lo dio. No tenemos suficientes palabras de agradecimiento.<\/span><\/p>\n<p><span style=\"font-family: tahoma, arial, helvetica, sans-serif;font-size: 12pt\">Os dejamos adem\u00e1s otras actividades que se esbozan en el primer v\u00eddeo para que pod\u00e1is verla de forma m\u00e1s detallada:&nbsp;<\/span><\/p>\n<ul>\n<li><span style=\"font-family: tahoma, arial, helvetica, sans-serif;font-size: 12pt\">V\u00eddeo sobre <strong>el himno<\/strong>: El profe Rafi y las se\u00f1os Ana y Nana han estado ensayando para que nos saliera a todos tan bien.&nbsp;<a href=\"https:\/\/www.youtube.com\/watch?v=2kamNKToNRo\">https:\/\/www.youtube.com\/watch?v=2kamNKToNRo<\/a><\/span><\/li>\n<li><span style=\"font-family: tahoma, arial, helvetica, sans-serif;font-size: 12pt\">V\u00eddeo<strong>&#8221; Querida Andaluc\u00eda&#8221;<\/strong>: Nuestra se\u00f1o Silvia, ley\u00f3 e interpret\u00f3 un texto escrito por ella misma sobre nuestra tierra. Vedlo, es maravilloso.&nbsp;<a href=\"https:\/\/www.youtube.com\/watch?v=016GGkESQAI\">https:\/\/www.youtube.com\/watch?v=016GGkESQAI<\/a><\/span><\/li>\n<li><span style=\"font-family: tahoma, arial, helvetica, sans-serif;font-size: 12pt\">V\u00eddeo sobre el <strong>Primer Certamen&nbsp;de Poes\u00eda de autores andaluces<\/strong>, realizado desde la Biblioteca. Han sido muchos y excelentes todas las obras presentadas; al final \u00e9stos han sido los ganadores: <a href=\"https:\/\/www.youtube.com\/watch?v=u8KM5oBihcc\">https:\/\/www.youtube.com\/watch?v=u8KM5oBihcc<\/a><\/span><\/li>\n<li><span style=\"font-family: tahoma, arial, helvetica, sans-serif;font-size: 12pt\">V\u00eddeo sobre los <strong>Juegos de nuestros abuelos<\/strong>: en EF solemos invitar a nuestros abuelos a que nos cuenten y jueguen con nosotros durante una jornada a aquellos juegos con los que ellos se divert\u00edan cuando eran peque\u00f1os. Queremos agradecerles el esfuerzo de este a\u00f1o, ya que al no haber sido presencial, nos han enviado fotos, v\u00eddeos, llamadas,&#8230; \u00a1Gracias de todo coraz\u00f3n!<\/span><\/li>\n<\/ul>\n<p>&nbsp;<\/p>\n","protected":false},"excerpt":{"rendered":"<p>Este a\u00f1o la celebraci\u00f3n del D\u00eda de Andaluc\u00eda ha sido diferente, por razones obvias; sin embargo, desde el cole quer\u00edamos que fuese especial, as\u00ed que entre todos decidimos aunar trabajo, ilusi\u00f3n y muchas ganas para intentar disfrutarlo. Cada uno en su especialidad ha ido trabaj\u00e1ndolo y al final, nos qued\u00f3 este precioso v\u00eddeo:&nbsp;https:\/\/www.youtube.com\/watch?v=fE2fM4AAdPA La idea [&hellip;]<\/p>\n","protected":false},"author":12561,"featured_media":518,"comment_status":"open","ping_status":"open","sticky":false,"template":"","format":"standard","meta":{"_et_pb_use_builder":"","_et_pb_old_content":"","_et_gb_content_width":"","ngg_post_thumbnail":0,"footnotes":""},"categories":[6,5],"tags":[],"aioseo_notices":[],"_links":{"self":[{"href":"https:\/\/blogsaverroes.juntadeandalucia.es\/miguelh\/wp-json\/wp\/v2\/posts\/368"}],"collection":[{"href":"https:\/\/blogsaverroes.juntadeandalucia.es\/miguelh\/wp-json\/wp\/v2\/posts"}],"about":[{"href":"https:\/\/blogsaverroes.juntadeandalucia.es\/miguelh\/wp-json\/wp\/v2\/types\/post"}],"author":[{"embeddable":true,"href":"https:\/\/blogsaverroes.juntadeandalucia.es\/miguelh\/wp-json\/wp\/v2\/users\/12561"}],"replies":[{"embeddable":true,"href":"https:\/\/blogsaverroes.juntadeandalucia.es\/miguelh\/wp-json\/wp\/v2\/comments?post=368"}],"version-history":[{"count":4,"href":"https:\/\/blogsaverroes.juntadeandalucia.es\/miguelh\/wp-json\/wp\/v2\/posts\/368\/revisions"}],"predecessor-version":[{"id":771,"href":"https:\/\/blogsaverroes.juntadeandalucia.es\/miguelh\/wp-json\/wp\/v2\/posts\/368\/revisions\/771"}],"wp:featuredmedia":[{"embeddable":true,"href":"https:\/\/blogsaverroes.juntadeandalucia.es\/miguelh\/wp-json\/wp\/v2\/media\/518"}],"wp:attachment":[{"href":"https:\/\/blogsaverroes.juntadeandalucia.es\/miguelh\/wp-json\/wp\/v2\/media?parent=368"}],"wp:term":[{"taxonomy":"category","embeddable":true,"href":"https:\/\/blogsaverroes.juntadeandalucia.es\/miguelh\/wp-json\/wp\/v2\/categories?post=368"},{"taxonomy":"post_tag","embeddable":true,"href":"https:\/\/blogsaverroes.juntadeandalucia.es\/miguelh\/wp-json\/wp\/v2\/tags?post=368"}],"curies":[{"name":"wp","href":"https:\/\/api.w.org\/{rel}","templated":true}]}}