{"id":843,"date":"2023-05-27T18:48:05","date_gmt":"2023-05-27T16:48:05","guid":{"rendered":"https:\/\/blogsaverroes.juntadeandalucia.es\/miguelh\/?p=843"},"modified":"2025-03-24T17:33:49","modified_gmt":"2025-03-24T16:33:49","slug":"matriculacion","status":"publish","type":"post","link":"https:\/\/blogsaverroes.juntadeandalucia.es\/miguelh\/matriculacion\/","title":{"rendered":"Matriculaci\u00f3n curso escolar"},"content":{"rendered":"<p>El pr\u00f3ximo junio comienza el periodo de Matriculaci\u00f3n. En esta entrada dejamos los enlaces y documentos a rellenar. Lean previamente el comunicado de Matriculaci\u00f3n que se ha enviado por I-Pasen, para saber qu\u00e9 documentaci\u00f3n necesitan presentar; posteriormente, abra y descargue pulsando donde se indica, los archivos necesarios. Si tiene alguna duda, recuerde que en el comunicado aparece el tel\u00e9fono y el correo de nuestro centro y que durante este curso el servicio de Secretar\u00eda para ayudarles a realizar la matriculaci\u00f3n on line, desde el centro ser\u00e1 desde la 9:15h hasta las 11:45h. \u00a1No lo dejen para el \u00faltimo d\u00eda!<\/p>\n<p>COMUNICADO MATRICULACI\u00d3N: Este a\u00f1o desde la Consejer\u00eda nos animan a realizar la matriculaci\u00f3n on line. En nuestras redes sociales hay un v\u00eddeo sobre c\u00f3mo efectuarla: os dejamos el mismo <a title=\"v\u00eddeo\" href=\"https:\/\/youtu.be\/VCcL3E5x7lk\" target=\"_blank\" rel=\"noopener noreferrer\">v\u00eddeo<\/a> del maestro Mallo.<\/p>\n<p><a title=\"Direcci\u00f3n de Solicitudes y dudas\" href=\"https:\/\/www.juntadeandalucia.es\/educacion\/secretariavirtual\/solicitudes\/\" target=\"_blank\" rel=\"noopener noreferrer\">Direcci\u00f3n de <\/a><a title=\"Secretar\u00eda virtual\" href=\"https:\/\/www.juntadeandalucia.es\/educacion\/secretariavirtual\/\" target=\"_blank\" rel=\"noopener noreferrer\">Secretar\u00eda virtual<\/a><a title=\"Direcci\u00f3n de Solicitudes y dudas\" href=\"https:\/\/www.juntadeandalucia.es\/educacion\/secretariavirtual\/solicitudes\/\" target=\"_blank\" rel=\"noopener noreferrer\"> y dudas&nbsp;<\/a><\/p>\n<p>Una vez que acced\u00e1is necesitar\u00e9is rellenar uno de estos tres documentos, junto con el anexo de Religi\u00f3n:<br \/>\n<a title=\"Documentaci\u00f3n 2\u00ba ciclo de Infantil\" href=\"https:\/\/www.juntadeandalucia.es\/educacion\/portals\/delegate\/content\/d26442b2-4b4a-433a-9c1e-e1790a29f781\/ANEXO%20IV\" target=\"_blank\" rel=\"noopener noreferrer\">&#8211; Documentaci\u00f3n 2\u00ba ciclo de Infantil<\/a><br \/>\n<a title=\"Documentaci\u00f3n Matr\u00edcula de Primaria\" href=\"https:\/\/www.juntadeandalucia.es\/educacion\/portals\/delegate\/content\/55fad88e-7bb3-40e3-bbe4-198107487345\/ANEXO%20V\" target=\"_blank\" rel=\"noopener noreferrer\">&#8211; Documentaci\u00f3n Matr\u00edcula de Primaria<\/a><br \/>\n<a title=\"Documentaci\u00f3n Matr\u00edcula Aulas espec\u00edficas\" href=\"https:\/\/www.juntadeandalucia.es\/educacion\/portals\/delegate\/content\/84909c76-f6af-4eaa-8a6a-7345b62b1645\/ANEXO%20VI\" target=\"_blank\" rel=\"noopener noreferrer\">&#8211; Documentaci\u00f3n Matr\u00edcula Aulas espec\u00edficas<\/a><br \/>\n<a title=\"Anexo de Religi\u00f3n\" href=\"https:\/\/www.juntadeandalucia.es\/educacion\/portals\/delegate\/content\/d26442b2-4b4a-433a-9c1e-e1790a29f781\/ANEXO%20IV\" target=\"_blank\" rel=\"noopener noreferrer\">Anexo de Religi\u00f3n<\/a><\/p>\n<p>Si necesit\u00e1is los servicios complementarios: aula matinal, comedor y\/o extraescolar, deb\u00e9is rellenar el documento a tal efecto y anexar la documentaci\u00f3n que os solicitan: vida laboral y justificaci\u00f3n de la empresa.<\/p>\n<p>Este a\u00f1o adem\u00e1s hay un Cuestionario sobre Fondos europeos (de obligada cumplimentaci\u00f3n).<\/p>\n<p><strong>Posteriormente en SEPTIEMBRE, si hab\u00e9is sido admitidos en los servicios complementarios deber\u00e9is rellenar la Solicitud de Bonificaci\u00f3n de Servicios Complementarios<\/strong>.<\/p>\n<p>Os dejamos adem\u00e1s otros datos que pueden resultar de inter\u00e9s para el centro.<\/p>\n<p><a title=\"Actualizaci\u00f3n datos\" href=\"\/\/\/home\/usuario\/Descargas\/Ficha%20datos%20del%20alumno.docx\" target=\"_blank\" rel=\"noopener noreferrer\">Datos de los alumnos<\/a><\/p>\n<p>&nbsp;<\/p>\n","protected":false},"excerpt":{"rendered":"<p>El pr\u00f3ximo junio comienza el periodo de Matriculaci\u00f3n. En esta entrada dejamos los enlaces y documentos a rellenar. Lean previamente el comunicado de Matriculaci\u00f3n que se ha enviado por I-Pasen, para saber qu\u00e9 documentaci\u00f3n necesitan presentar; posteriormente, abra y descargue pulsando donde se indica, los archivos necesarios. Si tiene alguna duda, recuerde que en el [&hellip;]<\/p>\n","protected":false},"author":12557,"featured_media":0,"comment_status":"closed","ping_status":"open","sticky":false,"template":"","format":"standard","meta":{"_et_pb_use_builder":"","_et_pb_old_content":"","_et_gb_content_width":"","ngg_post_thumbnail":0,"footnotes":""},"categories":[7,5],"tags":[],"aioseo_notices":[],"_links":{"self":[{"href":"https:\/\/blogsaverroes.juntadeandalucia.es\/miguelh\/wp-json\/wp\/v2\/posts\/843"}],"collection":[{"href":"https:\/\/blogsaverroes.juntadeandalucia.es\/miguelh\/wp-json\/wp\/v2\/posts"}],"about":[{"href":"https:\/\/blogsaverroes.juntadeandalucia.es\/miguelh\/wp-json\/wp\/v2\/types\/post"}],"author":[{"embeddable":true,"href":"https:\/\/blogsaverroes.juntadeandalucia.es\/miguelh\/wp-json\/wp\/v2\/users\/12557"}],"replies":[{"embeddable":true,"href":"https:\/\/blogsaverroes.juntadeandalucia.es\/miguelh\/wp-json\/wp\/v2\/comments?post=843"}],"version-history":[{"count":10,"href":"https:\/\/blogsaverroes.juntadeandalucia.es\/miguelh\/wp-json\/wp\/v2\/posts\/843\/revisions"}],"predecessor-version":[{"id":1112,"href":"https:\/\/blogsaverroes.juntadeandalucia.es\/miguelh\/wp-json\/wp\/v2\/posts\/843\/revisions\/1112"}],"wp:attachment":[{"href":"https:\/\/blogsaverroes.juntadeandalucia.es\/miguelh\/wp-json\/wp\/v2\/media?parent=843"}],"wp:term":[{"taxonomy":"category","embeddable":true,"href":"https:\/\/blogsaverroes.juntadeandalucia.es\/miguelh\/wp-json\/wp\/v2\/categories?post=843"},{"taxonomy":"post_tag","embeddable":true,"href":"https:\/\/blogsaverroes.juntadeandalucia.es\/miguelh\/wp-json\/wp\/v2\/tags?post=843"}],"curies":[{"name":"wp","href":"https:\/\/api.w.org\/{rel}","templated":true}]}}