{"id":14261,"date":"2018-11-25T09:57:31","date_gmt":"2018-11-25T08:57:31","guid":{"rendered":"https:\/\/blogsaverroes.juntadeandalucia.es\/molinilloviejo\/?p=14261"},"modified":"2018-11-25T10:16:55","modified_gmt":"2018-11-25T09:16:55","slug":"viaje-excursion-a-cordoba","status":"publish","type":"post","link":"https:\/\/blogsaverroes.juntadeandalucia.es\/molinilloviejo\/2018\/11\/25\/viaje-excursion-a-cordoba\/","title":{"rendered":"Viaje-excursi\u00f3n a C\u00f3rdoba"},"content":{"rendered":"<p>Ayer s\u00e1bado, un grupo de 56 personas, entre alumnos, alumnas, maestros y acompa\u00f1antes, pusieron rumbo a C\u00f3rdoba capital, en un viaje-excursi\u00f3n con el objetivo de conocer su magn\u00edfico patrimonio hist\u00f3rico, art\u00edstico y cultural. As\u00ed, nuestra secci\u00f3n se desplaz\u00f3 a la ciudad califal para visitar dos de sus monumentos m\u00e1s reconocidos mundialmente: el palacio de Medina Azahara y la Mezquita catedral.<\/p>\n<p>La ma\u00f1ana fue el momento para conocer, en las afueras de C\u00f3rdoba, el grandioso palacio de Medina Azahara.De la mano de nuestro gu\u00eda Rafael, pudimos contemplar este excelso yacimiento arqueol\u00f3gico y empaparnos de sus historias palaciegas.<\/p>\n<p>Despu\u00e9s de ver un documental hist\u00f3rico de este monumento, nos dirigimos a C\u00f3rdoba para degustar su rica gastronom\u00eda. En el bar Luna saboreamos platos como el salmorejo, el perol cordob\u00e9s, ensaladas y lomo con patatas.<\/p>\n<p>La tarde fue para la Mezquita, donde nos impresion\u00f3 la luz tenue de su interior y la infinidad de su \u00abarboleda\u00bb de columnas con sus arcos dobles de herradura. Una lecci\u00f3n de arte magistral, nos dio nuestro genial gu\u00eda cont\u00e1ndonos los entresijos de su construcci\u00f3n y devenir hist\u00f3rico.<\/p>\n<p>Por \u00faltimo, estuvimos paseando por el casco antiguo y juder\u00eda, para despu\u00e9s merendar el famoso pastel cordob\u00e9s. A las 7 de la tarde termin\u00f3 esta intesant\u00edsima aventura y convivencia cordobesa, que organiz\u00f3 eficazmente nuestra Asociaci\u00f3n de Alumnas\/os \u00abNunca es tarde\u00bb.<\/p>\nngg_shortcode_0_placeholder\n","protected":false},"excerpt":{"rendered":"<p>Ayer s\u00e1bado, un grupo de 56 personas, entre alumnos, alumnas, maestros y acompa\u00f1antes, pusieron rumbo a C\u00f3rdoba capital, en un viaje-excursi\u00f3n con el objetivo de conocer su magn\u00edfico patrimonio hist\u00f3rico, art\u00edstico y cultural. As\u00ed,&#46;&#46;&#46;<\/p>\n","protected":false},"author":2172,"featured_media":14934,"comment_status":"open","ping_status":"open","sticky":false,"template":"","format":"standard","meta":{"ngg_post_thumbnail":0,"footnotes":""},"categories":[5991,345316,3987,307424,423122],"tags":[1061298,320920,8973,38713,1061300,648,6323],"aioseo_notices":[],"_links":{"self":[{"href":"https:\/\/blogsaverroes.juntadeandalucia.es\/molinilloviejo\/wp-json\/wp\/v2\/posts\/14261"}],"collection":[{"href":"https:\/\/blogsaverroes.juntadeandalucia.es\/molinilloviejo\/wp-json\/wp\/v2\/posts"}],"about":[{"href":"https:\/\/blogsaverroes.juntadeandalucia.es\/molinilloviejo\/wp-json\/wp\/v2\/types\/post"}],"author":[{"embeddable":true,"href":"https:\/\/blogsaverroes.juntadeandalucia.es\/molinilloviejo\/wp-json\/wp\/v2\/users\/2172"}],"replies":[{"embeddable":true,"href":"https:\/\/blogsaverroes.juntadeandalucia.es\/molinilloviejo\/wp-json\/wp\/v2\/comments?post=14261"}],"version-history":[{"count":4,"href":"https:\/\/blogsaverroes.juntadeandalucia.es\/molinilloviejo\/wp-json\/wp\/v2\/posts\/14261\/revisions"}],"predecessor-version":[{"id":14936,"href":"https:\/\/blogsaverroes.juntadeandalucia.es\/molinilloviejo\/wp-json\/wp\/v2\/posts\/14261\/revisions\/14936"}],"wp:featuredmedia":[{"embeddable":true,"href":"https:\/\/blogsaverroes.juntadeandalucia.es\/molinilloviejo\/wp-json\/wp\/v2\/media\/14934"}],"wp:attachment":[{"href":"https:\/\/blogsaverroes.juntadeandalucia.es\/molinilloviejo\/wp-json\/wp\/v2\/media?parent=14261"}],"wp:term":[{"taxonomy":"category","embeddable":true,"href":"https:\/\/blogsaverroes.juntadeandalucia.es\/molinilloviejo\/wp-json\/wp\/v2\/categories?post=14261"},{"taxonomy":"post_tag","embeddable":true,"href":"https:\/\/blogsaverroes.juntadeandalucia.es\/molinilloviejo\/wp-json\/wp\/v2\/tags?post=14261"}],"curies":[{"name":"wp","href":"https:\/\/api.w.org\/{rel}","templated":true}]}}