{"id":20952,"date":"2022-03-06T00:30:03","date_gmt":"2022-03-05T23:30:03","guid":{"rendered":"https:\/\/blogsaverroes.juntadeandalucia.es\/molinilloviejo\/?p=20952"},"modified":"2022-03-06T00:44:03","modified_gmt":"2022-03-05T23:44:03","slug":"comenzamos","status":"publish","type":"post","link":"https:\/\/blogsaverroes.juntadeandalucia.es\/molinilloviejo\/2022\/03\/06\/comenzamos\/","title":{"rendered":"\u00a1COMENZAMOS!"},"content":{"rendered":"<p style=\"text-align: justify\"><span style=\"font-size: 18pt;font-family: 'book antiqua', palatino, serif\">En la ma\u00f1ana del d\u00eda <strong>3 de marzo<\/strong>, nuestro <strong>equipo de voluntarios<\/strong> del <\/span><strong style=\"font-style: normal;font-family: 'book antiqua', palatino, serif;font-size: 24px\">SEPer \u00abMolinillo Viejo\u00bb<\/strong><span style=\"font-style: normal;font-weight: 400;font-family: 'book antiqua', palatino, serif;font-size: 24px\">&nbsp;<\/span><span style=\"font-size: 18pt;font-family: 'book antiqua', palatino, serif\">&nbsp;tocab<\/span><span style=\"font-family: 'book antiqua', palatino, serif;font-size: 18pt\">a por primera vez las puerta de los centros educativos <strong>C.E.I.P Juan Carlos I y C.D.P.C Santa Teresa<\/strong>, con la <strong>ilusi\u00f3n<\/strong> de llevarle a los ni\u00f1os y ni\u00f1as de las etapas de Educaci\u00f3n Infantil y Primaria la invitaci\u00f3n a <strong><span style=\"color: #ff9900\">\u00abLa<\/span> <span style=\"color: #ff0000\">casa<\/span> <span style=\"color: #008000\">de<\/span> <span style=\"color: #800000\">los<\/span> <span style=\"color: #0000ff\">valores\u00bb.<\/span><\/strong><\/span><\/p>\n<p style=\"text-align: justify\"><span style=\"font-size: 18pt;font-family: 'book antiqua', palatino, serif\"><strong>Os presentamos a Maruja, Trini, Manoli<\/strong> y <strong>Manuel, una familia muy entra\u00f1able y divertida <\/strong>que se enfrentaba una <strong>importante misi\u00f3n<\/strong>, generar en los m\u00e1s peque\u00f1os el deseo de entrar y formar parte de este hogar.<\/span><\/p>\n<p><a href=\"https:\/\/blogsaverroes.juntadeandalucia.es\/molinilloviejo\/files\/2022\/03\/WhatsApp-Image-2022-03-05-at-20.03.19.jpeg\"><img loading=\"lazy\" decoding=\"async\" class=\"aligncenter size-full wp-image-20954\" src=\"https:\/\/blogsaverroes.juntadeandalucia.es\/molinilloviejo\/files\/2022\/03\/WhatsApp-Image-2022-03-05-at-20.03.19.jpeg\" alt=\"\" width=\"1600\" height=\"1200\" srcset=\"https:\/\/blogsaverroes.juntadeandalucia.es\/molinilloviejo\/files\/2022\/03\/WhatsApp-Image-2022-03-05-at-20.03.19.jpeg 1600w, https:\/\/blogsaverroes.juntadeandalucia.es\/molinilloviejo\/files\/2022\/03\/WhatsApp-Image-2022-03-05-at-20.03.19-300x225.jpeg 300w, https:\/\/blogsaverroes.juntadeandalucia.es\/molinilloviejo\/files\/2022\/03\/WhatsApp-Image-2022-03-05-at-20.03.19-1024x768.jpeg 1024w, https:\/\/blogsaverroes.juntadeandalucia.es\/molinilloviejo\/files\/2022\/03\/WhatsApp-Image-2022-03-05-at-20.03.19-768x576.jpeg 768w, https:\/\/blogsaverroes.juntadeandalucia.es\/molinilloviejo\/files\/2022\/03\/WhatsApp-Image-2022-03-05-at-20.03.19-1536x1152.jpeg 1536w, https:\/\/blogsaverroes.juntadeandalucia.es\/molinilloviejo\/files\/2022\/03\/WhatsApp-Image-2022-03-05-at-20.03.19-700x525.jpeg 700w\" sizes=\"(max-width: 1600px) 100vw, 1600px\" \/><\/a><\/p>\n<p style=\"text-align: justify\"><span style=\"font-size: 18pt;font-family: 'book antiqua', palatino, serif\"><strong>\u00bfC\u00f3mo lo conseguir\u00edan? <\/strong>esta peque\u00f1a familia puso en conocimiento de los ni\u00f1os y ni\u00f1as todos los problemas que surg\u00edan dentro de su hogar, tantos eran que llegaban a descuidarla. El m\u00e1s preocupante es que no sab\u00edan ayudarse entre ellos y eso hac\u00eda que la casa quedara triste y descuidada. Estaban muy preocupados, sab\u00edan que sin su ayuda ser\u00eda imposible.&nbsp;<\/span><\/p>\n<div style=\"width: 640px;\" class=\"wp-video\"><!--[if lt IE 9]><script>document.createElement('video');<\/script><![endif]-->\n<video class=\"wp-video-shortcode\" id=\"video-20952-1\" width=\"640\" height=\"352\" preload=\"metadata\" controls=\"controls\"><source type=\"video\/mp4\" src=\"https:\/\/blogsaverroes.juntadeandalucia.es\/molinilloviejo\/files\/2022\/03\/WhatsApp-Video-2022-03-05-at-20.21.16.mp4?_=1\" \/><a href=\"https:\/\/blogsaverroes.juntadeandalucia.es\/molinilloviejo\/files\/2022\/03\/WhatsApp-Video-2022-03-05-at-20.21.16.mp4\">https:\/\/blogsaverroes.juntadeandalucia.es\/molinilloviejo\/files\/2022\/03\/WhatsApp-Video-2022-03-05-at-20.21.16.mp4<\/a><\/video><\/div>\n<p><a href=\"https:\/\/blogsaverroes.juntadeandalucia.es\/molinilloviejo\/files\/2022\/03\/WhatsApp-Image-2022-03-05-at-20.03.20.jpeg\"><img loading=\"lazy\" decoding=\"async\" class=\"aligncenter size-full wp-image-20955\" src=\"https:\/\/blogsaverroes.juntadeandalucia.es\/molinilloviejo\/files\/2022\/03\/WhatsApp-Image-2022-03-05-at-20.03.20.jpeg\" alt=\"\" width=\"1600\" height=\"1200\" srcset=\"https:\/\/blogsaverroes.juntadeandalucia.es\/molinilloviejo\/files\/2022\/03\/WhatsApp-Image-2022-03-05-at-20.03.20.jpeg 1600w, https:\/\/blogsaverroes.juntadeandalucia.es\/molinilloviejo\/files\/2022\/03\/WhatsApp-Image-2022-03-05-at-20.03.20-300x225.jpeg 300w, https:\/\/blogsaverroes.juntadeandalucia.es\/molinilloviejo\/files\/2022\/03\/WhatsApp-Image-2022-03-05-at-20.03.20-1024x768.jpeg 1024w, https:\/\/blogsaverroes.juntadeandalucia.es\/molinilloviejo\/files\/2022\/03\/WhatsApp-Image-2022-03-05-at-20.03.20-768x576.jpeg 768w, https:\/\/blogsaverroes.juntadeandalucia.es\/molinilloviejo\/files\/2022\/03\/WhatsApp-Image-2022-03-05-at-20.03.20-1536x1152.jpeg 1536w, https:\/\/blogsaverroes.juntadeandalucia.es\/molinilloviejo\/files\/2022\/03\/WhatsApp-Image-2022-03-05-at-20.03.20-700x525.jpeg 700w\" sizes=\"(max-width: 1600px) 100vw, 1600px\" \/><\/a><\/p>\n<p style=\"text-align: center\"><span style=\"font-size: 14pt;font-family: 'book antiqua', palatino, serif\"><strong>CEIP JUAN CARLOS I<\/strong><\/span><\/p>\n<p><a href=\"https:\/\/blogsaverroes.juntadeandalucia.es\/molinilloviejo\/files\/2022\/03\/WhatsApp-Image-2022-03-05-at-20.20.51.jpeg\"><img loading=\"lazy\" decoding=\"async\" class=\"aligncenter size-full wp-image-20956\" src=\"https:\/\/blogsaverroes.juntadeandalucia.es\/molinilloviejo\/files\/2022\/03\/WhatsApp-Image-2022-03-05-at-20.20.51.jpeg\" alt=\"\" width=\"1600\" height=\"1200\" srcset=\"https:\/\/blogsaverroes.juntadeandalucia.es\/molinilloviejo\/files\/2022\/03\/WhatsApp-Image-2022-03-05-at-20.20.51.jpeg 1600w, https:\/\/blogsaverroes.juntadeandalucia.es\/molinilloviejo\/files\/2022\/03\/WhatsApp-Image-2022-03-05-at-20.20.51-300x225.jpeg 300w, https:\/\/blogsaverroes.juntadeandalucia.es\/molinilloviejo\/files\/2022\/03\/WhatsApp-Image-2022-03-05-at-20.20.51-1024x768.jpeg 1024w, https:\/\/blogsaverroes.juntadeandalucia.es\/molinilloviejo\/files\/2022\/03\/WhatsApp-Image-2022-03-05-at-20.20.51-768x576.jpeg 768w, https:\/\/blogsaverroes.juntadeandalucia.es\/molinilloviejo\/files\/2022\/03\/WhatsApp-Image-2022-03-05-at-20.20.51-1536x1152.jpeg 1536w, https:\/\/blogsaverroes.juntadeandalucia.es\/molinilloviejo\/files\/2022\/03\/WhatsApp-Image-2022-03-05-at-20.20.51-700x525.jpeg 700w\" sizes=\"(max-width: 1600px) 100vw, 1600px\" \/><\/a><\/p>\n<p style=\"text-align: center\"><strong><span style=\"font-size: 14pt;font-family: 'book antiqua', palatino, serif\">C.D.P.C SANTA TERESA<\/span><\/strong><\/p>\n<p style=\"text-align: justify\"><span style=\"font-family: 'book antiqua', palatino, serif;font-size: 18pt\">Una vez expuesta la situaci\u00f3n, s\u00f3lo les quedaba algo por hacer y era conocer qu\u00e9 hab\u00edan decidido los m\u00e1s peque\u00f1os, <strong>\u00bfQuerr\u00edan ayudarlos?<\/strong>&#8230; con un poquito de nervios, les preguntaron:<\/span><\/p>\n<p style=\"text-align: justify\"><strong><span style=\"font-family: 'book antiqua', palatino, serif;font-size: 18pt\">\u00bfNos ayudar\u00e9is a hacer de nuestra casa un hogar d\u00f3nde poder convivir?<\/span><\/strong><\/p>\n<p style=\"text-align: justify\"><span style=\"font-size: 18pt;font-family: 'book antiqua', palatino, serif\">y la respuesta fue&#8230;.<\/span>&nbsp; &nbsp;<span style=\"font-size: 24pt\"><strong>\u00a1S\u00ed\u00ed\u00ed\u00ed\u00ed\u00ed\u00ed!<\/strong><\/span><\/p>\n<p><span style=\"font-size: 18pt;font-family: 'book antiqua', palatino, serif\">\u00a1Qu\u00e9 felices nos hicieron! Ahora s\u00ed podemos decir&#8230;<\/span><\/p>\n<p style=\"text-align: center\"><span style=\"font-family: 'book antiqua', palatino, serif;font-size: 24pt\"><span style=\"color: #ff00ff\">\u00a1Bienvenidos<\/span>&nbsp;a <span style=\"color: #00ff00\">la<\/span> <span style=\"color: #ff9900\">Casa<\/span> <span style=\"color: #00ffff\">de<\/span> <span style=\"color: #800000\">los<\/span> <span style=\"color: #800080\">Valores!<\/span><\/span><\/p>\n","protected":false},"excerpt":{"rendered":"<p>En la ma\u00f1ana del d\u00eda 3 de marzo, nuestro equipo de voluntarios del SEPer \u00abMolinillo Viejo\u00bb&nbsp;&nbsp;tocaba por primera vez las puerta de los centros educativos C.E.I.P Juan Carlos I y C.D.P.C Santa Teresa, con&#46;&#46;&#46;<\/p>\n","protected":false},"author":2172,"featured_media":0,"comment_status":"open","ping_status":"open","sticky":false,"template":"","format":"standard","meta":{"ngg_post_thumbnail":0,"footnotes":""},"categories":[11909],"tags":[],"aioseo_notices":[],"_links":{"self":[{"href":"https:\/\/blogsaverroes.juntadeandalucia.es\/molinilloviejo\/wp-json\/wp\/v2\/posts\/20952"}],"collection":[{"href":"https:\/\/blogsaverroes.juntadeandalucia.es\/molinilloviejo\/wp-json\/wp\/v2\/posts"}],"about":[{"href":"https:\/\/blogsaverroes.juntadeandalucia.es\/molinilloviejo\/wp-json\/wp\/v2\/types\/post"}],"author":[{"embeddable":true,"href":"https:\/\/blogsaverroes.juntadeandalucia.es\/molinilloviejo\/wp-json\/wp\/v2\/users\/2172"}],"replies":[{"embeddable":true,"href":"https:\/\/blogsaverroes.juntadeandalucia.es\/molinilloviejo\/wp-json\/wp\/v2\/comments?post=20952"}],"version-history":[{"count":8,"href":"https:\/\/blogsaverroes.juntadeandalucia.es\/molinilloviejo\/wp-json\/wp\/v2\/posts\/20952\/revisions"}],"predecessor-version":[{"id":20967,"href":"https:\/\/blogsaverroes.juntadeandalucia.es\/molinilloviejo\/wp-json\/wp\/v2\/posts\/20952\/revisions\/20967"}],"wp:attachment":[{"href":"https:\/\/blogsaverroes.juntadeandalucia.es\/molinilloviejo\/wp-json\/wp\/v2\/media?parent=20952"}],"wp:term":[{"taxonomy":"category","embeddable":true,"href":"https:\/\/blogsaverroes.juntadeandalucia.es\/molinilloviejo\/wp-json\/wp\/v2\/categories?post=20952"},{"taxonomy":"post_tag","embeddable":true,"href":"https:\/\/blogsaverroes.juntadeandalucia.es\/molinilloviejo\/wp-json\/wp\/v2\/tags?post=20952"}],"curies":[{"name":"wp","href":"https:\/\/api.w.org\/{rel}","templated":true}]}}