{"id":2415,"date":"2015-11-26T09:13:55","date_gmt":"2015-11-26T08:13:55","guid":{"rendered":"http:\/\/blogsaverroes.juntadeandalucia.es\/molinilloviejo\/?p=2415"},"modified":"2015-11-26T23:13:13","modified_gmt":"2015-11-26T22:13:13","slug":"celebramos-el-dia-internacional-contra-la-violencia-de-genero","status":"publish","type":"post","link":"https:\/\/blogsaverroes.juntadeandalucia.es\/molinilloviejo\/2015\/11\/26\/celebramos-el-dia-internacional-contra-la-violencia-de-genero\/","title":{"rendered":"Celebramos el D\u00eda Internacional Contra la Violencia de G\u00e9nero"},"content":{"rendered":"<p><a href=\"https:\/\/www.flickr.com\/photos\/deporcuna\/22690984123\/sizes\/o\/\"><img loading=\"lazy\" decoding=\"async\" class=\"aligncenter\" src=\"https:\/\/c2.staticflickr.com\/6\/5722\/22690984123_98b8441348_z.jpg\" alt=\"\" width=\"640\" height=\"429\" \/><\/a>Ayer, 25 de noviembre, nuestro centro celebr\u00f3 el D\u00eda Internacional Contra la Violencia de G\u00e9nero. En clase trabajamos lecturas,\u00a0b\u00fasqueda de informaci\u00f3n en Internet y escritura de textos relacionados con este d\u00eda. Asimismo, asistimos a la concentraci\u00f3n de este d\u00eda, organizada por el Ayuntamiento y las asociaciones de mujeres de la localidad, en las puertas del consistorio, en la que particip\u00f3 gran cantidad de alumnado tanto de nuestro centro como de resto de los centros educativos de Porcuna. Durante el acto, en el que se repartieron lazos blancos, la concejal de Igualdad, Sandra Santiago, ley\u00f3 un manifiesto a favor de la no violencia hacia las mujeres. Tambi\u00e9n, tres alumnos del IES de Porcuna leyeron otro manifiesto, pero esta vez para los hombres. Sigui\u00f3 el acto con un minuto de silencio por las v\u00edctimas de este a\u00f1o y termin\u00f3 con un mini recital de canciones, a cargo de un grupo de alumnos y alumnas del IES, que fueron muy aplaudidos.<\/p>\n<p style=\"text-align: center\">\u00a0<strong><a href=\"https:\/\/www.flickr.com\/photos\/deporcuna\/albums\/72157661622169866\" target=\"_blank\">\u00c1lbum de fotos<\/a><\/strong><\/p>\n<p style=\"text-align: center\"><img loading=\"lazy\" decoding=\"async\" class=\"aligncenter\" src=\"https:\/\/c2.staticflickr.com\/6\/5663\/23209794282_1a1430ecf1_z.jpg\" alt=\"\" width=\"640\" height=\"429\" \/><\/p>\n<p style=\"text-align: center\"><img loading=\"lazy\" decoding=\"async\" class=\"aligncenter\" src=\"https:\/\/c1.staticflickr.com\/1\/630\/23209794942_5fda4a4a6b_z.jpg\" alt=\"\" width=\"640\" height=\"429\" \/><\/p>\n<p style=\"text-align: center\"><img loading=\"lazy\" decoding=\"async\" class=\"aligncenter\" src=\"https:\/\/c1.staticflickr.com\/1\/642\/22950242399_9b20e7d0e1_z.jpg\" alt=\"\" width=\"640\" height=\"429\" \/><\/p>\n","protected":false},"excerpt":{"rendered":"<p>Ayer, 25 de noviembre, nuestro centro celebr\u00f3 el D\u00eda Internacional Contra la Violencia de G\u00e9nero. En clase trabajamos lecturas,\u00a0b\u00fasqueda de informaci\u00f3n en Internet y escritura de textos relacionados con este d\u00eda. Asimismo, asistimos a&#46;&#46;&#46;<\/p>\n","protected":false},"author":2172,"featured_media":2420,"comment_status":"open","ping_status":"open","sticky":false,"template":"","format":"standard","meta":{"ngg_post_thumbnail":0,"footnotes":""},"categories":[5991],"tags":[784,975129,401428,1949,3962,12,842,367093,1661],"aioseo_notices":[],"_links":{"self":[{"href":"https:\/\/blogsaverroes.juntadeandalucia.es\/molinilloviejo\/wp-json\/wp\/v2\/posts\/2415"}],"collection":[{"href":"https:\/\/blogsaverroes.juntadeandalucia.es\/molinilloviejo\/wp-json\/wp\/v2\/posts"}],"about":[{"href":"https:\/\/blogsaverroes.juntadeandalucia.es\/molinilloviejo\/wp-json\/wp\/v2\/types\/post"}],"author":[{"embeddable":true,"href":"https:\/\/blogsaverroes.juntadeandalucia.es\/molinilloviejo\/wp-json\/wp\/v2\/users\/2172"}],"replies":[{"embeddable":true,"href":"https:\/\/blogsaverroes.juntadeandalucia.es\/molinilloviejo\/wp-json\/wp\/v2\/comments?post=2415"}],"version-history":[{"count":5,"href":"https:\/\/blogsaverroes.juntadeandalucia.es\/molinilloviejo\/wp-json\/wp\/v2\/posts\/2415\/revisions"}],"predecessor-version":[{"id":2421,"href":"https:\/\/blogsaverroes.juntadeandalucia.es\/molinilloviejo\/wp-json\/wp\/v2\/posts\/2415\/revisions\/2421"}],"wp:featuredmedia":[{"embeddable":true,"href":"https:\/\/blogsaverroes.juntadeandalucia.es\/molinilloviejo\/wp-json\/wp\/v2\/media\/2420"}],"wp:attachment":[{"href":"https:\/\/blogsaverroes.juntadeandalucia.es\/molinilloviejo\/wp-json\/wp\/v2\/media?parent=2415"}],"wp:term":[{"taxonomy":"category","embeddable":true,"href":"https:\/\/blogsaverroes.juntadeandalucia.es\/molinilloviejo\/wp-json\/wp\/v2\/categories?post=2415"},{"taxonomy":"post_tag","embeddable":true,"href":"https:\/\/blogsaverroes.juntadeandalucia.es\/molinilloviejo\/wp-json\/wp\/v2\/tags?post=2415"}],"curies":[{"name":"wp","href":"https:\/\/api.w.org\/{rel}","templated":true}]}}