{"id":24523,"date":"2023-11-25T11:49:54","date_gmt":"2023-11-25T10:49:54","guid":{"rendered":"https:\/\/blogsaverroes.juntadeandalucia.es\/molinilloviejo\/?p=24523"},"modified":"2023-11-25T11:49:54","modified_gmt":"2023-11-25T10:49:54","slug":"25-n-dia-internacional-contra-la-violencia-de-genero","status":"publish","type":"post","link":"https:\/\/blogsaverroes.juntadeandalucia.es\/molinilloviejo\/2023\/11\/25\/25-n-dia-internacional-contra-la-violencia-de-genero\/","title":{"rendered":"\u00a125-N D\u00eda Internacional contra la Violencia de G\u00e9nero!"},"content":{"rendered":"<p><a href=\"https:\/\/blogsaverroes.juntadeandalucia.es\/molinilloviejo\/files\/2020\/12\/violencia-de-genero-cartelweb.jpg\"><img loading=\"lazy\" decoding=\"async\" class=\"aligncenter size-full wp-image-20201\" src=\"https:\/\/blogsaverroes.juntadeandalucia.es\/molinilloviejo\/files\/2020\/12\/violencia-de-genero-cartelweb.jpg\" alt=\"\" width=\"554\" height=\"231\" srcset=\"https:\/\/blogsaverroes.juntadeandalucia.es\/molinilloviejo\/files\/2020\/12\/violencia-de-genero-cartelweb.jpg 554w, https:\/\/blogsaverroes.juntadeandalucia.es\/molinilloviejo\/files\/2020\/12\/violencia-de-genero-cartelweb-300x125.jpg 300w, https:\/\/blogsaverroes.juntadeandalucia.es\/molinilloviejo\/files\/2020\/12\/violencia-de-genero-cartelweb-24x10.jpg 24w, https:\/\/blogsaverroes.juntadeandalucia.es\/molinilloviejo\/files\/2020\/12\/violencia-de-genero-cartelweb-36x15.jpg 36w, https:\/\/blogsaverroes.juntadeandalucia.es\/molinilloviejo\/files\/2020\/12\/violencia-de-genero-cartelweb-48x20.jpg 48w\" sizes=\"(max-width: 554px) 100vw, 554px\" \/><\/a><\/p>\n<p style=\"text-align: justify\"><span style=\"font-size: 18pt;font-family: 'book antiqua', palatino, serif\"><strong>Nuestra secci\u00f3n educativa \u00abMolinillo Viejo\u00bb<\/strong> como cada a\u00f1o <strong>se mantiene activa en la lucha contra la violencia de g\u00e9nero<\/strong>. Desde el d\u00eda 22 al 24 de Noviembre, han sido muchas las actividades programadas que nos han permitido que todos nuestr@s alumn@s muestren su compromiso por erradicar esta lacra social. A continuaci\u00f3n, os vamos a dejar todas las actividades realizadas y las aportaciones de nuestro alumnado que ha participado con compromiso y con una gran concienciaci\u00f3n en las mismas. Pero antes tambi\u00e9n vamos a dejar <strong>un poco de historia<\/strong>&#8230;.<\/span><\/p>\n<h3 style=\"text-align: center\"><span style=\"font-size: 18pt\"><strong><em>\u00abEl 25 de noviembre&#8230;.<\/em><\/strong><\/span><\/h3>\n<p style=\"text-align: center\"><span style=\"font-size: 18pt\"><strong><em>La elecci\u00f3n de este d\u00eda para reivindicar esta lucha no es mera casualidad, sino que detr\u00e1s de ella se esconde una historia.<\/em><\/strong><\/span><\/p>\n<p style=\"text-align: center\"><span style=\"font-size: 18pt\"><strong><em>Las hermanas&nbsp;Mirabal&nbsp;-Patria, Minerva y Mar\u00eda Teresa- fueron tres activista pol\u00edticas de la&nbsp;Rep\u00fablica Dominicana. A finales del&nbsp;1950 -tras el triunfo de las revoluciones en contra de las dictaduras que sufr\u00edan algunos pa\u00edses latinoamericanos- fundaron el grupo revolucionario de extrema izquierda 14 de Junio. Este grupo iba contra el dictador&nbsp;Rafael Le\u00f3nidas Trujillo, presidente&nbsp;de la Rep\u00fablica Dominicana entre el&nbsp;1930 y el 1961.<\/em><\/strong><\/span><\/p>\n<p style=\"text-align: center\"><span style=\"font-size: 18pt\"><strong><em>A consecuencia de su activismo, las tres hermanas fueron torturadas y encarceladas en distintas ocasiones y, finalmente, el&nbsp;25 de noviembre del 1960&nbsp;fueron secuestradas y golpeadas por \u00f3rdenes del dictador Trujillo. El asesinato de las hermanas Mirabal gener\u00f3 un sinf\u00edn de protestas en el pa\u00eds y las convirti\u00f3 en un&nbsp;s\u00edmbolo latinoamericano&nbsp;en la lucha contra la violencia de g\u00e9nero.&nbsp;<\/em><\/strong><\/span><\/p>\n<p style=\"text-align: center\"><span style=\"font-size: 18pt\"><strong><em>De manera extraoficial, seg\u00fan explica la&nbsp;Organizaci\u00f3n de las Naciones Unidas,&nbsp;los or\u00edgenes de este d\u00eda se remontan a 1981, cuando militantes y activistas en favor de los&nbsp;derechos de la mujer lanzaban sus protestas contra la violencia de g\u00e9nero, para honrar a las hermanas Mirabal.<\/em><\/strong><\/span><\/p>\n<p style=\"text-align: center\"><span style=\"font-size: 18pt\"><strong><em>Sin embargo, no fue hasta&nbsp;el a\u00f1o 2000 cuando la ONU oficializ\u00f3 el 25 de noviembre como&nbsp;el D\u00eda Internacional de la Eliminaci\u00f3n de la Violencia contra la Mujer. \u00ab<\/em><\/strong><\/span><\/p>\n<p>&nbsp;<\/p>\n<p style=\"text-align: center\"><span style=\"font-size: 18pt;font-family: 'book antiqua', palatino, serif;color: #cc99ff\"><strong><span style=\"color: #993366\">CARTELES ALUSIVOS DE NUESTRO ALUMNADO DE PLANES TIC<\/span><\/strong><\/span><\/p>\n<p><a href=\"https:\/\/blogsaverroes.juntadeandalucia.es\/molinilloviejo\/files\/2023\/11\/CARTEL-AMALIA-AGUILERA-RUANO.jpeg\"><img loading=\"lazy\" decoding=\"async\" class=\"aligncenter size-full wp-image-24526\" src=\"https:\/\/blogsaverroes.juntadeandalucia.es\/molinilloviejo\/files\/2023\/11\/CARTEL-AMALIA-AGUILERA-RUANO.jpeg\" alt=\"\" width=\"1131\" height=\"1600\" srcset=\"https:\/\/blogsaverroes.juntadeandalucia.es\/molinilloviejo\/files\/2023\/11\/CARTEL-AMALIA-AGUILERA-RUANO.jpeg 1131w, https:\/\/blogsaverroes.juntadeandalucia.es\/molinilloviejo\/files\/2023\/11\/CARTEL-AMALIA-AGUILERA-RUANO-212x300.jpeg 212w, https:\/\/blogsaverroes.juntadeandalucia.es\/molinilloviejo\/files\/2023\/11\/CARTEL-AMALIA-AGUILERA-RUANO-724x1024.jpeg 724w, https:\/\/blogsaverroes.juntadeandalucia.es\/molinilloviejo\/files\/2023\/11\/CARTEL-AMALIA-AGUILERA-RUANO-768x1086.jpeg 768w, https:\/\/blogsaverroes.juntadeandalucia.es\/molinilloviejo\/files\/2023\/11\/CARTEL-AMALIA-AGUILERA-RUANO-1086x1536.jpeg 1086w, https:\/\/blogsaverroes.juntadeandalucia.es\/molinilloviejo\/files\/2023\/11\/CARTEL-AMALIA-AGUILERA-RUANO-700x990.jpeg 700w\" sizes=\"(max-width: 1131px) 100vw, 1131px\" \/><\/a> <a href=\"https:\/\/blogsaverroes.juntadeandalucia.es\/molinilloviejo\/files\/2023\/11\/CARTEL-EMILIA-GONZ\u00c1LEZ-S\u00c1NCHEZ.jpeg\"><img loading=\"lazy\" decoding=\"async\" class=\"aligncenter size-full wp-image-24527\" src=\"https:\/\/blogsaverroes.juntadeandalucia.es\/molinilloviejo\/files\/2023\/11\/CARTEL-EMILIA-GONZ\u00c1LEZ-S\u00c1NCHEZ.jpeg\" alt=\"\" width=\"1131\" height=\"1600\" srcset=\"https:\/\/blogsaverroes.juntadeandalucia.es\/molinilloviejo\/files\/2023\/11\/CARTEL-EMILIA-GONZ\u00c1LEZ-S\u00c1NCHEZ.jpeg 1131w, https:\/\/blogsaverroes.juntadeandalucia.es\/molinilloviejo\/files\/2023\/11\/CARTEL-EMILIA-GONZ\u00c1LEZ-S\u00c1NCHEZ-212x300.jpeg 212w, https:\/\/blogsaverroes.juntadeandalucia.es\/molinilloviejo\/files\/2023\/11\/CARTEL-EMILIA-GONZ\u00c1LEZ-S\u00c1NCHEZ-724x1024.jpeg 724w, https:\/\/blogsaverroes.juntadeandalucia.es\/molinilloviejo\/files\/2023\/11\/CARTEL-EMILIA-GONZ\u00c1LEZ-S\u00c1NCHEZ-768x1086.jpeg 768w, https:\/\/blogsaverroes.juntadeandalucia.es\/molinilloviejo\/files\/2023\/11\/CARTEL-EMILIA-GONZ\u00c1LEZ-S\u00c1NCHEZ-1086x1536.jpeg 1086w, https:\/\/blogsaverroes.juntadeandalucia.es\/molinilloviejo\/files\/2023\/11\/CARTEL-EMILIA-GONZ\u00c1LEZ-S\u00c1NCHEZ-700x990.jpeg 700w\" sizes=\"(max-width: 1131px) 100vw, 1131px\" \/><\/a> <a href=\"https:\/\/blogsaverroes.juntadeandalucia.es\/molinilloviejo\/files\/2023\/11\/CARTEL-LORENZO-SANTIAGO-MILL\u00c1N-2.jpg\"><img loading=\"lazy\" decoding=\"async\" class=\"aligncenter size-full wp-image-24528\" src=\"https:\/\/blogsaverroes.juntadeandalucia.es\/molinilloviejo\/files\/2023\/11\/CARTEL-LORENZO-SANTIAGO-MILL\u00c1N-2.jpg\" alt=\"\" width=\"1131\" height=\"1600\" srcset=\"https:\/\/blogsaverroes.juntadeandalucia.es\/molinilloviejo\/files\/2023\/11\/CARTEL-LORENZO-SANTIAGO-MILL\u00c1N-2.jpg 1131w, https:\/\/blogsaverroes.juntadeandalucia.es\/molinilloviejo\/files\/2023\/11\/CARTEL-LORENZO-SANTIAGO-MILL\u00c1N-2-212x300.jpg 212w, https:\/\/blogsaverroes.juntadeandalucia.es\/molinilloviejo\/files\/2023\/11\/CARTEL-LORENZO-SANTIAGO-MILL\u00c1N-2-724x1024.jpg 724w, https:\/\/blogsaverroes.juntadeandalucia.es\/molinilloviejo\/files\/2023\/11\/CARTEL-LORENZO-SANTIAGO-MILL\u00c1N-2-768x1086.jpg 768w, https:\/\/blogsaverroes.juntadeandalucia.es\/molinilloviejo\/files\/2023\/11\/CARTEL-LORENZO-SANTIAGO-MILL\u00c1N-2-1086x1536.jpg 1086w, https:\/\/blogsaverroes.juntadeandalucia.es\/molinilloviejo\/files\/2023\/11\/CARTEL-LORENZO-SANTIAGO-MILL\u00c1N-2-700x990.jpg 700w\" sizes=\"(max-width: 1131px) 100vw, 1131px\" \/><\/a> <a href=\"https:\/\/blogsaverroes.juntadeandalucia.es\/molinilloviejo\/files\/2023\/11\/CARTEL-LORENZO-SANTIAGO-MILL\u00c1N-1.jpeg\"><img loading=\"lazy\" decoding=\"async\" class=\"aligncenter size-full wp-image-24529\" src=\"https:\/\/blogsaverroes.juntadeandalucia.es\/molinilloviejo\/files\/2023\/11\/CARTEL-LORENZO-SANTIAGO-MILL\u00c1N-1.jpeg\" alt=\"\" width=\"1131\" height=\"1600\" srcset=\"https:\/\/blogsaverroes.juntadeandalucia.es\/molinilloviejo\/files\/2023\/11\/CARTEL-LORENZO-SANTIAGO-MILL\u00c1N-1.jpeg 1131w, https:\/\/blogsaverroes.juntadeandalucia.es\/molinilloviejo\/files\/2023\/11\/CARTEL-LORENZO-SANTIAGO-MILL\u00c1N-1-212x300.jpeg 212w, https:\/\/blogsaverroes.juntadeandalucia.es\/molinilloviejo\/files\/2023\/11\/CARTEL-LORENZO-SANTIAGO-MILL\u00c1N-1-724x1024.jpeg 724w, https:\/\/blogsaverroes.juntadeandalucia.es\/molinilloviejo\/files\/2023\/11\/CARTEL-LORENZO-SANTIAGO-MILL\u00c1N-1-768x1086.jpeg 768w, https:\/\/blogsaverroes.juntadeandalucia.es\/molinilloviejo\/files\/2023\/11\/CARTEL-LORENZO-SANTIAGO-MILL\u00c1N-1-1086x1536.jpeg 1086w, https:\/\/blogsaverroes.juntadeandalucia.es\/molinilloviejo\/files\/2023\/11\/CARTEL-LORENZO-SANTIAGO-MILL\u00c1N-1-700x990.jpeg 700w\" sizes=\"(max-width: 1131px) 100vw, 1131px\" \/><\/a> <a href=\"https:\/\/blogsaverroes.juntadeandalucia.es\/molinilloviejo\/files\/2023\/11\/CARTEL-MANUEL-FERN\u00c1NDEZ-GALLO.jpeg\"><img loading=\"lazy\" decoding=\"async\" class=\"aligncenter size-full wp-image-24530\" src=\"https:\/\/blogsaverroes.juntadeandalucia.es\/molinilloviejo\/files\/2023\/11\/CARTEL-MANUEL-FERN\u00c1NDEZ-GALLO.jpeg\" alt=\"\" width=\"1131\" height=\"1600\" srcset=\"https:\/\/blogsaverroes.juntadeandalucia.es\/molinilloviejo\/files\/2023\/11\/CARTEL-MANUEL-FERN\u00c1NDEZ-GALLO.jpeg 1131w, https:\/\/blogsaverroes.juntadeandalucia.es\/molinilloviejo\/files\/2023\/11\/CARTEL-MANUEL-FERN\u00c1NDEZ-GALLO-212x300.jpeg 212w, https:\/\/blogsaverroes.juntadeandalucia.es\/molinilloviejo\/files\/2023\/11\/CARTEL-MANUEL-FERN\u00c1NDEZ-GALLO-724x1024.jpeg 724w, https:\/\/blogsaverroes.juntadeandalucia.es\/molinilloviejo\/files\/2023\/11\/CARTEL-MANUEL-FERN\u00c1NDEZ-GALLO-768x1086.jpeg 768w, https:\/\/blogsaverroes.juntadeandalucia.es\/molinilloviejo\/files\/2023\/11\/CARTEL-MANUEL-FERN\u00c1NDEZ-GALLO-1086x1536.jpeg 1086w, https:\/\/blogsaverroes.juntadeandalucia.es\/molinilloviejo\/files\/2023\/11\/CARTEL-MANUEL-FERN\u00c1NDEZ-GALLO-700x990.jpeg 700w\" sizes=\"(max-width: 1131px) 100vw, 1131px\" \/><\/a> <a href=\"https:\/\/blogsaverroes.juntadeandalucia.es\/molinilloviejo\/files\/2023\/11\/CARTEL-MARIA-DEL-CARMEN-QUERO-BELLIDO.jpeg\"><img loading=\"lazy\" decoding=\"async\" class=\"aligncenter size-full wp-image-24531\" src=\"https:\/\/blogsaverroes.juntadeandalucia.es\/molinilloviejo\/files\/2023\/11\/CARTEL-MARIA-DEL-CARMEN-QUERO-BELLIDO.jpeg\" alt=\"\" width=\"900\" height=\"1600\" srcset=\"https:\/\/blogsaverroes.juntadeandalucia.es\/molinilloviejo\/files\/2023\/11\/CARTEL-MARIA-DEL-CARMEN-QUERO-BELLIDO.jpeg 900w, https:\/\/blogsaverroes.juntadeandalucia.es\/molinilloviejo\/files\/2023\/11\/CARTEL-MARIA-DEL-CARMEN-QUERO-BELLIDO-169x300.jpeg 169w, https:\/\/blogsaverroes.juntadeandalucia.es\/molinilloviejo\/files\/2023\/11\/CARTEL-MARIA-DEL-CARMEN-QUERO-BELLIDO-576x1024.jpeg 576w, https:\/\/blogsaverroes.juntadeandalucia.es\/molinilloviejo\/files\/2023\/11\/CARTEL-MARIA-DEL-CARMEN-QUERO-BELLIDO-768x1365.jpeg 768w, https:\/\/blogsaverroes.juntadeandalucia.es\/molinilloviejo\/files\/2023\/11\/CARTEL-MARIA-DEL-CARMEN-QUERO-BELLIDO-864x1536.jpeg 864w, https:\/\/blogsaverroes.juntadeandalucia.es\/molinilloviejo\/files\/2023\/11\/CARTEL-MARIA-DEL-CARMEN-QUERO-BELLIDO-700x1244.jpeg 700w\" sizes=\"(max-width: 900px) 100vw, 900px\" \/><\/a> <a href=\"https:\/\/blogsaverroes.juntadeandalucia.es\/molinilloviejo\/files\/2023\/11\/CARTEL-MAR\u00cdA-JOS\u00c9-SALAS-MILL\u00c1N.jpeg\"><img loading=\"lazy\" decoding=\"async\" class=\"aligncenter size-full wp-image-24532\" src=\"https:\/\/blogsaverroes.juntadeandalucia.es\/molinilloviejo\/files\/2023\/11\/CARTEL-MAR\u00cdA-JOS\u00c9-SALAS-MILL\u00c1N.jpeg\" alt=\"\" width=\"1131\" height=\"1600\" srcset=\"https:\/\/blogsaverroes.juntadeandalucia.es\/molinilloviejo\/files\/2023\/11\/CARTEL-MAR\u00cdA-JOS\u00c9-SALAS-MILL\u00c1N.jpeg 1131w, https:\/\/blogsaverroes.juntadeandalucia.es\/molinilloviejo\/files\/2023\/11\/CARTEL-MAR\u00cdA-JOS\u00c9-SALAS-MILL\u00c1N-212x300.jpeg 212w, https:\/\/blogsaverroes.juntadeandalucia.es\/molinilloviejo\/files\/2023\/11\/CARTEL-MAR\u00cdA-JOS\u00c9-SALAS-MILL\u00c1N-724x1024.jpeg 724w, https:\/\/blogsaverroes.juntadeandalucia.es\/molinilloviejo\/files\/2023\/11\/CARTEL-MAR\u00cdA-JOS\u00c9-SALAS-MILL\u00c1N-768x1086.jpeg 768w, https:\/\/blogsaverroes.juntadeandalucia.es\/molinilloviejo\/files\/2023\/11\/CARTEL-MAR\u00cdA-JOS\u00c9-SALAS-MILL\u00c1N-1086x1536.jpeg 1086w, https:\/\/blogsaverroes.juntadeandalucia.es\/molinilloviejo\/files\/2023\/11\/CARTEL-MAR\u00cdA-JOS\u00c9-SALAS-MILL\u00c1N-700x990.jpeg 700w\" sizes=\"(max-width: 1131px) 100vw, 1131px\" \/><\/a> <a href=\"https:\/\/blogsaverroes.juntadeandalucia.es\/molinilloviejo\/files\/2023\/11\/CARTEL-NIEVES-QUERO-MANRIQUE.jpeg\"><img loading=\"lazy\" decoding=\"async\" class=\"aligncenter size-full wp-image-24533\" src=\"https:\/\/blogsaverroes.juntadeandalucia.es\/molinilloviejo\/files\/2023\/11\/CARTEL-NIEVES-QUERO-MANRIQUE.jpeg\" alt=\"\" width=\"1131\" height=\"1600\" srcset=\"https:\/\/blogsaverroes.juntadeandalucia.es\/molinilloviejo\/files\/2023\/11\/CARTEL-NIEVES-QUERO-MANRIQUE.jpeg 1131w, https:\/\/blogsaverroes.juntadeandalucia.es\/molinilloviejo\/files\/2023\/11\/CARTEL-NIEVES-QUERO-MANRIQUE-212x300.jpeg 212w, https:\/\/blogsaverroes.juntadeandalucia.es\/molinilloviejo\/files\/2023\/11\/CARTEL-NIEVES-QUERO-MANRIQUE-724x1024.jpeg 724w, https:\/\/blogsaverroes.juntadeandalucia.es\/molinilloviejo\/files\/2023\/11\/CARTEL-NIEVES-QUERO-MANRIQUE-768x1086.jpeg 768w, https:\/\/blogsaverroes.juntadeandalucia.es\/molinilloviejo\/files\/2023\/11\/CARTEL-NIEVES-QUERO-MANRIQUE-1086x1536.jpeg 1086w, https:\/\/blogsaverroes.juntadeandalucia.es\/molinilloviejo\/files\/2023\/11\/CARTEL-NIEVES-QUERO-MANRIQUE-700x990.jpeg 700w\" sizes=\"(max-width: 1131px) 100vw, 1131px\" \/><\/a> <a href=\"https:\/\/blogsaverroes.juntadeandalucia.es\/molinilloviejo\/files\/2023\/11\/CARTEL-PILAR-QUERO-SANTIAGO.jpeg\"><img loading=\"lazy\" decoding=\"async\" class=\"aligncenter size-full wp-image-24534\" src=\"https:\/\/blogsaverroes.juntadeandalucia.es\/molinilloviejo\/files\/2023\/11\/CARTEL-PILAR-QUERO-SANTIAGO.jpeg\" alt=\"\" width=\"1131\" height=\"1600\" srcset=\"https:\/\/blogsaverroes.juntadeandalucia.es\/molinilloviejo\/files\/2023\/11\/CARTEL-PILAR-QUERO-SANTIAGO.jpeg 1131w, https:\/\/blogsaverroes.juntadeandalucia.es\/molinilloviejo\/files\/2023\/11\/CARTEL-PILAR-QUERO-SANTIAGO-212x300.jpeg 212w, https:\/\/blogsaverroes.juntadeandalucia.es\/molinilloviejo\/files\/2023\/11\/CARTEL-PILAR-QUERO-SANTIAGO-724x1024.jpeg 724w, https:\/\/blogsaverroes.juntadeandalucia.es\/molinilloviejo\/files\/2023\/11\/CARTEL-PILAR-QUERO-SANTIAGO-768x1086.jpeg 768w, https:\/\/blogsaverroes.juntadeandalucia.es\/molinilloviejo\/files\/2023\/11\/CARTEL-PILAR-QUERO-SANTIAGO-1086x1536.jpeg 1086w, https:\/\/blogsaverroes.juntadeandalucia.es\/molinilloviejo\/files\/2023\/11\/CARTEL-PILAR-QUERO-SANTIAGO-700x990.jpeg 700w\" sizes=\"(max-width: 1131px) 100vw, 1131px\" \/><\/a> <a href=\"https:\/\/blogsaverroes.juntadeandalucia.es\/molinilloviejo\/files\/2023\/11\/CARTEL-SOLEDAD-ROSELL-MORALES.jpeg\"><img loading=\"lazy\" decoding=\"async\" class=\"aligncenter size-full wp-image-24535\" src=\"https:\/\/blogsaverroes.juntadeandalucia.es\/molinilloviejo\/files\/2023\/11\/CARTEL-SOLEDAD-ROSELL-MORALES.jpeg\" alt=\"\" width=\"1131\" height=\"1600\" srcset=\"https:\/\/blogsaverroes.juntadeandalucia.es\/molinilloviejo\/files\/2023\/11\/CARTEL-SOLEDAD-ROSELL-MORALES.jpeg 1131w, https:\/\/blogsaverroes.juntadeandalucia.es\/molinilloviejo\/files\/2023\/11\/CARTEL-SOLEDAD-ROSELL-MORALES-212x300.jpeg 212w, https:\/\/blogsaverroes.juntadeandalucia.es\/molinilloviejo\/files\/2023\/11\/CARTEL-SOLEDAD-ROSELL-MORALES-724x1024.jpeg 724w, https:\/\/blogsaverroes.juntadeandalucia.es\/molinilloviejo\/files\/2023\/11\/CARTEL-SOLEDAD-ROSELL-MORALES-768x1086.jpeg 768w, https:\/\/blogsaverroes.juntadeandalucia.es\/molinilloviejo\/files\/2023\/11\/CARTEL-SOLEDAD-ROSELL-MORALES-1086x1536.jpeg 1086w, https:\/\/blogsaverroes.juntadeandalucia.es\/molinilloviejo\/files\/2023\/11\/CARTEL-SOLEDAD-ROSELL-MORALES-700x990.jpeg 700w\" sizes=\"(max-width: 1131px) 100vw, 1131px\" \/><\/a><\/p>\n<p style=\"text-align: center\"><span style=\"font-family: book antiqua, palatino, serif\"><span style=\"font-size: 32px\"><b>&nbsp; <span style=\"font-size: 18pt;font-family: 'book antiqua', palatino, serif;color: #993366\">ASISTENCIA A:<\/span><\/b><\/span><\/span><\/p>\n<p style=\"text-align: justify\"><span style=\"font-size: 18pt;font-family: 'book antiqua', palatino, serif\"><strong>22- NOV a las 17.00 horas<\/strong>, a la Sala de Exposiciones, a la entrega del Premio otorgado por Antena 3 al ayuntamiento de Porcuna \u201cMunicipios contra el maltrato tolerancia Cero\u201d y a la charla- coloquio<\/span><\/p>\n<p style=\"text-align: justify\"><span style=\"font-size: 18pt;font-family: 'book antiqua', palatino, serif\">\u201cDesmontando al macho alfa: masculinidad hegem\u00f3nica y violencia de g\u00e9nero\u201d, impartida por Antonia Garc\u00eda Luque, Directora Acad\u00e9mica del M\u00e1ster de An\u00e1lisis Cr\u00edtico de las desigualdades de g\u00e9nero e intervenci\u00f3n integral en violencia de g\u00e9nero.<\/span><\/p>\n<p><a href=\"https:\/\/blogsaverroes.juntadeandalucia.es\/molinilloviejo\/files\/2023\/11\/20231121_171410-scaled.jpg\"><img loading=\"lazy\" decoding=\"async\" class=\"aligncenter size-full wp-image-24536\" src=\"https:\/\/blogsaverroes.juntadeandalucia.es\/molinilloviejo\/files\/2023\/11\/20231121_171410-scaled.jpg\" alt=\"\" width=\"1600\" height=\"1200\" srcset=\"https:\/\/blogsaverroes.juntadeandalucia.es\/molinilloviejo\/files\/2023\/11\/20231121_171410-scaled.jpg 1600w, https:\/\/blogsaverroes.juntadeandalucia.es\/molinilloviejo\/files\/2023\/11\/20231121_171410-300x225.jpg 300w, https:\/\/blogsaverroes.juntadeandalucia.es\/molinilloviejo\/files\/2023\/11\/20231121_171410-1024x768.jpg 1024w, https:\/\/blogsaverroes.juntadeandalucia.es\/molinilloviejo\/files\/2023\/11\/20231121_171410-768x576.jpg 768w, https:\/\/blogsaverroes.juntadeandalucia.es\/molinilloviejo\/files\/2023\/11\/20231121_171410-1536x1152.jpg 1536w, https:\/\/blogsaverroes.juntadeandalucia.es\/molinilloviejo\/files\/2023\/11\/20231121_171410-2048x1536.jpg 2048w, https:\/\/blogsaverroes.juntadeandalucia.es\/molinilloviejo\/files\/2023\/11\/20231121_171410-700x525.jpg 700w\" sizes=\"(max-width: 1600px) 100vw, 1600px\" \/><\/a> <a href=\"https:\/\/blogsaverroes.juntadeandalucia.es\/molinilloviejo\/files\/2023\/11\/20231121_173154-scaled.jpg\"><img loading=\"lazy\" decoding=\"async\" class=\"aligncenter size-full wp-image-24537\" src=\"https:\/\/blogsaverroes.juntadeandalucia.es\/molinilloviejo\/files\/2023\/11\/20231121_173154-scaled.jpg\" alt=\"\" width=\"1600\" height=\"1200\" srcset=\"https:\/\/blogsaverroes.juntadeandalucia.es\/molinilloviejo\/files\/2023\/11\/20231121_173154-scaled.jpg 1600w, https:\/\/blogsaverroes.juntadeandalucia.es\/molinilloviejo\/files\/2023\/11\/20231121_173154-300x225.jpg 300w, https:\/\/blogsaverroes.juntadeandalucia.es\/molinilloviejo\/files\/2023\/11\/20231121_173154-1024x768.jpg 1024w, https:\/\/blogsaverroes.juntadeandalucia.es\/molinilloviejo\/files\/2023\/11\/20231121_173154-768x576.jpg 768w, https:\/\/blogsaverroes.juntadeandalucia.es\/molinilloviejo\/files\/2023\/11\/20231121_173154-1536x1152.jpg 1536w, https:\/\/blogsaverroes.juntadeandalucia.es\/molinilloviejo\/files\/2023\/11\/20231121_173154-2048x1536.jpg 2048w, https:\/\/blogsaverroes.juntadeandalucia.es\/molinilloviejo\/files\/2023\/11\/20231121_173154-700x525.jpg 700w\" sizes=\"(max-width: 1600px) 100vw, 1600px\" \/><\/a> <a href=\"https:\/\/blogsaverroes.juntadeandalucia.es\/molinilloviejo\/files\/2023\/11\/20231121_173419-scaled.jpg\"><img loading=\"lazy\" decoding=\"async\" class=\"aligncenter size-full wp-image-24538\" src=\"https:\/\/blogsaverroes.juntadeandalucia.es\/molinilloviejo\/files\/2023\/11\/20231121_173419-scaled.jpg\" alt=\"\" width=\"1600\" height=\"1200\" srcset=\"https:\/\/blogsaverroes.juntadeandalucia.es\/molinilloviejo\/files\/2023\/11\/20231121_173419-scaled.jpg 1600w, https:\/\/blogsaverroes.juntadeandalucia.es\/molinilloviejo\/files\/2023\/11\/20231121_173419-300x225.jpg 300w, https:\/\/blogsaverroes.juntadeandalucia.es\/molinilloviejo\/files\/2023\/11\/20231121_173419-1024x768.jpg 1024w, https:\/\/blogsaverroes.juntadeandalucia.es\/molinilloviejo\/files\/2023\/11\/20231121_173419-768x576.jpg 768w, https:\/\/blogsaverroes.juntadeandalucia.es\/molinilloviejo\/files\/2023\/11\/20231121_173419-1536x1152.jpg 1536w, https:\/\/blogsaverroes.juntadeandalucia.es\/molinilloviejo\/files\/2023\/11\/20231121_173419-2048x1536.jpg 2048w, https:\/\/blogsaverroes.juntadeandalucia.es\/molinilloviejo\/files\/2023\/11\/20231121_173419-700x525.jpg 700w\" sizes=\"(max-width: 1600px) 100vw, 1600px\" \/><\/a> <a href=\"https:\/\/blogsaverroes.juntadeandalucia.es\/molinilloviejo\/files\/2023\/11\/20231121_173422-scaled.jpg\"><img loading=\"lazy\" decoding=\"async\" class=\"aligncenter size-full wp-image-24539\" src=\"https:\/\/blogsaverroes.juntadeandalucia.es\/molinilloviejo\/files\/2023\/11\/20231121_173422-scaled.jpg\" alt=\"\" width=\"1600\" height=\"1200\" srcset=\"https:\/\/blogsaverroes.juntadeandalucia.es\/molinilloviejo\/files\/2023\/11\/20231121_173422-scaled.jpg 1600w, https:\/\/blogsaverroes.juntadeandalucia.es\/molinilloviejo\/files\/2023\/11\/20231121_173422-300x225.jpg 300w, https:\/\/blogsaverroes.juntadeandalucia.es\/molinilloviejo\/files\/2023\/11\/20231121_173422-1024x768.jpg 1024w, https:\/\/blogsaverroes.juntadeandalucia.es\/molinilloviejo\/files\/2023\/11\/20231121_173422-768x576.jpg 768w, https:\/\/blogsaverroes.juntadeandalucia.es\/molinilloviejo\/files\/2023\/11\/20231121_173422-1536x1152.jpg 1536w, https:\/\/blogsaverroes.juntadeandalucia.es\/molinilloviejo\/files\/2023\/11\/20231121_173422-2048x1536.jpg 2048w, https:\/\/blogsaverroes.juntadeandalucia.es\/molinilloviejo\/files\/2023\/11\/20231121_173422-700x525.jpg 700w\" sizes=\"(max-width: 1600px) 100vw, 1600px\" \/><\/a> <a href=\"https:\/\/blogsaverroes.juntadeandalucia.es\/molinilloviejo\/files\/2023\/11\/20231121_181927-scaled.jpg\"><img loading=\"lazy\" decoding=\"async\" class=\"aligncenter size-full wp-image-24540\" src=\"https:\/\/blogsaverroes.juntadeandalucia.es\/molinilloviejo\/files\/2023\/11\/20231121_181927-scaled.jpg\" alt=\"\" width=\"1600\" height=\"1200\" srcset=\"https:\/\/blogsaverroes.juntadeandalucia.es\/molinilloviejo\/files\/2023\/11\/20231121_181927-scaled.jpg 1600w, https:\/\/blogsaverroes.juntadeandalucia.es\/molinilloviejo\/files\/2023\/11\/20231121_181927-300x225.jpg 300w, https:\/\/blogsaverroes.juntadeandalucia.es\/molinilloviejo\/files\/2023\/11\/20231121_181927-1024x768.jpg 1024w, https:\/\/blogsaverroes.juntadeandalucia.es\/molinilloviejo\/files\/2023\/11\/20231121_181927-768x576.jpg 768w, https:\/\/blogsaverroes.juntadeandalucia.es\/molinilloviejo\/files\/2023\/11\/20231121_181927-1536x1152.jpg 1536w, https:\/\/blogsaverroes.juntadeandalucia.es\/molinilloviejo\/files\/2023\/11\/20231121_181927-2048x1536.jpg 2048w, https:\/\/blogsaverroes.juntadeandalucia.es\/molinilloviejo\/files\/2023\/11\/20231121_181927-700x525.jpg 700w\" sizes=\"(max-width: 1600px) 100vw, 1600px\" \/><\/a><\/p>\n<p style=\"text-align: center\"><span style=\"font-family: book antiqua, palatino, serif\"><span style=\"font-size: 32px\"><b><span style=\"font-size: 18pt;font-family: 'book antiqua', palatino, serif;color: #993366\">PARTICIPACI\u00d3N EN:<\/span><\/b><\/span><\/span><\/p>\n<p style=\"text-align: justify\"><span style=\"font-size: 18pt;font-family: 'book antiqua', palatino, serif\"><strong>23- NOV a las 17.30 horas<\/strong>, &nbsp;a las puertas del Ayuntamiento. Al acto de concienciaci\u00f3n \u201cUna luz por cada sombra\u201d, <strong>organizado por la Asociaci\u00f3n de Mujeres \u201cDespertar Femenino\u201d<\/strong>. Un emotivo acto en memoria de las v\u00edctimas en que se depositaron velas por cada una de las mismas hasta conformar una preciosa mariposa morada.<\/span><\/p>\n<p><a href=\"https:\/\/blogsaverroes.juntadeandalucia.es\/molinilloviejo\/files\/2023\/11\/20231122_184146-scaled.jpg\"><img loading=\"lazy\" decoding=\"async\" class=\"aligncenter size-full wp-image-24541\" src=\"https:\/\/blogsaverroes.juntadeandalucia.es\/molinilloviejo\/files\/2023\/11\/20231122_184146-scaled.jpg\" alt=\"\" width=\"1600\" height=\"1200\" srcset=\"https:\/\/blogsaverroes.juntadeandalucia.es\/molinilloviejo\/files\/2023\/11\/20231122_184146-scaled.jpg 1600w, https:\/\/blogsaverroes.juntadeandalucia.es\/molinilloviejo\/files\/2023\/11\/20231122_184146-300x225.jpg 300w, https:\/\/blogsaverroes.juntadeandalucia.es\/molinilloviejo\/files\/2023\/11\/20231122_184146-1024x768.jpg 1024w, https:\/\/blogsaverroes.juntadeandalucia.es\/molinilloviejo\/files\/2023\/11\/20231122_184146-768x576.jpg 768w, https:\/\/blogsaverroes.juntadeandalucia.es\/molinilloviejo\/files\/2023\/11\/20231122_184146-1536x1152.jpg 1536w, https:\/\/blogsaverroes.juntadeandalucia.es\/molinilloviejo\/files\/2023\/11\/20231122_184146-2048x1536.jpg 2048w, https:\/\/blogsaverroes.juntadeandalucia.es\/molinilloviejo\/files\/2023\/11\/20231122_184146-700x525.jpg 700w\" sizes=\"(max-width: 1600px) 100vw, 1600px\" \/><\/a> <a href=\"https:\/\/blogsaverroes.juntadeandalucia.es\/molinilloviejo\/files\/2023\/11\/20231122_184232-scaled.jpg\"><img loading=\"lazy\" decoding=\"async\" class=\"aligncenter size-full wp-image-24542\" src=\"https:\/\/blogsaverroes.juntadeandalucia.es\/molinilloviejo\/files\/2023\/11\/20231122_184232-scaled.jpg\" alt=\"\" width=\"1600\" height=\"1200\" srcset=\"https:\/\/blogsaverroes.juntadeandalucia.es\/molinilloviejo\/files\/2023\/11\/20231122_184232-scaled.jpg 1600w, https:\/\/blogsaverroes.juntadeandalucia.es\/molinilloviejo\/files\/2023\/11\/20231122_184232-300x225.jpg 300w, https:\/\/blogsaverroes.juntadeandalucia.es\/molinilloviejo\/files\/2023\/11\/20231122_184232-1024x768.jpg 1024w, https:\/\/blogsaverroes.juntadeandalucia.es\/molinilloviejo\/files\/2023\/11\/20231122_184232-768x576.jpg 768w, https:\/\/blogsaverroes.juntadeandalucia.es\/molinilloviejo\/files\/2023\/11\/20231122_184232-1536x1152.jpg 1536w, https:\/\/blogsaverroes.juntadeandalucia.es\/molinilloviejo\/files\/2023\/11\/20231122_184232-2048x1536.jpg 2048w, https:\/\/blogsaverroes.juntadeandalucia.es\/molinilloviejo\/files\/2023\/11\/20231122_184232-700x525.jpg 700w\" sizes=\"(max-width: 1600px) 100vw, 1600px\" \/><\/a> <a href=\"https:\/\/blogsaverroes.juntadeandalucia.es\/molinilloviejo\/files\/2023\/11\/20231122_184514-scaled.jpg\"><img loading=\"lazy\" decoding=\"async\" class=\"aligncenter size-full wp-image-24543\" src=\"https:\/\/blogsaverroes.juntadeandalucia.es\/molinilloviejo\/files\/2023\/11\/20231122_184514-scaled.jpg\" alt=\"\" width=\"1600\" height=\"1200\" srcset=\"https:\/\/blogsaverroes.juntadeandalucia.es\/molinilloviejo\/files\/2023\/11\/20231122_184514-scaled.jpg 1600w, https:\/\/blogsaverroes.juntadeandalucia.es\/molinilloviejo\/files\/2023\/11\/20231122_184514-300x225.jpg 300w, https:\/\/blogsaverroes.juntadeandalucia.es\/molinilloviejo\/files\/2023\/11\/20231122_184514-1024x768.jpg 1024w, https:\/\/blogsaverroes.juntadeandalucia.es\/molinilloviejo\/files\/2023\/11\/20231122_184514-768x576.jpg 768w, https:\/\/blogsaverroes.juntadeandalucia.es\/molinilloviejo\/files\/2023\/11\/20231122_184514-1536x1152.jpg 1536w, https:\/\/blogsaverroes.juntadeandalucia.es\/molinilloviejo\/files\/2023\/11\/20231122_184514-2048x1536.jpg 2048w, https:\/\/blogsaverroes.juntadeandalucia.es\/molinilloviejo\/files\/2023\/11\/20231122_184514-700x525.jpg 700w\" sizes=\"(max-width: 1600px) 100vw, 1600px\" \/><\/a> <a href=\"https:\/\/blogsaverroes.juntadeandalucia.es\/molinilloviejo\/files\/2023\/11\/20231122_184844-scaled.jpg\"><img loading=\"lazy\" decoding=\"async\" class=\"aligncenter size-full wp-image-24544\" src=\"https:\/\/blogsaverroes.juntadeandalucia.es\/molinilloviejo\/files\/2023\/11\/20231122_184844-scaled.jpg\" alt=\"\" width=\"1600\" height=\"1200\" srcset=\"https:\/\/blogsaverroes.juntadeandalucia.es\/molinilloviejo\/files\/2023\/11\/20231122_184844-scaled.jpg 1600w, https:\/\/blogsaverroes.juntadeandalucia.es\/molinilloviejo\/files\/2023\/11\/20231122_184844-300x225.jpg 300w, https:\/\/blogsaverroes.juntadeandalucia.es\/molinilloviejo\/files\/2023\/11\/20231122_184844-1024x768.jpg 1024w, https:\/\/blogsaverroes.juntadeandalucia.es\/molinilloviejo\/files\/2023\/11\/20231122_184844-768x576.jpg 768w, https:\/\/blogsaverroes.juntadeandalucia.es\/molinilloviejo\/files\/2023\/11\/20231122_184844-1536x1152.jpg 1536w, https:\/\/blogsaverroes.juntadeandalucia.es\/molinilloviejo\/files\/2023\/11\/20231122_184844-2048x1536.jpg 2048w, https:\/\/blogsaverroes.juntadeandalucia.es\/molinilloviejo\/files\/2023\/11\/20231122_184844-700x525.jpg 700w\" sizes=\"(max-width: 1600px) 100vw, 1600px\" \/><\/a> <a href=\"https:\/\/blogsaverroes.juntadeandalucia.es\/molinilloviejo\/files\/2023\/11\/20231122_185115-scaled.jpg\"><img loading=\"lazy\" decoding=\"async\" class=\"aligncenter size-full wp-image-24545\" src=\"https:\/\/blogsaverroes.juntadeandalucia.es\/molinilloviejo\/files\/2023\/11\/20231122_185115-scaled.jpg\" alt=\"\" width=\"1600\" height=\"1200\" srcset=\"https:\/\/blogsaverroes.juntadeandalucia.es\/molinilloviejo\/files\/2023\/11\/20231122_185115-scaled.jpg 1600w, https:\/\/blogsaverroes.juntadeandalucia.es\/molinilloviejo\/files\/2023\/11\/20231122_185115-300x225.jpg 300w, https:\/\/blogsaverroes.juntadeandalucia.es\/molinilloviejo\/files\/2023\/11\/20231122_185115-1024x768.jpg 1024w, https:\/\/blogsaverroes.juntadeandalucia.es\/molinilloviejo\/files\/2023\/11\/20231122_185115-768x576.jpg 768w, https:\/\/blogsaverroes.juntadeandalucia.es\/molinilloviejo\/files\/2023\/11\/20231122_185115-1536x1152.jpg 1536w, https:\/\/blogsaverroes.juntadeandalucia.es\/molinilloviejo\/files\/2023\/11\/20231122_185115-2048x1536.jpg 2048w, https:\/\/blogsaverroes.juntadeandalucia.es\/molinilloviejo\/files\/2023\/11\/20231122_185115-700x525.jpg 700w\" sizes=\"(max-width: 1600px) 100vw, 1600px\" \/><\/a> <a href=\"https:\/\/blogsaverroes.juntadeandalucia.es\/molinilloviejo\/files\/2023\/11\/20231122_185619-scaled.jpg\"><img loading=\"lazy\" decoding=\"async\" class=\"aligncenter size-full wp-image-24546\" src=\"https:\/\/blogsaverroes.juntadeandalucia.es\/molinilloviejo\/files\/2023\/11\/20231122_185619-scaled.jpg\" alt=\"\" width=\"1600\" height=\"1200\" srcset=\"https:\/\/blogsaverroes.juntadeandalucia.es\/molinilloviejo\/files\/2023\/11\/20231122_185619-scaled.jpg 1600w, https:\/\/blogsaverroes.juntadeandalucia.es\/molinilloviejo\/files\/2023\/11\/20231122_185619-300x225.jpg 300w, https:\/\/blogsaverroes.juntadeandalucia.es\/molinilloviejo\/files\/2023\/11\/20231122_185619-1024x768.jpg 1024w, https:\/\/blogsaverroes.juntadeandalucia.es\/molinilloviejo\/files\/2023\/11\/20231122_185619-768x576.jpg 768w, https:\/\/blogsaverroes.juntadeandalucia.es\/molinilloviejo\/files\/2023\/11\/20231122_185619-1536x1152.jpg 1536w, https:\/\/blogsaverroes.juntadeandalucia.es\/molinilloviejo\/files\/2023\/11\/20231122_185619-2048x1536.jpg 2048w, https:\/\/blogsaverroes.juntadeandalucia.es\/molinilloviejo\/files\/2023\/11\/20231122_185619-700x525.jpg 700w\" sizes=\"(max-width: 1600px) 100vw, 1600px\" \/><\/a> <a href=\"https:\/\/blogsaverroes.juntadeandalucia.es\/molinilloviejo\/files\/2023\/11\/20231122_185952-scaled.jpg\"><img loading=\"lazy\" decoding=\"async\" class=\"aligncenter size-full wp-image-24547\" src=\"https:\/\/blogsaverroes.juntadeandalucia.es\/molinilloviejo\/files\/2023\/11\/20231122_185952-scaled.jpg\" alt=\"\" width=\"1600\" height=\"1200\" srcset=\"https:\/\/blogsaverroes.juntadeandalucia.es\/molinilloviejo\/files\/2023\/11\/20231122_185952-scaled.jpg 1600w, https:\/\/blogsaverroes.juntadeandalucia.es\/molinilloviejo\/files\/2023\/11\/20231122_185952-300x225.jpg 300w, https:\/\/blogsaverroes.juntadeandalucia.es\/molinilloviejo\/files\/2023\/11\/20231122_185952-1024x768.jpg 1024w, https:\/\/blogsaverroes.juntadeandalucia.es\/molinilloviejo\/files\/2023\/11\/20231122_185952-768x576.jpg 768w, https:\/\/blogsaverroes.juntadeandalucia.es\/molinilloviejo\/files\/2023\/11\/20231122_185952-1536x1152.jpg 1536w, https:\/\/blogsaverroes.juntadeandalucia.es\/molinilloviejo\/files\/2023\/11\/20231122_185952-2048x1536.jpg 2048w, https:\/\/blogsaverroes.juntadeandalucia.es\/molinilloviejo\/files\/2023\/11\/20231122_185952-700x525.jpg 700w\" sizes=\"(max-width: 1600px) 100vw, 1600px\" \/><\/a><\/p>\n<p style=\"text-align: justify\"><span style=\"font-size: 18pt;font-family: 'book antiqua', palatino, serif\"><strong>25- NOV a las 12.00 horas<\/strong>, <strong>junto con el resto de centros educativos de la localidad<\/strong>, se realiz\u00f3 la lectura del manifiesto por parte del Ayuntamiento, se repartieron y se leyeron frases motivadoras por parte de la Asociaci\u00f3n \u00abAmas de casa Alharilla\u00bb y hubo tambi\u00e9n lecturas por parte de los centros educativos que nos permitieron a los all\u00ed presentes una enorme sensibilizaci\u00f3n y deseo de cambiar las cosas, que terminaron con la canci\u00f3n conjunta de \u00abQue nadie\u201d de Mal\u00fa y Manuel Carrasco.<\/span><\/p>\n<p><a href=\"https:\/\/blogsaverroes.juntadeandalucia.es\/molinilloviejo\/files\/2023\/11\/20231124_115836-scaled.jpg\"><img loading=\"lazy\" decoding=\"async\" class=\"aligncenter size-full wp-image-24548\" src=\"https:\/\/blogsaverroes.juntadeandalucia.es\/molinilloviejo\/files\/2023\/11\/20231124_115836-scaled.jpg\" alt=\"\" width=\"1600\" height=\"1200\" srcset=\"https:\/\/blogsaverroes.juntadeandalucia.es\/molinilloviejo\/files\/2023\/11\/20231124_115836-scaled.jpg 1600w, https:\/\/blogsaverroes.juntadeandalucia.es\/molinilloviejo\/files\/2023\/11\/20231124_115836-300x225.jpg 300w, https:\/\/blogsaverroes.juntadeandalucia.es\/molinilloviejo\/files\/2023\/11\/20231124_115836-1024x768.jpg 1024w, https:\/\/blogsaverroes.juntadeandalucia.es\/molinilloviejo\/files\/2023\/11\/20231124_115836-768x576.jpg 768w, https:\/\/blogsaverroes.juntadeandalucia.es\/molinilloviejo\/files\/2023\/11\/20231124_115836-1536x1152.jpg 1536w, https:\/\/blogsaverroes.juntadeandalucia.es\/molinilloviejo\/files\/2023\/11\/20231124_115836-2048x1536.jpg 2048w, https:\/\/blogsaverroes.juntadeandalucia.es\/molinilloviejo\/files\/2023\/11\/20231124_115836-700x525.jpg 700w\" sizes=\"(max-width: 1600px) 100vw, 1600px\" \/><\/a> <a href=\"https:\/\/blogsaverroes.juntadeandalucia.es\/molinilloviejo\/files\/2023\/11\/IMG-20231124-WA0020.jpg\"><img loading=\"lazy\" decoding=\"async\" class=\"aligncenter size-full wp-image-24549\" src=\"https:\/\/blogsaverroes.juntadeandalucia.es\/molinilloviejo\/files\/2023\/11\/IMG-20231124-WA0020.jpg\" alt=\"\" width=\"1600\" height=\"1200\" srcset=\"https:\/\/blogsaverroes.juntadeandalucia.es\/molinilloviejo\/files\/2023\/11\/IMG-20231124-WA0020.jpg 1600w, https:\/\/blogsaverroes.juntadeandalucia.es\/molinilloviejo\/files\/2023\/11\/IMG-20231124-WA0020-300x225.jpg 300w, https:\/\/blogsaverroes.juntadeandalucia.es\/molinilloviejo\/files\/2023\/11\/IMG-20231124-WA0020-1024x768.jpg 1024w, https:\/\/blogsaverroes.juntadeandalucia.es\/molinilloviejo\/files\/2023\/11\/IMG-20231124-WA0020-768x576.jpg 768w, https:\/\/blogsaverroes.juntadeandalucia.es\/molinilloviejo\/files\/2023\/11\/IMG-20231124-WA0020-1536x1152.jpg 1536w, https:\/\/blogsaverroes.juntadeandalucia.es\/molinilloviejo\/files\/2023\/11\/IMG-20231124-WA0020-700x525.jpg 700w\" sizes=\"(max-width: 1600px) 100vw, 1600px\" \/><\/a> <a href=\"https:\/\/blogsaverroes.juntadeandalucia.es\/molinilloviejo\/files\/2023\/11\/IMG-20231124-WA0021.jpg\"><img loading=\"lazy\" decoding=\"async\" class=\"aligncenter size-full wp-image-24550\" src=\"https:\/\/blogsaverroes.juntadeandalucia.es\/molinilloviejo\/files\/2023\/11\/IMG-20231124-WA0021.jpg\" alt=\"\" width=\"1600\" height=\"1200\" srcset=\"https:\/\/blogsaverroes.juntadeandalucia.es\/molinilloviejo\/files\/2023\/11\/IMG-20231124-WA0021.jpg 1600w, https:\/\/blogsaverroes.juntadeandalucia.es\/molinilloviejo\/files\/2023\/11\/IMG-20231124-WA0021-300x225.jpg 300w, https:\/\/blogsaverroes.juntadeandalucia.es\/molinilloviejo\/files\/2023\/11\/IMG-20231124-WA0021-1024x768.jpg 1024w, https:\/\/blogsaverroes.juntadeandalucia.es\/molinilloviejo\/files\/2023\/11\/IMG-20231124-WA0021-768x576.jpg 768w, https:\/\/blogsaverroes.juntadeandalucia.es\/molinilloviejo\/files\/2023\/11\/IMG-20231124-WA0021-1536x1152.jpg 1536w, https:\/\/blogsaverroes.juntadeandalucia.es\/molinilloviejo\/files\/2023\/11\/IMG-20231124-WA0021-700x525.jpg 700w\" sizes=\"(max-width: 1600px) 100vw, 1600px\" \/><\/a> <a href=\"https:\/\/blogsaverroes.juntadeandalucia.es\/molinilloviejo\/files\/2023\/11\/IMG-20231124-WA0022.jpg\"><img loading=\"lazy\" decoding=\"async\" class=\"aligncenter size-full wp-image-24551\" src=\"https:\/\/blogsaverroes.juntadeandalucia.es\/molinilloviejo\/files\/2023\/11\/IMG-20231124-WA0022.jpg\" alt=\"\" width=\"1600\" height=\"1200\" srcset=\"https:\/\/blogsaverroes.juntadeandalucia.es\/molinilloviejo\/files\/2023\/11\/IMG-20231124-WA0022.jpg 1600w, https:\/\/blogsaverroes.juntadeandalucia.es\/molinilloviejo\/files\/2023\/11\/IMG-20231124-WA0022-300x225.jpg 300w, https:\/\/blogsaverroes.juntadeandalucia.es\/molinilloviejo\/files\/2023\/11\/IMG-20231124-WA0022-1024x768.jpg 1024w, https:\/\/blogsaverroes.juntadeandalucia.es\/molinilloviejo\/files\/2023\/11\/IMG-20231124-WA0022-768x576.jpg 768w, https:\/\/blogsaverroes.juntadeandalucia.es\/molinilloviejo\/files\/2023\/11\/IMG-20231124-WA0022-1536x1152.jpg 1536w, https:\/\/blogsaverroes.juntadeandalucia.es\/molinilloviejo\/files\/2023\/11\/IMG-20231124-WA0022-700x525.jpg 700w\" sizes=\"(max-width: 1600px) 100vw, 1600px\" \/><\/a> <a href=\"https:\/\/blogsaverroes.juntadeandalucia.es\/molinilloviejo\/files\/2023\/11\/IMG-20231124-WA0023.jpg\"><img loading=\"lazy\" decoding=\"async\" class=\"aligncenter size-full wp-image-24552\" src=\"https:\/\/blogsaverroes.juntadeandalucia.es\/molinilloviejo\/files\/2023\/11\/IMG-20231124-WA0023.jpg\" alt=\"\" width=\"1600\" height=\"1200\" srcset=\"https:\/\/blogsaverroes.juntadeandalucia.es\/molinilloviejo\/files\/2023\/11\/IMG-20231124-WA0023.jpg 1600w, https:\/\/blogsaverroes.juntadeandalucia.es\/molinilloviejo\/files\/2023\/11\/IMG-20231124-WA0023-300x225.jpg 300w, https:\/\/blogsaverroes.juntadeandalucia.es\/molinilloviejo\/files\/2023\/11\/IMG-20231124-WA0023-1024x768.jpg 1024w, https:\/\/blogsaverroes.juntadeandalucia.es\/molinilloviejo\/files\/2023\/11\/IMG-20231124-WA0023-768x576.jpg 768w, https:\/\/blogsaverroes.juntadeandalucia.es\/molinilloviejo\/files\/2023\/11\/IMG-20231124-WA0023-1536x1152.jpg 1536w, https:\/\/blogsaverroes.juntadeandalucia.es\/molinilloviejo\/files\/2023\/11\/IMG-20231124-WA0023-700x525.jpg 700w\" sizes=\"(max-width: 1600px) 100vw, 1600px\" \/><\/a> <a href=\"https:\/\/blogsaverroes.juntadeandalucia.es\/molinilloviejo\/files\/2023\/11\/IMG-20231124-WA0024.jpg\"><img loading=\"lazy\" decoding=\"async\" class=\"aligncenter size-full wp-image-24553\" src=\"https:\/\/blogsaverroes.juntadeandalucia.es\/molinilloviejo\/files\/2023\/11\/IMG-20231124-WA0024.jpg\" alt=\"\" width=\"1600\" height=\"1200\" srcset=\"https:\/\/blogsaverroes.juntadeandalucia.es\/molinilloviejo\/files\/2023\/11\/IMG-20231124-WA0024.jpg 1600w, https:\/\/blogsaverroes.juntadeandalucia.es\/molinilloviejo\/files\/2023\/11\/IMG-20231124-WA0024-300x225.jpg 300w, https:\/\/blogsaverroes.juntadeandalucia.es\/molinilloviejo\/files\/2023\/11\/IMG-20231124-WA0024-1024x768.jpg 1024w, https:\/\/blogsaverroes.juntadeandalucia.es\/molinilloviejo\/files\/2023\/11\/IMG-20231124-WA0024-768x576.jpg 768w, https:\/\/blogsaverroes.juntadeandalucia.es\/molinilloviejo\/files\/2023\/11\/IMG-20231124-WA0024-1536x1152.jpg 1536w, https:\/\/blogsaverroes.juntadeandalucia.es\/molinilloviejo\/files\/2023\/11\/IMG-20231124-WA0024-700x525.jpg 700w\" sizes=\"(max-width: 1600px) 100vw, 1600px\" \/><\/a> <a href=\"https:\/\/blogsaverroes.juntadeandalucia.es\/molinilloviejo\/files\/2023\/11\/IMG-20231124-WA0027.jpg\"><img loading=\"lazy\" decoding=\"async\" class=\"aligncenter size-full wp-image-24554\" src=\"https:\/\/blogsaverroes.juntadeandalucia.es\/molinilloviejo\/files\/2023\/11\/IMG-20231124-WA0027.jpg\" alt=\"\" width=\"1200\" height=\"1600\" srcset=\"https:\/\/blogsaverroes.juntadeandalucia.es\/molinilloviejo\/files\/2023\/11\/IMG-20231124-WA0027.jpg 1200w, https:\/\/blogsaverroes.juntadeandalucia.es\/molinilloviejo\/files\/2023\/11\/IMG-20231124-WA0027-225x300.jpg 225w, https:\/\/blogsaverroes.juntadeandalucia.es\/molinilloviejo\/files\/2023\/11\/IMG-20231124-WA0027-768x1024.jpg 768w, https:\/\/blogsaverroes.juntadeandalucia.es\/molinilloviejo\/files\/2023\/11\/IMG-20231124-WA0027-1152x1536.jpg 1152w, https:\/\/blogsaverroes.juntadeandalucia.es\/molinilloviejo\/files\/2023\/11\/IMG-20231124-WA0027-700x933.jpg 700w\" sizes=\"(max-width: 1200px) 100vw, 1200px\" \/><\/a> <a href=\"https:\/\/blogsaverroes.juntadeandalucia.es\/molinilloviejo\/files\/2023\/11\/IMG-20231124-WA0030.jpg\"><img loading=\"lazy\" decoding=\"async\" class=\"aligncenter size-full wp-image-24555\" src=\"https:\/\/blogsaverroes.juntadeandalucia.es\/molinilloviejo\/files\/2023\/11\/IMG-20231124-WA0030.jpg\" alt=\"\" width=\"1600\" height=\"1200\" srcset=\"https:\/\/blogsaverroes.juntadeandalucia.es\/molinilloviejo\/files\/2023\/11\/IMG-20231124-WA0030.jpg 1600w, https:\/\/blogsaverroes.juntadeandalucia.es\/molinilloviejo\/files\/2023\/11\/IMG-20231124-WA0030-300x225.jpg 300w, https:\/\/blogsaverroes.juntadeandalucia.es\/molinilloviejo\/files\/2023\/11\/IMG-20231124-WA0030-1024x768.jpg 1024w, https:\/\/blogsaverroes.juntadeandalucia.es\/molinilloviejo\/files\/2023\/11\/IMG-20231124-WA0030-768x576.jpg 768w, https:\/\/blogsaverroes.juntadeandalucia.es\/molinilloviejo\/files\/2023\/11\/IMG-20231124-WA0030-1536x1152.jpg 1536w, https:\/\/blogsaverroes.juntadeandalucia.es\/molinilloviejo\/files\/2023\/11\/IMG-20231124-WA0030-700x525.jpg 700w\" sizes=\"(max-width: 1600px) 100vw, 1600px\" \/><\/a> <a href=\"https:\/\/blogsaverroes.juntadeandalucia.es\/molinilloviejo\/files\/2023\/11\/IMG-20231124-WA0034.jpg\"><img loading=\"lazy\" decoding=\"async\" class=\"aligncenter size-full wp-image-24556\" src=\"https:\/\/blogsaverroes.juntadeandalucia.es\/molinilloviejo\/files\/2023\/11\/IMG-20231124-WA0034.jpg\" alt=\"\" width=\"1600\" height=\"1200\" srcset=\"https:\/\/blogsaverroes.juntadeandalucia.es\/molinilloviejo\/files\/2023\/11\/IMG-20231124-WA0034.jpg 1600w, https:\/\/blogsaverroes.juntadeandalucia.es\/molinilloviejo\/files\/2023\/11\/IMG-20231124-WA0034-300x225.jpg 300w, https:\/\/blogsaverroes.juntadeandalucia.es\/molinilloviejo\/files\/2023\/11\/IMG-20231124-WA0034-1024x768.jpg 1024w, https:\/\/blogsaverroes.juntadeandalucia.es\/molinilloviejo\/files\/2023\/11\/IMG-20231124-WA0034-768x576.jpg 768w, https:\/\/blogsaverroes.juntadeandalucia.es\/molinilloviejo\/files\/2023\/11\/IMG-20231124-WA0034-1536x1152.jpg 1536w, https:\/\/blogsaverroes.juntadeandalucia.es\/molinilloviejo\/files\/2023\/11\/IMG-20231124-WA0034-700x525.jpg 700w\" sizes=\"(max-width: 1600px) 100vw, 1600px\" \/><\/a> <a href=\"https:\/\/blogsaverroes.juntadeandalucia.es\/molinilloviejo\/files\/2023\/11\/IMG-20231124-WA0036.jpg\"><img loading=\"lazy\" decoding=\"async\" class=\"aligncenter size-full wp-image-24557\" src=\"https:\/\/blogsaverroes.juntadeandalucia.es\/molinilloviejo\/files\/2023\/11\/IMG-20231124-WA0036.jpg\" alt=\"\" width=\"1600\" height=\"1200\" srcset=\"https:\/\/blogsaverroes.juntadeandalucia.es\/molinilloviejo\/files\/2023\/11\/IMG-20231124-WA0036.jpg 1600w, https:\/\/blogsaverroes.juntadeandalucia.es\/molinilloviejo\/files\/2023\/11\/IMG-20231124-WA0036-300x225.jpg 300w, https:\/\/blogsaverroes.juntadeandalucia.es\/molinilloviejo\/files\/2023\/11\/IMG-20231124-WA0036-1024x768.jpg 1024w, https:\/\/blogsaverroes.juntadeandalucia.es\/molinilloviejo\/files\/2023\/11\/IMG-20231124-WA0036-768x576.jpg 768w, https:\/\/blogsaverroes.juntadeandalucia.es\/molinilloviejo\/files\/2023\/11\/IMG-20231124-WA0036-1536x1152.jpg 1536w, https:\/\/blogsaverroes.juntadeandalucia.es\/molinilloviejo\/files\/2023\/11\/IMG-20231124-WA0036-700x525.jpg 700w\" sizes=\"(max-width: 1600px) 100vw, 1600px\" \/><\/a> <a href=\"https:\/\/blogsaverroes.juntadeandalucia.es\/molinilloviejo\/files\/2023\/11\/IMG-20231124-WA0069.jpg\"><img loading=\"lazy\" decoding=\"async\" class=\"aligncenter size-full wp-image-24558\" src=\"https:\/\/blogsaverroes.juntadeandalucia.es\/molinilloviejo\/files\/2023\/11\/IMG-20231124-WA0069.jpg\" alt=\"\" width=\"1600\" height=\"720\" srcset=\"https:\/\/blogsaverroes.juntadeandalucia.es\/molinilloviejo\/files\/2023\/11\/IMG-20231124-WA0069.jpg 1600w, https:\/\/blogsaverroes.juntadeandalucia.es\/molinilloviejo\/files\/2023\/11\/IMG-20231124-WA0069-300x135.jpg 300w, https:\/\/blogsaverroes.juntadeandalucia.es\/molinilloviejo\/files\/2023\/11\/IMG-20231124-WA0069-1024x461.jpg 1024w, https:\/\/blogsaverroes.juntadeandalucia.es\/molinilloviejo\/files\/2023\/11\/IMG-20231124-WA0069-768x346.jpg 768w, https:\/\/blogsaverroes.juntadeandalucia.es\/molinilloviejo\/files\/2023\/11\/IMG-20231124-WA0069-1536x691.jpg 1536w, https:\/\/blogsaverroes.juntadeandalucia.es\/molinilloviejo\/files\/2023\/11\/IMG-20231124-WA0069-700x315.jpg 700w\" sizes=\"(max-width: 1600px) 100vw, 1600px\" \/><\/a> <a href=\"https:\/\/blogsaverroes.juntadeandalucia.es\/molinilloviejo\/files\/2023\/11\/IMG-20231124-WA0071.jpg\"><img loading=\"lazy\" decoding=\"async\" class=\"aligncenter size-full wp-image-24559\" src=\"https:\/\/blogsaverroes.juntadeandalucia.es\/molinilloviejo\/files\/2023\/11\/IMG-20231124-WA0071.jpg\" alt=\"\" width=\"1600\" height=\"720\" srcset=\"https:\/\/blogsaverroes.juntadeandalucia.es\/molinilloviejo\/files\/2023\/11\/IMG-20231124-WA0071.jpg 1600w, https:\/\/blogsaverroes.juntadeandalucia.es\/molinilloviejo\/files\/2023\/11\/IMG-20231124-WA0071-300x135.jpg 300w, https:\/\/blogsaverroes.juntadeandalucia.es\/molinilloviejo\/files\/2023\/11\/IMG-20231124-WA0071-1024x461.jpg 1024w, https:\/\/blogsaverroes.juntadeandalucia.es\/molinilloviejo\/files\/2023\/11\/IMG-20231124-WA0071-768x346.jpg 768w, https:\/\/blogsaverroes.juntadeandalucia.es\/molinilloviejo\/files\/2023\/11\/IMG-20231124-WA0071-1536x691.jpg 1536w, https:\/\/blogsaverroes.juntadeandalucia.es\/molinilloviejo\/files\/2023\/11\/IMG-20231124-WA0071-700x315.jpg 700w\" sizes=\"(max-width: 1600px) 100vw, 1600px\" \/><\/a> <a href=\"https:\/\/blogsaverroes.juntadeandalucia.es\/molinilloviejo\/files\/2023\/11\/IMG-20231124-WA0074.jpg\"><img loading=\"lazy\" decoding=\"async\" class=\"aligncenter size-full wp-image-24560\" src=\"https:\/\/blogsaverroes.juntadeandalucia.es\/molinilloviejo\/files\/2023\/11\/IMG-20231124-WA0074.jpg\" alt=\"\" width=\"1600\" height=\"720\" srcset=\"https:\/\/blogsaverroes.juntadeandalucia.es\/molinilloviejo\/files\/2023\/11\/IMG-20231124-WA0074.jpg 1600w, https:\/\/blogsaverroes.juntadeandalucia.es\/molinilloviejo\/files\/2023\/11\/IMG-20231124-WA0074-300x135.jpg 300w, https:\/\/blogsaverroes.juntadeandalucia.es\/molinilloviejo\/files\/2023\/11\/IMG-20231124-WA0074-1024x461.jpg 1024w, https:\/\/blogsaverroes.juntadeandalucia.es\/molinilloviejo\/files\/2023\/11\/IMG-20231124-WA0074-768x346.jpg 768w, https:\/\/blogsaverroes.juntadeandalucia.es\/molinilloviejo\/files\/2023\/11\/IMG-20231124-WA0074-1536x691.jpg 1536w, https:\/\/blogsaverroes.juntadeandalucia.es\/molinilloviejo\/files\/2023\/11\/IMG-20231124-WA0074-700x315.jpg 700w\" sizes=\"(max-width: 1600px) 100vw, 1600px\" \/><\/a> <a href=\"https:\/\/blogsaverroes.juntadeandalucia.es\/molinilloviejo\/files\/2023\/11\/IMG-20231124-WA0079.jpg\"><img loading=\"lazy\" decoding=\"async\" class=\"aligncenter size-full wp-image-24561\" src=\"https:\/\/blogsaverroes.juntadeandalucia.es\/molinilloviejo\/files\/2023\/11\/IMG-20231124-WA0079.jpg\" alt=\"\" width=\"1600\" height=\"720\" srcset=\"https:\/\/blogsaverroes.juntadeandalucia.es\/molinilloviejo\/files\/2023\/11\/IMG-20231124-WA0079.jpg 1600w, https:\/\/blogsaverroes.juntadeandalucia.es\/molinilloviejo\/files\/2023\/11\/IMG-20231124-WA0079-300x135.jpg 300w, https:\/\/blogsaverroes.juntadeandalucia.es\/molinilloviejo\/files\/2023\/11\/IMG-20231124-WA0079-1024x461.jpg 1024w, https:\/\/blogsaverroes.juntadeandalucia.es\/molinilloviejo\/files\/2023\/11\/IMG-20231124-WA0079-768x346.jpg 768w, https:\/\/blogsaverroes.juntadeandalucia.es\/molinilloviejo\/files\/2023\/11\/IMG-20231124-WA0079-1536x691.jpg 1536w, https:\/\/blogsaverroes.juntadeandalucia.es\/molinilloviejo\/files\/2023\/11\/IMG-20231124-WA0079-700x315.jpg 700w\" sizes=\"(max-width: 1600px) 100vw, 1600px\" \/><\/a> <a href=\"https:\/\/blogsaverroes.juntadeandalucia.es\/molinilloviejo\/files\/2023\/11\/IMG-20231124-WA0082.jpg\"><img loading=\"lazy\" decoding=\"async\" class=\"aligncenter size-full wp-image-24562\" src=\"https:\/\/blogsaverroes.juntadeandalucia.es\/molinilloviejo\/files\/2023\/11\/IMG-20231124-WA0082.jpg\" alt=\"\" width=\"1600\" height=\"720\" srcset=\"https:\/\/blogsaverroes.juntadeandalucia.es\/molinilloviejo\/files\/2023\/11\/IMG-20231124-WA0082.jpg 1600w, https:\/\/blogsaverroes.juntadeandalucia.es\/molinilloviejo\/files\/2023\/11\/IMG-20231124-WA0082-300x135.jpg 300w, https:\/\/blogsaverroes.juntadeandalucia.es\/molinilloviejo\/files\/2023\/11\/IMG-20231124-WA0082-1024x461.jpg 1024w, https:\/\/blogsaverroes.juntadeandalucia.es\/molinilloviejo\/files\/2023\/11\/IMG-20231124-WA0082-768x346.jpg 768w, https:\/\/blogsaverroes.juntadeandalucia.es\/molinilloviejo\/files\/2023\/11\/IMG-20231124-WA0082-1536x691.jpg 1536w, https:\/\/blogsaverroes.juntadeandalucia.es\/molinilloviejo\/files\/2023\/11\/IMG-20231124-WA0082-700x315.jpg 700w\" sizes=\"(max-width: 1600px) 100vw, 1600px\" \/><\/a> <a href=\"https:\/\/blogsaverroes.juntadeandalucia.es\/molinilloviejo\/files\/2023\/11\/IMG-20231124-WA0083.jpg\"><img loading=\"lazy\" decoding=\"async\" class=\"aligncenter size-full wp-image-24563\" src=\"https:\/\/blogsaverroes.juntadeandalucia.es\/molinilloviejo\/files\/2023\/11\/IMG-20231124-WA0083.jpg\" alt=\"\" width=\"1600\" height=\"720\" srcset=\"https:\/\/blogsaverroes.juntadeandalucia.es\/molinilloviejo\/files\/2023\/11\/IMG-20231124-WA0083.jpg 1600w, https:\/\/blogsaverroes.juntadeandalucia.es\/molinilloviejo\/files\/2023\/11\/IMG-20231124-WA0083-300x135.jpg 300w, https:\/\/blogsaverroes.juntadeandalucia.es\/molinilloviejo\/files\/2023\/11\/IMG-20231124-WA0083-1024x461.jpg 1024w, https:\/\/blogsaverroes.juntadeandalucia.es\/molinilloviejo\/files\/2023\/11\/IMG-20231124-WA0083-768x346.jpg 768w, https:\/\/blogsaverroes.juntadeandalucia.es\/molinilloviejo\/files\/2023\/11\/IMG-20231124-WA0083-1536x691.jpg 1536w, https:\/\/blogsaverroes.juntadeandalucia.es\/molinilloviejo\/files\/2023\/11\/IMG-20231124-WA0083-700x315.jpg 700w\" sizes=\"(max-width: 1600px) 100vw, 1600px\" \/><\/a><\/p>\n<p style=\"text-align: right\"><span style=\"font-size: 18pt;font-family: 'book antiqua', palatino, serif\">Con todo nuestro cari\u00f1o,<\/span><\/p>\n<p style=\"text-align: right\"><span style=\"font-size: 18pt;font-family: 'book antiqua', palatino, serif\">Alba, Juan Pedro y Marta.<\/span><\/p>\n","protected":false},"excerpt":{"rendered":"<p>Nuestra secci\u00f3n educativa \u00abMolinillo Viejo\u00bb como cada a\u00f1o se mantiene activa en la lucha contra la violencia de g\u00e9nero. Desde el d\u00eda 22 al 24 de Noviembre, han sido muchas las actividades programadas que&#46;&#46;&#46;<\/p>\n","protected":false},"author":2172,"featured_media":0,"comment_status":"open","ping_status":"open","sticky":false,"template":"","format":"standard","meta":{"ngg_post_thumbnail":0,"footnotes":""},"categories":[11909],"tags":[],"aioseo_notices":[],"_links":{"self":[{"href":"https:\/\/blogsaverroes.juntadeandalucia.es\/molinilloviejo\/wp-json\/wp\/v2\/posts\/24523"}],"collection":[{"href":"https:\/\/blogsaverroes.juntadeandalucia.es\/molinilloviejo\/wp-json\/wp\/v2\/posts"}],"about":[{"href":"https:\/\/blogsaverroes.juntadeandalucia.es\/molinilloviejo\/wp-json\/wp\/v2\/types\/post"}],"author":[{"embeddable":true,"href":"https:\/\/blogsaverroes.juntadeandalucia.es\/molinilloviejo\/wp-json\/wp\/v2\/users\/2172"}],"replies":[{"embeddable":true,"href":"https:\/\/blogsaverroes.juntadeandalucia.es\/molinilloviejo\/wp-json\/wp\/v2\/comments?post=24523"}],"version-history":[{"count":2,"href":"https:\/\/blogsaverroes.juntadeandalucia.es\/molinilloviejo\/wp-json\/wp\/v2\/posts\/24523\/revisions"}],"predecessor-version":[{"id":24564,"href":"https:\/\/blogsaverroes.juntadeandalucia.es\/molinilloviejo\/wp-json\/wp\/v2\/posts\/24523\/revisions\/24564"}],"wp:attachment":[{"href":"https:\/\/blogsaverroes.juntadeandalucia.es\/molinilloviejo\/wp-json\/wp\/v2\/media?parent=24523"}],"wp:term":[{"taxonomy":"category","embeddable":true,"href":"https:\/\/blogsaverroes.juntadeandalucia.es\/molinilloviejo\/wp-json\/wp\/v2\/categories?post=24523"},{"taxonomy":"post_tag","embeddable":true,"href":"https:\/\/blogsaverroes.juntadeandalucia.es\/molinilloviejo\/wp-json\/wp\/v2\/tags?post=24523"}],"curies":[{"name":"wp","href":"https:\/\/api.w.org\/{rel}","templated":true}]}}