{"id":26224,"date":"2025-04-16T08:29:06","date_gmt":"2025-04-16T06:29:06","guid":{"rendered":"https:\/\/blogsaverroes.juntadeandalucia.es\/molinilloviejo\/?p=26224"},"modified":"2025-04-16T08:29:06","modified_gmt":"2025-04-16T06:29:06","slug":"rumbo-a-caceres-y-merida","status":"publish","type":"post","link":"https:\/\/blogsaverroes.juntadeandalucia.es\/molinilloviejo\/2025\/04\/16\/rumbo-a-caceres-y-merida\/","title":{"rendered":"\u00a1 Rumbo a C\u00e1ceres y M\u00e9rida!"},"content":{"rendered":"<p style=\"text-align: justify\"><span style=\"font-size: 18pt;font-family: 'book antiqua', palatino, serif\">El d\u00eda 5 s\u00e1bado a las 5.30 horas dimos comienzo a nuestro tradicional viaje, este a\u00f1o a C\u00e1ceres y M\u00e9rida.<\/span><\/p>\n<p><a href=\"https:\/\/blogsaverroes.juntadeandalucia.es\/molinilloviejo\/files\/2025\/04\/WhatsApp-Image-2025-04-05-at-11.46.39-1.jpeg\"><img loading=\"lazy\" decoding=\"async\" class=\"aligncenter size-full wp-image-26351\" src=\"https:\/\/blogsaverroes.juntadeandalucia.es\/molinilloviejo\/files\/2025\/04\/WhatsApp-Image-2025-04-05-at-11.46.39-1.jpeg\" alt=\"\" width=\"1600\" height=\"1200\" srcset=\"https:\/\/blogsaverroes.juntadeandalucia.es\/molinilloviejo\/files\/2025\/04\/WhatsApp-Image-2025-04-05-at-11.46.39-1.jpeg 1600w, https:\/\/blogsaverroes.juntadeandalucia.es\/molinilloviejo\/files\/2025\/04\/WhatsApp-Image-2025-04-05-at-11.46.39-1-300x225.jpeg 300w, https:\/\/blogsaverroes.juntadeandalucia.es\/molinilloviejo\/files\/2025\/04\/WhatsApp-Image-2025-04-05-at-11.46.39-1-1024x768.jpeg 1024w, https:\/\/blogsaverroes.juntadeandalucia.es\/molinilloviejo\/files\/2025\/04\/WhatsApp-Image-2025-04-05-at-11.46.39-1-768x576.jpeg 768w, https:\/\/blogsaverroes.juntadeandalucia.es\/molinilloviejo\/files\/2025\/04\/WhatsApp-Image-2025-04-05-at-11.46.39-1-1536x1152.jpeg 1536w, https:\/\/blogsaverroes.juntadeandalucia.es\/molinilloviejo\/files\/2025\/04\/WhatsApp-Image-2025-04-05-at-11.46.39-1-700x525.jpeg 700w\" sizes=\"(max-width: 1600px) 100vw, 1600px\" \/><\/a><\/p>\n<p style=\"text-align: justify\"><span style=\"font-size: 18pt;font-family: 'book antiqua', palatino, serif\">A mitad de camino, hicimos una parada para desayunar y comer nuestro t\u00edpico rosco porcunense. A las 11 de la ma\u00f1ana nos esperaba nuestro gu\u00eda, con el cu\u00e1l nos dirigimos a la Plaza Mayor para dar comienzo a nuestra visita ya que&nbsp; es el centro neur\u00e1lgico de la ciudad, uno de los principales atractivos de C\u00e1ceres.<\/span><\/p>\n<p style=\"text-align: justify\"><span style=\"font-size: 18pt;font-family: 'book antiqua', palatino, serif\">La parte oeste est\u00e1 rodeada por soportales del siglo XVI y, en cada uno de ellos se agrup\u00f3 un gremio de comerciantes y artesanos en al Edad Media. Se puede ver el \u00abEl Portal de los Plateros\u00bb, el \u00abPortal de los escribanos\u00bb o, entre otros, \u00abLa Botica\u00bb&#8230; Es una zona con multitud de restaurantes, una plaza en la que se celebran varios eventos. En nuestro viaje tuvimos la gran casualidad de coincidir con las \u00abFiestas Jato\u00bb, con lo cu\u00e1l estaba lleno de STAND con talleres, artesan\u00eda, desfiles de trajes regionales y romanos&#8230;<\/span><\/p>\n<p style=\"text-align: justify\"><span style=\"font-size: 18pt;font-family: 'book antiqua', palatino, serif\">Pudimos pasear por su casco antiguo,&nbsp; coment\u00e1bamos que era comoviajar por el tiempo; es retroceder a la \u00e9poca medieval y sentirse inmerso en un escenario de pel\u00edcula, con majestuosos palacios como el de Carvajal o el de los Golfines, sus casas se\u00f1oriales, el \u00abArco de la Estrella\u00bb, el pintoresco barrio de San Antonio y sus calles empedradas, en definitiva, una ciudad maravillosa.<\/span><\/p>\n<p style=\"text-align: justify\"><span style=\"font-size: 18pt;font-family: 'book antiqua', palatino, serif\">A las 14:00 horas comimos y pusimos rumbo a M\u00e9rida al hotel y tener la tarde-noche libre. A las 9.30 horas del d\u00eda 6, nuestro gu\u00eda Rafa estaba ya dispuesto a ense\u00f1arnos la peque\u00f1a ciudad de M\u00e9rida, cuya peculiaridad, es que al ser un museo al aire libre, la puedes visitar paseando. el atractivo tur\u00edstico de mayor calado es su teatro romano, fue construido en el siglo I a.C, actualmente, sigue acogiendo teatros cl\u00e1sicos y conciertos que tienen una magia especial debido a su hist\u00f3rico e impactante marco. El escenario, con sus columnas y estatuas, es majestuoso. En la parte posterior del teatro hay un jard\u00edn fortificado para dar un agradable paseo entre restos de columnas.<\/span><\/p>\n<p style=\"text-align: justify\"><span style=\"font-size: 18pt;font-family: 'book antiqua', palatino, serif\">El anfiteatro donde se celebraban los combates, entre gladiadores y animales en tiempos de los romanos, con capacidad para 15.000 espectadores lo que mejor se conserva son las gradas bajas que bordean la arena de forma el\u00edptica. Adem\u00e1s, de las galer\u00edas que conducen al espacio donde se realizaban las batallas.<\/span><\/p>\n<p style=\"text-align: justify\"><span style=\"font-size: 18pt;font-family: 'book antiqua', palatino, serif\">\u00abEl Templo de Diana\u00bb, monumento emblem\u00e1tico que te encuentras paseando por la ciudad, datan su construcci\u00f3n a finales del S.I a.C, es el \u00fanico de car\u00e1cter religioso. Cuentan con portentosas columnas y su frontal rematado por un arco de medio punto. Diana era la diosa del parto. El \u00abArco de Trajano\u00bb y la \u00abLoba Capitolina\u00bb que se encuentra en lo alto de un pedestal contemplando el paso del r\u00edo Guadiana en el que est\u00e1 el puente romano, construido por el emperador romano a finales del primer siglo, est\u00e1 compuesto por 70 arcos de medio punto, tiene casi 800 m de largo y 12 de alto en los puntos m\u00e1s elevados, es un puente cerrado al tr\u00e1fico y, por el cuaa pasear es todo un placer. Despu\u00e9s de la comida y el caf\u00e9 pusimos rumbo a Porcuna. Un viaje lleno de risas y an\u00e9cdotas, en el que dimos las gracias por acompa\u00f1arnos a Miguel y a Dori y a Manuel nuestro conductor.<\/span><\/p>\nngg_shortcode_0_placeholder\n<p><a href=\"https:\/\/blogsaverroes.juntadeandalucia.es\/molinilloviejo\/files\/2025\/04\/WhatsApp-Image-2025-04-06-at-17.27.34.jpeg\"><img loading=\"lazy\" decoding=\"async\" class=\"aligncenter size-full wp-image-26299\" src=\"https:\/\/blogsaverroes.juntadeandalucia.es\/molinilloviejo\/files\/2025\/04\/WhatsApp-Image-2025-04-06-at-17.27.34.jpeg\" alt=\"\" width=\"1600\" height=\"720\" srcset=\"https:\/\/blogsaverroes.juntadeandalucia.es\/molinilloviejo\/files\/2025\/04\/WhatsApp-Image-2025-04-06-at-17.27.34.jpeg 1600w, https:\/\/blogsaverroes.juntadeandalucia.es\/molinilloviejo\/files\/2025\/04\/WhatsApp-Image-2025-04-06-at-17.27.34-300x135.jpeg 300w, https:\/\/blogsaverroes.juntadeandalucia.es\/molinilloviejo\/files\/2025\/04\/WhatsApp-Image-2025-04-06-at-17.27.34-1024x461.jpeg 1024w, https:\/\/blogsaverroes.juntadeandalucia.es\/molinilloviejo\/files\/2025\/04\/WhatsApp-Image-2025-04-06-at-17.27.34-768x346.jpeg 768w, https:\/\/blogsaverroes.juntadeandalucia.es\/molinilloviejo\/files\/2025\/04\/WhatsApp-Image-2025-04-06-at-17.27.34-1536x691.jpeg 1536w, https:\/\/blogsaverroes.juntadeandalucia.es\/molinilloviejo\/files\/2025\/04\/WhatsApp-Image-2025-04-06-at-17.27.34-700x315.jpeg 700w\" sizes=\"(max-width: 1600px) 100vw, 1600px\" \/><\/a><\/p>\n<p><a href=\"https:\/\/blogsaverroes.juntadeandalucia.es\/molinilloviejo\/files\/2024\/09\/ESCUDO-ASOCIACION-NUNCA-ES-TARDE.jpeg\"><img loading=\"lazy\" decoding=\"async\" class=\"aligncenter wp-image-25447 size-medium\" src=\"https:\/\/blogsaverroes.juntadeandalucia.es\/molinilloviejo\/files\/2024\/09\/ESCUDO-ASOCIACION-NUNCA-ES-TARDE-297x300.jpeg\" alt=\"\" width=\"297\" height=\"300\" srcset=\"https:\/\/blogsaverroes.juntadeandalucia.es\/molinilloviejo\/files\/2024\/09\/ESCUDO-ASOCIACION-NUNCA-ES-TARDE-297x300.jpeg 297w, https:\/\/blogsaverroes.juntadeandalucia.es\/molinilloviejo\/files\/2024\/09\/ESCUDO-ASOCIACION-NUNCA-ES-TARDE-1015x1024.jpeg 1015w, https:\/\/blogsaverroes.juntadeandalucia.es\/molinilloviejo\/files\/2024\/09\/ESCUDO-ASOCIACION-NUNCA-ES-TARDE-768x775.jpeg 768w, https:\/\/blogsaverroes.juntadeandalucia.es\/molinilloviejo\/files\/2024\/09\/ESCUDO-ASOCIACION-NUNCA-ES-TARDE-1522x1536.jpeg 1522w, https:\/\/blogsaverroes.juntadeandalucia.es\/molinilloviejo\/files\/2024\/09\/ESCUDO-ASOCIACION-NUNCA-ES-TARDE-700x706.jpeg 700w, https:\/\/blogsaverroes.juntadeandalucia.es\/molinilloviejo\/files\/2024\/09\/ESCUDO-ASOCIACION-NUNCA-ES-TARDE.jpeg 1532w\" sizes=\"(max-width: 297px) 100vw, 297px\" \/><\/a><\/p>\n","protected":false},"excerpt":{"rendered":"<p>El d\u00eda 5 s\u00e1bado a las 5.30 horas dimos comienzo a nuestro tradicional viaje, este a\u00f1o a C\u00e1ceres y M\u00e9rida. A mitad de camino, hicimos una parada para desayunar y comer nuestro t\u00edpico rosco&#46;&#46;&#46;<\/p>\n","protected":false},"author":2172,"featured_media":0,"comment_status":"open","ping_status":"open","sticky":false,"template":"","format":"standard","meta":{"ngg_post_thumbnail":0,"footnotes":""},"categories":[11909],"tags":[],"aioseo_notices":[],"_links":{"self":[{"href":"https:\/\/blogsaverroes.juntadeandalucia.es\/molinilloviejo\/wp-json\/wp\/v2\/posts\/26224"}],"collection":[{"href":"https:\/\/blogsaverroes.juntadeandalucia.es\/molinilloviejo\/wp-json\/wp\/v2\/posts"}],"about":[{"href":"https:\/\/blogsaverroes.juntadeandalucia.es\/molinilloviejo\/wp-json\/wp\/v2\/types\/post"}],"author":[{"embeddable":true,"href":"https:\/\/blogsaverroes.juntadeandalucia.es\/molinilloviejo\/wp-json\/wp\/v2\/users\/2172"}],"replies":[{"embeddable":true,"href":"https:\/\/blogsaverroes.juntadeandalucia.es\/molinilloviejo\/wp-json\/wp\/v2\/comments?post=26224"}],"version-history":[{"count":4,"href":"https:\/\/blogsaverroes.juntadeandalucia.es\/molinilloviejo\/wp-json\/wp\/v2\/posts\/26224\/revisions"}],"predecessor-version":[{"id":26353,"href":"https:\/\/blogsaverroes.juntadeandalucia.es\/molinilloviejo\/wp-json\/wp\/v2\/posts\/26224\/revisions\/26353"}],"wp:attachment":[{"href":"https:\/\/blogsaverroes.juntadeandalucia.es\/molinilloviejo\/wp-json\/wp\/v2\/media?parent=26224"}],"wp:term":[{"taxonomy":"category","embeddable":true,"href":"https:\/\/blogsaverroes.juntadeandalucia.es\/molinilloviejo\/wp-json\/wp\/v2\/categories?post=26224"},{"taxonomy":"post_tag","embeddable":true,"href":"https:\/\/blogsaverroes.juntadeandalucia.es\/molinilloviejo\/wp-json\/wp\/v2\/tags?post=26224"}],"curies":[{"name":"wp","href":"https:\/\/api.w.org\/{rel}","templated":true}]}}