{"id":6801,"date":"2017-04-05T09:32:14","date_gmt":"2017-04-05T07:32:14","guid":{"rendered":"http:\/\/blogsaverroes.juntadeandalucia.es\/molinilloviejo\/?p=6801"},"modified":"2017-04-05T09:32:14","modified_gmt":"2017-04-05T07:32:14","slug":"asignacion-de-tribunales-para-la-prueba-libre-de-la-eso-convocatoria-de-abril-2017","status":"publish","type":"post","link":"https:\/\/blogsaverroes.juntadeandalucia.es\/molinilloviejo\/2017\/04\/05\/asignacion-de-tribunales-para-la-prueba-libre-de-la-eso-convocatoria-de-abril-2017\/","title":{"rendered":"Asignaci\u00f3n de tribunales para la Prueba Libre de la ESO, convocatoria de abril 2017"},"content":{"rendered":"<p>Ya ha salido la asignaci\u00f3n a tribunales del alumnado para las pruebas para la obtenci\u00f3n del t\u00edtulo de Graduado en ESO para mayores de 18 a\u00f1os, de la convocatoria de abril 2017.<\/p>\n<p>En el siguiente enlace de la Secretar\u00eda Virtual puedes comprobarlo: <a href=\"https:\/\/www.juntadeandalucia.es\/educacion\/secretariavirtual\/accesoConsultas\/338\/\" target=\"_blank\">https:\/\/www.juntadeandalucia.es\/educacion\/secretariavirtual\/accesoConsultas\/338\/<\/a><\/p>\n","protected":false},"excerpt":{"rendered":"<p>Ya ha salido la asignaci\u00f3n a tribunales del alumnado para las pruebas para la obtenci\u00f3n del t\u00edtulo de Graduado en ESO para mayores de 18 a\u00f1os, de la convocatoria de abril 2017. En el&#46;&#46;&#46;<\/p>\n","protected":false},"author":2172,"featured_media":0,"comment_status":"open","ping_status":"open","sticky":false,"template":"","format":"standard","meta":{"ngg_post_thumbnail":0,"footnotes":""},"categories":[4004,25494,307415],"tags":[],"aioseo_notices":[],"_links":{"self":[{"href":"https:\/\/blogsaverroes.juntadeandalucia.es\/molinilloviejo\/wp-json\/wp\/v2\/posts\/6801"}],"collection":[{"href":"https:\/\/blogsaverroes.juntadeandalucia.es\/molinilloviejo\/wp-json\/wp\/v2\/posts"}],"about":[{"href":"https:\/\/blogsaverroes.juntadeandalucia.es\/molinilloviejo\/wp-json\/wp\/v2\/types\/post"}],"author":[{"embeddable":true,"href":"https:\/\/blogsaverroes.juntadeandalucia.es\/molinilloviejo\/wp-json\/wp\/v2\/users\/2172"}],"replies":[{"embeddable":true,"href":"https:\/\/blogsaverroes.juntadeandalucia.es\/molinilloviejo\/wp-json\/wp\/v2\/comments?post=6801"}],"version-history":[{"count":1,"href":"https:\/\/blogsaverroes.juntadeandalucia.es\/molinilloviejo\/wp-json\/wp\/v2\/posts\/6801\/revisions"}],"predecessor-version":[{"id":6802,"href":"https:\/\/blogsaverroes.juntadeandalucia.es\/molinilloviejo\/wp-json\/wp\/v2\/posts\/6801\/revisions\/6802"}],"wp:attachment":[{"href":"https:\/\/blogsaverroes.juntadeandalucia.es\/molinilloviejo\/wp-json\/wp\/v2\/media?parent=6801"}],"wp:term":[{"taxonomy":"category","embeddable":true,"href":"https:\/\/blogsaverroes.juntadeandalucia.es\/molinilloviejo\/wp-json\/wp\/v2\/categories?post=6801"},{"taxonomy":"post_tag","embeddable":true,"href":"https:\/\/blogsaverroes.juntadeandalucia.es\/molinilloviejo\/wp-json\/wp\/v2\/tags?post=6801"}],"curies":[{"name":"wp","href":"https:\/\/api.w.org\/{rel}","templated":true}]}}