{"id":6826,"date":"2017-04-29T12:49:00","date_gmt":"2017-04-29T10:49:00","guid":{"rendered":"http:\/\/blogsaverroes.juntadeandalucia.es\/molinilloviejo\/?p=6826"},"modified":"2017-04-29T12:49:00","modified_gmt":"2017-04-29T10:49:00","slug":"segovia-nos-ilumino-por-su-encanto-y-belleza","status":"publish","type":"post","link":"https:\/\/blogsaverroes.juntadeandalucia.es\/molinilloviejo\/2017\/04\/29\/segovia-nos-ilumino-por-su-encanto-y-belleza\/","title":{"rendered":"Segovia nos ilumin\u00f3 por su encanto y belleza"},"content":{"rendered":"<h3 style=\"text-align: center\">Tal como reza en su marca tur\u00edstica, Segovia nos ilumin\u00f3 por su encanto y belleza<\/h3>\n<p><a href=\"https:\/\/blogsaverroes.juntadeandalucia.es\/molinilloviejo\/files\/2017\/04\/DSC_0614.jpg\"><img loading=\"lazy\" decoding=\"async\" class=\"aligncenter size-full wp-image-7486\" src=\"https:\/\/blogsaverroes.juntadeandalucia.es\/molinilloviejo\/files\/2017\/04\/DSC_0614.jpg\" alt=\"\" width=\"1024\" height=\"685\" srcset=\"https:\/\/blogsaverroes.juntadeandalucia.es\/molinilloviejo\/files\/2017\/04\/DSC_0614.jpg 1024w, https:\/\/blogsaverroes.juntadeandalucia.es\/molinilloviejo\/files\/2017\/04\/DSC_0614-300x201.jpg 300w, https:\/\/blogsaverroes.juntadeandalucia.es\/molinilloviejo\/files\/2017\/04\/DSC_0614-768x514.jpg 768w, https:\/\/blogsaverroes.juntadeandalucia.es\/molinilloviejo\/files\/2017\/04\/DSC_0614-700x468.jpg 700w, https:\/\/blogsaverroes.juntadeandalucia.es\/molinilloviejo\/files\/2017\/04\/DSC_0614-24x16.jpg 24w, https:\/\/blogsaverroes.juntadeandalucia.es\/molinilloviejo\/files\/2017\/04\/DSC_0614-36x24.jpg 36w, https:\/\/blogsaverroes.juntadeandalucia.es\/molinilloviejo\/files\/2017\/04\/DSC_0614-48x32.jpg 48w\" sizes=\"(max-width: 1024px) 100vw, 1024px\" \/><\/a>El 27 y 28 de abril, el alumnado de nuestra Secci\u00f3n de Educaci\u00f3n Permanente se desplaz\u00f3 en viaje-excursi\u00f3n Segovia. Dos autobuses, con un total de 90 participantes, entre alumnos(as), acompa\u00f1antes y profesorado viajaron a tierras segovianas donde se empaparon de su historia, patrimonio, cultura y gastronom\u00eda.<\/p>\n<p>El primer d\u00eda, se visit\u00f3 el Palaci\u00f3 Real de la Granja de San Ildefonso. Fue la ma\u00f1ana del jueves. Un extenso recorrido gu\u00edado por las estancias y rincones de este gran palacio de verano de monarcas espa\u00f1oles. Se pudo ver la extensa colecci\u00f3n de tapices flamencos que alberga el palacio, as\u00ed como sus jardines y fuentes. A las 14:30 horas ya est\u00e1bamos en el hotel Puerta de Segovia, donde nos esperaba el almuerzo. Despu\u00e9s, reparto de habitaciones y descanso.<br \/>\nCon la tarde y noche libre, a las 19 horas, nos deplazamos en autob\u00fas al centro y casco hist\u00f3rico de Segovia, donde recorrimos a pie sus calles y monumentos. Nos impresion\u00f3 la primera vista del magestuoso Acueducto romano. Pudimos tocar y fotograf\u00edas sus milenarias piedras. La plaza mayor y la catedral tambi\u00e9n fueron visitadas por fuera. Con temperaturas heladoras y en peque\u00f1os grupos cada cual busc\u00f3 refugio en bares y restaurantes para saborear la t\u00edpica cocina segoviana, donde el cochinillo asado fue el gran protagonista de nuestros paladares. Sobre las 23:30 horas, sin un alma por la calle y con un aire que cortaba el cutis, todo el grupo estaba ya en el hotel a buen recaudo.<\/p>\n<p>A la ma\u00f1ana siguiente, con el descanso en el cuerpo, se desayun\u00f3 en el hotel. Y las 10 de la ma\u00f1ana ya estabamos todos en la plaza del acueducto, esperando a nuestros gu\u00edas tur\u00edsticos, Ana y Mariano, para visitar y explicar el rico patrimonio hist\u00f3rico-monumental de la ciudad castellana. Divididos en dos grupos, cada uno con su gu\u00eda, aprendimos la historia de esta bella ciudad y sus atractivos monumentos. El Acueducto, barrio de la juder\u00eda, iglesias rom\u00e1nicas, plaza Mayor, catedral y el Alc\u00e1zar de Segovia fueron objetivo de las visitas y de sus explicaciones, en un agradable paseo.<br \/>\nPasadas las 14 horas, ya est\u00e1bamos en Venta de Magullo para saborear el almuerzo de este segundo d\u00eda. Despu\u00e9s del caf\u00e9, a las 16 horas, nos montamos en los autobuses y de vuelta para casa.<\/p>\n<p>El tiempo, aunque con temperaturas muy bajas, acompa\u00f1\u00f3 con dos d\u00eda soleados, dos d\u00edas inolvidables para el recuerdo, dos d\u00edas de convivencia, donde alumnado uni\u00f3, a\u00fan m\u00e1s, sus lazos de amistad y donde prometimos volver en alguna otra ocasi\u00f3n.<\/p>\n<p>Desde aqu\u00ed, queremos agradecer a los(as) alumnos(as) participantes su grata compa\u00f1\u00eda y el buen comportamiento demostrado, al igual que a los acompa\u00f1antes. Gracias tambi\u00e9n a la Asociaci\u00f3n de Alumnas(os) \u00abNunca es tarde\u00bb de nuestro centro, por su aportaci\u00f3n econ\u00f3mica y rico resol que preparar\u00f3 Cabe. Gracias a nuestro Ayuntamiento, que con su apoyo incondicional esta excursi\u00f3n ha ido posible y al concejal Juan Francisco P\u00e9rez por acompa\u00f1arnos en este viaje. Por \u00faltimo, gracias a los conductores, Manuel, Pepe, Juanjo y Rosa, que han estado siempre a nuestro servicio, demostrando su gran profesionalidad en este evento.<\/p>\n<p>As\u00ed pues, lo bueno se acab\u00f3 para dejar paso a lo mejor, que es contar nuestras vivencias de esta magn\u00edfica excursi\u00f3n y empezar con ilusi\u00f3n a prepararar la pr\u00f3xima para el a\u00f1o que viene.<\/p>\nngg_shortcode_0_placeholder\n<p style=\"text-align: center\"><strong>&nbsp;<\/strong><\/p>\n<p style=\"text-align: center\">&nbsp;<\/p>\n<p>&nbsp;<\/p>\n","protected":false},"excerpt":{"rendered":"<p>Tal como reza en su marca tur\u00edstica, Segovia nos ilumin\u00f3 por su encanto y belleza El 27 y 28 de abril, el alumnado de nuestra Secci\u00f3n de Educaci\u00f3n Permanente se desplaz\u00f3 en viaje-excursi\u00f3n Segovia.&#46;&#46;&#46;<\/p>\n","protected":false},"author":2172,"featured_media":7485,"comment_status":"open","ping_status":"open","sticky":false,"template":"","format":"standard","meta":{"ngg_post_thumbnail":0,"footnotes":""},"categories":[5991,3987,4004,423122],"tags":[867825,320920,867826,6323],"aioseo_notices":[],"_links":{"self":[{"href":"https:\/\/blogsaverroes.juntadeandalucia.es\/molinilloviejo\/wp-json\/wp\/v2\/posts\/6826"}],"collection":[{"href":"https:\/\/blogsaverroes.juntadeandalucia.es\/molinilloviejo\/wp-json\/wp\/v2\/posts"}],"about":[{"href":"https:\/\/blogsaverroes.juntadeandalucia.es\/molinilloviejo\/wp-json\/wp\/v2\/types\/post"}],"author":[{"embeddable":true,"href":"https:\/\/blogsaverroes.juntadeandalucia.es\/molinilloviejo\/wp-json\/wp\/v2\/users\/2172"}],"replies":[{"embeddable":true,"href":"https:\/\/blogsaverroes.juntadeandalucia.es\/molinilloviejo\/wp-json\/wp\/v2\/comments?post=6826"}],"version-history":[{"count":6,"href":"https:\/\/blogsaverroes.juntadeandalucia.es\/molinilloviejo\/wp-json\/wp\/v2\/posts\/6826\/revisions"}],"predecessor-version":[{"id":7487,"href":"https:\/\/blogsaverroes.juntadeandalucia.es\/molinilloviejo\/wp-json\/wp\/v2\/posts\/6826\/revisions\/7487"}],"wp:featuredmedia":[{"embeddable":true,"href":"https:\/\/blogsaverroes.juntadeandalucia.es\/molinilloviejo\/wp-json\/wp\/v2\/media\/7485"}],"wp:attachment":[{"href":"https:\/\/blogsaverroes.juntadeandalucia.es\/molinilloviejo\/wp-json\/wp\/v2\/media?parent=6826"}],"wp:term":[{"taxonomy":"category","embeddable":true,"href":"https:\/\/blogsaverroes.juntadeandalucia.es\/molinilloviejo\/wp-json\/wp\/v2\/categories?post=6826"},{"taxonomy":"post_tag","embeddable":true,"href":"https:\/\/blogsaverroes.juntadeandalucia.es\/molinilloviejo\/wp-json\/wp\/v2\/tags?post=6826"}],"curies":[{"name":"wp","href":"https:\/\/api.w.org\/{rel}","templated":true}]}}