{"id":8689,"date":"2017-09-05T19:21:36","date_gmt":"2017-09-05T17:21:36","guid":{"rendered":"http:\/\/blogsaverroes.juntadeandalucia.es\/molinilloviejo\/?p=8689"},"modified":"2017-09-05T19:49:55","modified_gmt":"2017-09-05T17:49:55","slug":"animate-todavia-quedan-plazas-libres-en-ingles-informatica-y-eso","status":"publish","type":"post","link":"https:\/\/blogsaverroes.juntadeandalucia.es\/molinilloviejo\/2017\/09\/05\/animate-todavia-quedan-plazas-libres-en-ingles-informatica-y-eso\/","title":{"rendered":"An\u00edmate, todav\u00eda quedan plazas libres en Ingl\u00e9s, Inform\u00e1tica y ESO"},"content":{"rendered":"<p>A\u00fan quedan plazas libres en el Curso B\u00e1sico de Ingl\u00e9s, Curso b\u00e1sico de Inform\u00e1tica y en el grupo de Preparaci\u00f3n para las Pruebas Libres de la ESO.<\/p>\n<p>Las clases comenzar\u00e1 en la segunda quincena de septiembre y durar\u00e1 un curso escolar \u00edntegro (de septiembre a junio). Las clases ser\u00e1n por la tarde y\/o noche. Para matricularte, solo hay una condici\u00f3n indispensable: tener los 18 a\u00f1os cumplidos y traer una fotocopia del DNI.<\/p>\n<p>Durante el mes de septiembre y octubre seguiremos con las matriculaciones hasta completar los grupos. Para m\u00e1s informaci\u00f3n y matr\u00edcula, puedes pasarte por nuestro centro de las 17:00 a las 21:00 horas.<\/p>\n<h3>\u00a1AN\u00cdMATE, F\u00d3RMATE CON NOSOTROS Y APROVECHA ESTA OPORTUNIDAD!<\/h3>\n<p><a href=\"https:\/\/blogsaverroes.juntadeandalucia.es\/molinilloviejo\/files\/2017\/09\/cartel-de-plazas-libres-001.jpg\"><img loading=\"lazy\" decoding=\"async\" class=\"aligncenter size-full wp-image-8694\" src=\"https:\/\/blogsaverroes.juntadeandalucia.es\/molinilloviejo\/files\/2017\/09\/cartel-de-plazas-libres-001.jpg\" alt=\"\" height=\"1684\" width=\"1190\" srcset=\"https:\/\/blogsaverroes.juntadeandalucia.es\/molinilloviejo\/files\/2017\/09\/cartel-de-plazas-libres-001.jpg 1131w, https:\/\/blogsaverroes.juntadeandalucia.es\/molinilloviejo\/files\/2017\/09\/cartel-de-plazas-libres-001-212x300.jpg 212w, https:\/\/blogsaverroes.juntadeandalucia.es\/molinilloviejo\/files\/2017\/09\/cartel-de-plazas-libres-001-768x1087.jpg 768w, https:\/\/blogsaverroes.juntadeandalucia.es\/molinilloviejo\/files\/2017\/09\/cartel-de-plazas-libres-001-724x1024.jpg 724w, https:\/\/blogsaverroes.juntadeandalucia.es\/molinilloviejo\/files\/2017\/09\/cartel-de-plazas-libres-001-700x991.jpg 700w, https:\/\/blogsaverroes.juntadeandalucia.es\/molinilloviejo\/files\/2017\/09\/cartel-de-plazas-libres-001-17x24.jpg 17w, https:\/\/blogsaverroes.juntadeandalucia.es\/molinilloviejo\/files\/2017\/09\/cartel-de-plazas-libres-001-25x36.jpg 25w, https:\/\/blogsaverroes.juntadeandalucia.es\/molinilloviejo\/files\/2017\/09\/cartel-de-plazas-libres-001-34x48.jpg 34w\" sizes=\"(max-width: 1190px) 100vw, 1190px\" \/><\/a><\/p>\n","protected":false},"excerpt":{"rendered":"<p>A\u00fan quedan plazas libres en el Curso B\u00e1sico de Ingl\u00e9s, Curso b\u00e1sico de Inform\u00e1tica y en el grupo de Preparaci\u00f3n para las Pruebas Libres de la ESO. Las clases comenzar\u00e1 en la segunda quincena&#46;&#46;&#46;<\/p>\n","protected":false},"author":2172,"featured_media":8694,"comment_status":"open","ping_status":"open","sticky":false,"template":"","format":"standard","meta":{"ngg_post_thumbnail":0,"footnotes":""},"categories":[4004,25494,812348,25491,307415],"tags":[768,3821,846,170,23240,215837,9480,57],"aioseo_notices":[],"_links":{"self":[{"href":"https:\/\/blogsaverroes.juntadeandalucia.es\/molinilloviejo\/wp-json\/wp\/v2\/posts\/8689"}],"collection":[{"href":"https:\/\/blogsaverroes.juntadeandalucia.es\/molinilloviejo\/wp-json\/wp\/v2\/posts"}],"about":[{"href":"https:\/\/blogsaverroes.juntadeandalucia.es\/molinilloviejo\/wp-json\/wp\/v2\/types\/post"}],"author":[{"embeddable":true,"href":"https:\/\/blogsaverroes.juntadeandalucia.es\/molinilloviejo\/wp-json\/wp\/v2\/users\/2172"}],"replies":[{"embeddable":true,"href":"https:\/\/blogsaverroes.juntadeandalucia.es\/molinilloviejo\/wp-json\/wp\/v2\/comments?post=8689"}],"version-history":[{"count":4,"href":"https:\/\/blogsaverroes.juntadeandalucia.es\/molinilloviejo\/wp-json\/wp\/v2\/posts\/8689\/revisions"}],"predecessor-version":[{"id":8695,"href":"https:\/\/blogsaverroes.juntadeandalucia.es\/molinilloviejo\/wp-json\/wp\/v2\/posts\/8689\/revisions\/8695"}],"wp:featuredmedia":[{"embeddable":true,"href":"https:\/\/blogsaverroes.juntadeandalucia.es\/molinilloviejo\/wp-json\/wp\/v2\/media\/8694"}],"wp:attachment":[{"href":"https:\/\/blogsaverroes.juntadeandalucia.es\/molinilloviejo\/wp-json\/wp\/v2\/media?parent=8689"}],"wp:term":[{"taxonomy":"category","embeddable":true,"href":"https:\/\/blogsaverroes.juntadeandalucia.es\/molinilloviejo\/wp-json\/wp\/v2\/categories?post=8689"},{"taxonomy":"post_tag","embeddable":true,"href":"https:\/\/blogsaverroes.juntadeandalucia.es\/molinilloviejo\/wp-json\/wp\/v2\/tags?post=8689"}],"curies":[{"name":"wp","href":"https:\/\/api.w.org\/{rel}","templated":true}]}}