{"id":1,"date":"2020-05-29T08:28:59","date_gmt":"2020-05-29T06:28:59","guid":{"rendered":"https:\/\/blogsaverroes.juntadeandalucia.es\/monblogeoifrb2\/?p=1"},"modified":"2020-06-12T10:24:24","modified_gmt":"2020-06-12T08:24:24","slug":"hola-mundo","status":"publish","type":"post","link":"https:\/\/blogsaverroes.juntadeandalucia.es\/monblogeoifrb2\/hola-mundo\/","title":{"rendered":"Bienvenue sur votre blog de Fran\u00e7ais !"},"content":{"rendered":"<p><img loading=\"lazy\" decoding=\"async\" class=\"alignnone size-large wp-image-15\" src=\"https:\/\/blogsaverroes.juntadeandalucia.es\/monblogeoifrb2\/files\/2020\/05\/Postales-1024x768.jpg\" alt=\"images de Bordeaux \" width=\"1024\" height=\"768\" srcset=\"https:\/\/blogsaverroes.juntadeandalucia.es\/monblogeoifrb2\/files\/2020\/05\/Postales-1024x768.jpg 1024w, https:\/\/blogsaverroes.juntadeandalucia.es\/monblogeoifrb2\/files\/2020\/05\/Postales-300x225.jpg 300w, https:\/\/blogsaverroes.juntadeandalucia.es\/monblogeoifrb2\/files\/2020\/05\/Postales-768x576.jpg 768w, https:\/\/blogsaverroes.juntadeandalucia.es\/monblogeoifrb2\/files\/2020\/05\/Postales-24x18.jpg 24w, https:\/\/blogsaverroes.juntadeandalucia.es\/monblogeoifrb2\/files\/2020\/05\/Postales-36x27.jpg 36w, https:\/\/blogsaverroes.juntadeandalucia.es\/monblogeoifrb2\/files\/2020\/05\/Postales-48x36.jpg 48w\" sizes=\"(max-width: 1024px) 100vw, 1024px\" \/>&nbsp;<\/p>\n<p>&nbsp;<\/p>\n<p style=\"text-align: center\"><span style=\"font-family: helvetica, arial, sans-serif;font-size: 14pt\">Salut!<\/span><\/p>\n<p>&nbsp;<\/p>\n<p style=\"text-align: center\"><span style=\"font-family: helvetica, arial, sans-serif;font-size: 14pt\">Voici ce blog pour l\u00b4apprentissage du Fran\u00e7ais pour le niveau B2 du Cadre Europ\u00e9en Commun de R\u00e9f\u00e9rence pour les Langues, con\u00e7u comme un voyage \u00e0 travers lequel nous travaillerons diff\u00e9rentes th\u00e9matiques int\u00e9ressantes et qui vous serviront \u00e0 la pr\u00e9paration d\u00b4examens de Certification (PTEC) en Andalousie.&nbsp;<\/span><\/p>\n<p><span style=\"font-size: 14pt\">Langue, culture et actualit\u00e9s seront au rendez-vous.&nbsp;<\/span><\/p>\n<p style=\"text-align: center\">&nbsp;<\/p>\n<p style=\"text-align: center\"><span style=\"font-family: helvetica, arial, sans-serif;font-size: 14pt\">Je vous souhaite un tr\u00e8s bon voyage!!<\/span><\/p>\n<p>&nbsp;<\/p>\n<p>&nbsp;<\/p>\n","protected":false},"excerpt":{"rendered":"<p>&nbsp; &nbsp; Salut! &nbsp; Voici ce blog pour l\u00b4apprentissage du Fran\u00e7ais pour le niveau B2 du Cadre Europ\u00e9en Commun de R\u00e9f\u00e9rence pour les Langues, con\u00e7u comme un voyage \u00e0 travers lequel nous travaillerons diff\u00e9rentes&#46;&#46;&#46;<\/p>\n","protected":false},"author":10136,"featured_media":16,"comment_status":"open","ping_status":"open","sticky":false,"template":"","format":"standard","meta":{"ngg_post_thumbnail":0,"footnotes":""},"categories":[8],"tags":[2],"aioseo_notices":[],"_links":{"self":[{"href":"https:\/\/blogsaverroes.juntadeandalucia.es\/monblogeoifrb2\/wp-json\/wp\/v2\/posts\/1"}],"collection":[{"href":"https:\/\/blogsaverroes.juntadeandalucia.es\/monblogeoifrb2\/wp-json\/wp\/v2\/posts"}],"about":[{"href":"https:\/\/blogsaverroes.juntadeandalucia.es\/monblogeoifrb2\/wp-json\/wp\/v2\/types\/post"}],"author":[{"embeddable":true,"href":"https:\/\/blogsaverroes.juntadeandalucia.es\/monblogeoifrb2\/wp-json\/wp\/v2\/users\/10136"}],"replies":[{"embeddable":true,"href":"https:\/\/blogsaverroes.juntadeandalucia.es\/monblogeoifrb2\/wp-json\/wp\/v2\/comments?post=1"}],"version-history":[{"count":6,"href":"https:\/\/blogsaverroes.juntadeandalucia.es\/monblogeoifrb2\/wp-json\/wp\/v2\/posts\/1\/revisions"}],"predecessor-version":[{"id":82,"href":"https:\/\/blogsaverroes.juntadeandalucia.es\/monblogeoifrb2\/wp-json\/wp\/v2\/posts\/1\/revisions\/82"}],"wp:featuredmedia":[{"embeddable":true,"href":"https:\/\/blogsaverroes.juntadeandalucia.es\/monblogeoifrb2\/wp-json\/wp\/v2\/media\/16"}],"wp:attachment":[{"href":"https:\/\/blogsaverroes.juntadeandalucia.es\/monblogeoifrb2\/wp-json\/wp\/v2\/media?parent=1"}],"wp:term":[{"taxonomy":"category","embeddable":true,"href":"https:\/\/blogsaverroes.juntadeandalucia.es\/monblogeoifrb2\/wp-json\/wp\/v2\/categories?post=1"},{"taxonomy":"post_tag","embeddable":true,"href":"https:\/\/blogsaverroes.juntadeandalucia.es\/monblogeoifrb2\/wp-json\/wp\/v2\/tags?post=1"}],"curies":[{"name":"wp","href":"https:\/\/api.w.org\/{rel}","templated":true}]}}