{"id":338,"date":"2020-02-11T16:22:20","date_gmt":"2020-02-11T15:22:20","guid":{"rendered":"http:\/\/blogsaverroes.juntadeandalucia.es\/pre\/nuevoceipv2\/?p=338"},"modified":"2023-03-15T13:46:24","modified_gmt":"2023-03-15T12:46:24","slug":"reunion3anos","status":"publish","type":"post","link":"https:\/\/blogsaverroes.juntadeandalucia.es\/morenoychacon\/reunion3anos\/","title":{"rendered":"Comienza el periodo de escolarizaci\u00f3n y admisi\u00f3n al centro del 1 al 31 de marzo, dirigido al alumnado nuevo de 3 a\u00f1os y alumnado que quiera cambiar de centro. Horario de secretar\u00eda de 9:30 a 11:30"},"content":{"rendered":"<p>curso 2023\/2024<\/p>\n","protected":false},"excerpt":{"rendered":"<p>curso 2023\/2024<\/p>\n","protected":false},"author":13774,"featured_media":585,"comment_status":"open","ping_status":"open","sticky":false,"template":"","format":"standard","meta":{"_et_pb_use_builder":"","_et_pb_old_content":"","_et_gb_content_width":"","ngg_post_thumbnail":0,"footnotes":""},"categories":[4],"tags":[],"aioseo_notices":[],"_links":{"self":[{"href":"https:\/\/blogsaverroes.juntadeandalucia.es\/morenoychacon\/wp-json\/wp\/v2\/posts\/338"}],"collection":[{"href":"https:\/\/blogsaverroes.juntadeandalucia.es\/morenoychacon\/wp-json\/wp\/v2\/posts"}],"about":[{"href":"https:\/\/blogsaverroes.juntadeandalucia.es\/morenoychacon\/wp-json\/wp\/v2\/types\/post"}],"author":[{"embeddable":true,"href":"https:\/\/blogsaverroes.juntadeandalucia.es\/morenoychacon\/wp-json\/wp\/v2\/users\/13774"}],"replies":[{"embeddable":true,"href":"https:\/\/blogsaverroes.juntadeandalucia.es\/morenoychacon\/wp-json\/wp\/v2\/comments?post=338"}],"version-history":[{"count":6,"href":"https:\/\/blogsaverroes.juntadeandalucia.es\/morenoychacon\/wp-json\/wp\/v2\/posts\/338\/revisions"}],"predecessor-version":[{"id":880,"href":"https:\/\/blogsaverroes.juntadeandalucia.es\/morenoychacon\/wp-json\/wp\/v2\/posts\/338\/revisions\/880"}],"wp:featuredmedia":[{"embeddable":true,"href":"https:\/\/blogsaverroes.juntadeandalucia.es\/morenoychacon\/wp-json\/wp\/v2\/media\/585"}],"wp:attachment":[{"href":"https:\/\/blogsaverroes.juntadeandalucia.es\/morenoychacon\/wp-json\/wp\/v2\/media?parent=338"}],"wp:term":[{"taxonomy":"category","embeddable":true,"href":"https:\/\/blogsaverroes.juntadeandalucia.es\/morenoychacon\/wp-json\/wp\/v2\/categories?post=338"},{"taxonomy":"post_tag","embeddable":true,"href":"https:\/\/blogsaverroes.juntadeandalucia.es\/morenoychacon\/wp-json\/wp\/v2\/tags?post=338"}],"curies":[{"name":"wp","href":"https:\/\/api.w.org\/{rel}","templated":true}]}}