{"id":1517,"date":"2009-04-15T09:46:55","date_gmt":"2009-04-15T09:46:55","guid":{"rendered":"https:\/\/alpelblan.com\/cosas\/2009\/04\/15\/ranunculus-repens\/"},"modified":"2009-04-15T09:46:55","modified_gmt":"2009-04-15T09:46:55","slug":"ranunculus-repens","status":"publish","type":"post","link":"https:\/\/blogsaverroes.juntadeandalucia.es\/museocoloma\/2009\/04\/15\/ranunculus-repens\/","title":{"rendered":"Ranunculus repens"},"content":{"rendered":"<p><img decoding=\"async\" class=\" size-full wp-image-1516\" src=\"https:\/\/blogsaverroes.juntadeandalucia.es\/museocoloma\/files\/2009\/04\/100_0656.jpg\" border=\"0\" hspace=\"5\" vspace=\"5\" width=\"500\" srcset=\"https:\/\/blogsaverroes.juntadeandalucia.es\/museocoloma\/files\/2009\/04\/100_0656.jpg 777w, https:\/\/blogsaverroes.juntadeandalucia.es\/museocoloma\/files\/2009\/04\/100_0656-194x300.jpg 194w, https:\/\/blogsaverroes.juntadeandalucia.es\/museocoloma\/files\/2009\/04\/100_0656-663x1024.jpg 663w, https:\/\/blogsaverroes.juntadeandalucia.es\/museocoloma\/files\/2009\/04\/100_0656-768x1186.jpg 768w\" sizes=\"(max-width: 777px) 100vw, 777px\" \/><br \/>TOMO 1<\/p>\n<p><strong><em><u>Ranunculus repens L.<\/u><\/em><\/strong><\/p>\n<div align=\"justify\">\n<ul>\n<li>Tallo echado, cundidor \u00f3 radicante y que se alarga de 2 \u00e1 5 dec\u00edmetros. Flores amarillas. Com\u00fan en el pa\u00eds en prados y sitios h\u00famedos. Florece en Mayo-Jun. <\/li>\n<\/ul>\n<\/div>\n","protected":false},"excerpt":{"rendered":"<p>&#46;&#46;&#46;<\/p>\n","protected":false},"author":2367,"featured_media":0,"comment_status":"open","ping_status":"open","sticky":false,"template":"","format":"standard","meta":{"ngg_post_thumbnail":0,"footnotes":""},"categories":[11944],"tags":[],"aioseo_notices":[],"_links":{"self":[{"href":"https:\/\/blogsaverroes.juntadeandalucia.es\/museocoloma\/wp-json\/wp\/v2\/posts\/1517"}],"collection":[{"href":"https:\/\/blogsaverroes.juntadeandalucia.es\/museocoloma\/wp-json\/wp\/v2\/posts"}],"about":[{"href":"https:\/\/blogsaverroes.juntadeandalucia.es\/museocoloma\/wp-json\/wp\/v2\/types\/post"}],"author":[{"embeddable":true,"href":"https:\/\/blogsaverroes.juntadeandalucia.es\/museocoloma\/wp-json\/wp\/v2\/users\/2367"}],"replies":[{"embeddable":true,"href":"https:\/\/blogsaverroes.juntadeandalucia.es\/museocoloma\/wp-json\/wp\/v2\/comments?post=1517"}],"version-history":[{"count":0,"href":"https:\/\/blogsaverroes.juntadeandalucia.es\/museocoloma\/wp-json\/wp\/v2\/posts\/1517\/revisions"}],"wp:attachment":[{"href":"https:\/\/blogsaverroes.juntadeandalucia.es\/museocoloma\/wp-json\/wp\/v2\/media?parent=1517"}],"wp:term":[{"taxonomy":"category","embeddable":true,"href":"https:\/\/blogsaverroes.juntadeandalucia.es\/museocoloma\/wp-json\/wp\/v2\/categories?post=1517"},{"taxonomy":"post_tag","embeddable":true,"href":"https:\/\/blogsaverroes.juntadeandalucia.es\/museocoloma\/wp-json\/wp\/v2\/tags?post=1517"}],"curies":[{"name":"wp","href":"https:\/\/api.w.org\/{rel}","templated":true}]}}