{"id":1769,"date":"2009-03-09T17:07:27","date_gmt":"2009-03-09T17:07:27","guid":{"rendered":"https:\/\/alpelblan.com\/cosas\/2009\/03\/09\/manometro\/"},"modified":"2009-03-09T17:07:27","modified_gmt":"2009-03-09T17:07:27","slug":"manometro-2","status":"publish","type":"post","link":"https:\/\/blogsaverroes.juntadeandalucia.es\/museocoloma\/2009\/03\/09\/manometro-2\/","title":{"rendered":"MAN\u00d3METRO"},"content":{"rendered":"<p><img loading=\"lazy\" decoding=\"async\" class=\" size-full wp-image-335\" src=\"https:\/\/alpelblan.com\/cosas\/wp-content\/uploads\/2009\/03\/MANOMETRO.jpg\" border=\"0\" hspace=\"5\" vspace=\"5\" width=\"417\" height=\"557\" srcset=\"https:\/\/blogsaverroes.juntadeandalucia.es\/museocoloma\/files\/2009\/03\/MANOMETRO.jpg 417w, https:\/\/blogsaverroes.juntadeandalucia.es\/museocoloma\/files\/2009\/03\/MANOMETRO-225x300.jpg 225w\" sizes=\"(max-width: 417px) 100vw, 417px\" \/><\/p>\n<p><em><strong>Descripci\u00f3n y Adquisici\u00f2n: <\/strong><\/em><\/p>\n<p>Man\u00f3metro. <br \/>N\u00bade inventario: 25<\/p>\n<div align=\"justify\">Adquirido por el Instituto en el curso 1882-1883. Adquirido por 2\u00aa vez por el Instituto en el curso 1906-1907.\u00a0\u00a0 <\/div>\n<div align=\"justify\">El man\u00f3metro de Bourdon consta de un fino tubo met\u00e1lico de paredes delgadas, de secci\u00f3n el\u00edptica muy aplastada y arrollado en forma de circunferencia. Este tubo est\u00e1 cerrado por un extremo que se une\u00a0 a una aguja m\u00f3vil sobre un arco graduado.<\/div>\n<p><em><strong>Utilidad y Aplicaci\u00f2n:<\/strong><\/em><\/p>\n<p>Para medir la presi\u00f3n de los gases.<\/p>\n<div align=\"justify\">El extremo libre, comunica con una guarnici\u00f3n que se conectar\u00e1 al recipiente que contiene el gas comprimido. Cuando la presi\u00f3n crece en el interior del tubo, \u00e9ste tiende a aumentar de volumen y a rectificarse, lo que pone en movimiento la aguja.<\/div>\n<p><em>(Jos\u00e9 Alberto Maroto Centeno: Museo\u00a0 Mec\u00e1nico virtual. Escuela polit\u00e9cnica de Linares. Univ. de Ja\u00e9n.) <\/em><\/p>\n","protected":false},"excerpt":{"rendered":"<p>&#46;&#46;&#46;<\/p>\n","protected":false},"author":2367,"featured_media":0,"comment_status":"open","ping_status":"open","sticky":false,"template":"","format":"standard","meta":{"ngg_post_thumbnail":0,"footnotes":""},"categories":[11955],"tags":[],"aioseo_notices":[],"_links":{"self":[{"href":"https:\/\/blogsaverroes.juntadeandalucia.es\/museocoloma\/wp-json\/wp\/v2\/posts\/1769"}],"collection":[{"href":"https:\/\/blogsaverroes.juntadeandalucia.es\/museocoloma\/wp-json\/wp\/v2\/posts"}],"about":[{"href":"https:\/\/blogsaverroes.juntadeandalucia.es\/museocoloma\/wp-json\/wp\/v2\/types\/post"}],"author":[{"embeddable":true,"href":"https:\/\/blogsaverroes.juntadeandalucia.es\/museocoloma\/wp-json\/wp\/v2\/users\/2367"}],"replies":[{"embeddable":true,"href":"https:\/\/blogsaverroes.juntadeandalucia.es\/museocoloma\/wp-json\/wp\/v2\/comments?post=1769"}],"version-history":[{"count":0,"href":"https:\/\/blogsaverroes.juntadeandalucia.es\/museocoloma\/wp-json\/wp\/v2\/posts\/1769\/revisions"}],"wp:attachment":[{"href":"https:\/\/blogsaverroes.juntadeandalucia.es\/museocoloma\/wp-json\/wp\/v2\/media?parent=1769"}],"wp:term":[{"taxonomy":"category","embeddable":true,"href":"https:\/\/blogsaverroes.juntadeandalucia.es\/museocoloma\/wp-json\/wp\/v2\/categories?post=1769"},{"taxonomy":"post_tag","embeddable":true,"href":"https:\/\/blogsaverroes.juntadeandalucia.es\/museocoloma\/wp-json\/wp\/v2\/tags?post=1769"}],"curies":[{"name":"wp","href":"https:\/\/api.w.org\/{rel}","templated":true}]}}