{"id":1771,"date":"2009-03-11T10:42:15","date_gmt":"2009-03-11T10:42:15","guid":{"rendered":"https:\/\/alpelblan.com\/cosas\/2009\/03\/11\/mustimetro\/"},"modified":"2009-03-11T10:42:15","modified_gmt":"2009-03-11T10:42:15","slug":"mustimetro-2","status":"publish","type":"post","link":"https:\/\/blogsaverroes.juntadeandalucia.es\/museocoloma\/2009\/03\/11\/mustimetro-2\/","title":{"rendered":"MUST\u00cdMETRO"},"content":{"rendered":"<p><img loading=\"lazy\" decoding=\"async\" class=\" size-full wp-image-475\" src=\"https:\/\/alpelblan.com\/cosas\/wp-content\/uploads\/2009\/03\/MUSTIMETRO.jpg\" border=\"0\" hspace=\"5\" vspace=\"5\" width=\"407\" height=\"305\" srcset=\"https:\/\/blogsaverroes.juntadeandalucia.es\/museocoloma\/files\/2009\/03\/MUSTIMETRO.jpg 407w, https:\/\/blogsaverroes.juntadeandalucia.es\/museocoloma\/files\/2009\/03\/MUSTIMETRO-300x225.jpg 300w\" sizes=\"(max-width: 407px) 100vw, 407px\" \/><\/p>\n<p><strong><em>Descripci\u00f3n y Adquisici\u00f3n:<\/em><\/strong><\/p>\n<p>Must\u00edmetro<br \/>N\u00bade inventario: 22<br \/>Aer\u00f3metro pesa acidos Baum\u00e9. De escala arbitraria. De 0 a 70\u00ba.<br \/>Fabricante: 115. Salleron, n\u00ba 485.<br \/>Sociedad Enol\u00f3gica de Pened\u00e9s. Serd\u00e1, Ros y Cia. Jerez.<\/p>\n<p><strong><em>Utilidad y Aplicaci\u00f3n: <\/em><\/strong><\/p>\n<p>Para calcular la dosis de acidez.<br \/>Must\u00edmetro (viene de mostos o disoluciones azucaradas).<\/p>\n","protected":false},"excerpt":{"rendered":"<p>&#46;&#46;&#46;<\/p>\n","protected":false},"author":2367,"featured_media":0,"comment_status":"open","ping_status":"open","sticky":false,"template":"","format":"standard","meta":{"ngg_post_thumbnail":0,"footnotes":""},"categories":[11955],"tags":[],"aioseo_notices":[],"_links":{"self":[{"href":"https:\/\/blogsaverroes.juntadeandalucia.es\/museocoloma\/wp-json\/wp\/v2\/posts\/1771"}],"collection":[{"href":"https:\/\/blogsaverroes.juntadeandalucia.es\/museocoloma\/wp-json\/wp\/v2\/posts"}],"about":[{"href":"https:\/\/blogsaverroes.juntadeandalucia.es\/museocoloma\/wp-json\/wp\/v2\/types\/post"}],"author":[{"embeddable":true,"href":"https:\/\/blogsaverroes.juntadeandalucia.es\/museocoloma\/wp-json\/wp\/v2\/users\/2367"}],"replies":[{"embeddable":true,"href":"https:\/\/blogsaverroes.juntadeandalucia.es\/museocoloma\/wp-json\/wp\/v2\/comments?post=1771"}],"version-history":[{"count":0,"href":"https:\/\/blogsaverroes.juntadeandalucia.es\/museocoloma\/wp-json\/wp\/v2\/posts\/1771\/revisions"}],"wp:attachment":[{"href":"https:\/\/blogsaverroes.juntadeandalucia.es\/museocoloma\/wp-json\/wp\/v2\/media?parent=1771"}],"wp:term":[{"taxonomy":"category","embeddable":true,"href":"https:\/\/blogsaverroes.juntadeandalucia.es\/museocoloma\/wp-json\/wp\/v2\/categories?post=1771"},{"taxonomy":"post_tag","embeddable":true,"href":"https:\/\/blogsaverroes.juntadeandalucia.es\/museocoloma\/wp-json\/wp\/v2\/tags?post=1771"}],"curies":[{"name":"wp","href":"https:\/\/api.w.org\/{rel}","templated":true}]}}