{"id":224,"date":"2009-03-04T10:24:54","date_gmt":"2009-03-04T10:24:54","guid":{"rendered":"https:\/\/alpelblan.com\/cosas\/2009\/03\/04\/armadillo\/"},"modified":"2009-03-04T10:24:54","modified_gmt":"2009-03-04T10:24:54","slug":"armadillo","status":"publish","type":"post","link":"https:\/\/blogsaverroes.juntadeandalucia.es\/museocoloma\/2009\/03\/04\/armadillo\/","title":{"rendered":"ARMADILLO"},"content":{"rendered":"<div><img decoding=\"async\" class=\" size-full wp-image-24\" src=\"https:\/\/blogsaverroes.juntadeandalucia.es\/museocoloma\/files\/1970\/01\/ARMADILLO.jpg\" border=\"0\" hspace=\"5\" vspace=\"5\" width=\"500\" srcset=\"https:\/\/blogsaverroes.juntadeandalucia.es\/museocoloma\/files\/1970\/01\/ARMADILLO.jpg 2048w, https:\/\/blogsaverroes.juntadeandalucia.es\/museocoloma\/files\/1970\/01\/ARMADILLO-300x225.jpg 300w, https:\/\/blogsaverroes.juntadeandalucia.es\/museocoloma\/files\/1970\/01\/ARMADILLO-1024x768.jpg 1024w, https:\/\/blogsaverroes.juntadeandalucia.es\/museocoloma\/files\/1970\/01\/ARMADILLO-768x576.jpg 768w, https:\/\/blogsaverroes.juntadeandalucia.es\/museocoloma\/files\/1970\/01\/ARMADILLO-1536x1152.jpg 1536w\" sizes=\"(max-width: 2048px) 100vw, 2048px\" \/><br \/>190<\/p>\n<p>Nombre com\u00fan: <strong>Armadillo de nueve bandas<br \/><\/strong><br \/>Nombre cient\u00edfico: <span style=\"text-decoration: underline\"><strong><em>Dasypus novemcinctus<\/em><\/strong><\/span><\/p>\n<p>Familia: <strong>Dasypodidae<\/strong><\/p>\n<p>Orden: <strong>Xenarthra (Cingulata)<br \/><\/strong><br \/>Clase: <strong>Mammalia<\/strong><\/p>\n<p><em>Fecha de adquisici\u00f3n: se adquiere en el a\u00f1o 1890, procedente de Brasil.<\/em><\/p>\n<p><span style=\"text-decoration: underline\"><strong>Caracter\u00edsticas<\/strong><\/span>:<\/p>\n<ul>\n<li>El nombre de armadillo, cuyo origen es espa\u00f1ol y que es un diminutivo de \u00abarmado\u00bb, se debe a la <strong>armadura <\/strong>formada de <em>huesos d\u00e9rmicos y recubierta de epidermis c\u00f3rnea<\/em>, que reviste la parte superior y los flancos de estos animales, y que constituye su singular\u00edsimo aspecto. En esta especie consta de 9 bandas flexibles, lo que les da la posibilidad de enrollarse completamente (<strong>volvaci\u00f3n<\/strong>). <\/li>\n<li>Viven en zonas <strong>boscosas y pantanosas<\/strong>, excavan sus madrigueras en los remansos de los r\u00edos y cerca de los matorrales.<\/li>\n<li>Son animales terrestres,\u00a0 tanto <strong>crepusculares como nocturnos<\/strong>. Son <strong>gregarios<\/strong>, pudiendo habitar varios individuos la misma <strong>madriguera<\/strong>, la cual, llega a medir de 3 a 4 metros de profundidad.<\/li>\n<li>En la zona ventral, donde las placas son rudimentarias, tienen un pelaje denso, escaso y generalmente \u00e1spero, cuyo color var\u00eda entre el casta\u00f1o gris\u00e1ceo y el blanco. En el resto del cuerpo hay pocos pelos, los que en algunas especies, sobresalen por las aberturas entre las placas.<\/li>\n<li>Las <strong>extremidades <\/strong>son cortas, muy <strong>robustas y musculosas<\/strong>, pentad\u00e1ctilas, pero a veces con alguna reducci\u00f3n en el n\u00famero de dedos. Los dedos le sirven principalmente para <strong>excavar <\/strong>la tierra, tanto para buscar alimento, como para construir las madrigueras en que viven, pero en caso de necesidad, los usan tambi\u00e9n para defenderse de los enemigos por medio de la fuga o enterr\u00e1ndose r\u00e1pidamente.<\/li>\n<li>Tienen la <strong>cola larga<\/strong>, provista de escamas. Sus <strong>orejas y hocico son largos<\/strong> y sus <strong>ojos peque\u00f1os<\/strong>.<\/li>\n<li>Los armadillos son <strong>omn\u00edvoros<\/strong>, comen de todo; son principalmente <em>insect\u00edvoros<\/em>, pero se alimentan tambi\u00e9n de peque\u00f1os vertebrados, como ratones, lagartijas y serpientes, as\u00ed como de tub\u00e9rculos, ra\u00edces, e incluso carro\u00f1a. <\/li>\n<\/ul>\n<\/div>\n","protected":false},"excerpt":{"rendered":"<p>&#46;&#46;&#46;<\/p>\n","protected":false},"author":2367,"featured_media":24,"comment_status":"open","ping_status":"open","sticky":false,"template":"","format":"standard","meta":{"ngg_post_thumbnail":0,"footnotes":""},"categories":[11926],"tags":[],"aioseo_notices":[],"_links":{"self":[{"href":"https:\/\/blogsaverroes.juntadeandalucia.es\/museocoloma\/wp-json\/wp\/v2\/posts\/224"}],"collection":[{"href":"https:\/\/blogsaverroes.juntadeandalucia.es\/museocoloma\/wp-json\/wp\/v2\/posts"}],"about":[{"href":"https:\/\/blogsaverroes.juntadeandalucia.es\/museocoloma\/wp-json\/wp\/v2\/types\/post"}],"author":[{"embeddable":true,"href":"https:\/\/blogsaverroes.juntadeandalucia.es\/museocoloma\/wp-json\/wp\/v2\/users\/2367"}],"replies":[{"embeddable":true,"href":"https:\/\/blogsaverroes.juntadeandalucia.es\/museocoloma\/wp-json\/wp\/v2\/comments?post=224"}],"version-history":[{"count":0,"href":"https:\/\/blogsaverroes.juntadeandalucia.es\/museocoloma\/wp-json\/wp\/v2\/posts\/224\/revisions"}],"wp:featuredmedia":[{"embeddable":true,"href":"https:\/\/blogsaverroes.juntadeandalucia.es\/museocoloma\/wp-json\/wp\/v2\/media\/24"}],"wp:attachment":[{"href":"https:\/\/blogsaverroes.juntadeandalucia.es\/museocoloma\/wp-json\/wp\/v2\/media?parent=224"}],"wp:term":[{"taxonomy":"category","embeddable":true,"href":"https:\/\/blogsaverroes.juntadeandalucia.es\/museocoloma\/wp-json\/wp\/v2\/categories?post=224"},{"taxonomy":"post_tag","embeddable":true,"href":"https:\/\/blogsaverroes.juntadeandalucia.es\/museocoloma\/wp-json\/wp\/v2\/tags?post=224"}],"curies":[{"name":"wp","href":"https:\/\/api.w.org\/{rel}","templated":true}]}}