{"id":329,"date":"2009-03-09T17:00:10","date_gmt":"2009-03-09T17:00:10","guid":{"rendered":"https:\/\/alpelblan.com\/cosas\/2009\/03\/09\/barometro-2\/"},"modified":"2009-03-09T17:00:10","modified_gmt":"2009-03-09T17:00:10","slug":"barometro-2","status":"publish","type":"post","link":"https:\/\/blogsaverroes.juntadeandalucia.es\/museocoloma\/2009\/03\/09\/barometro-2\/","title":{"rendered":"BAR\u00d3METRO 2"},"content":{"rendered":"<p><img loading=\"lazy\" decoding=\"async\" class=\" alignleft size-full wp-image-327\" src=\"https:\/\/blogsaverroes.juntadeandalucia.es\/museocoloma\/files\/2009\/03\/BAROMETRO26.jpg\" border=\"0\" hspace=\"5\" vspace=\"5\" align=\"left\" width=\"251\" height=\"516\" srcset=\"https:\/\/blogsaverroes.juntadeandalucia.es\/museocoloma\/files\/2009\/03\/BAROMETRO26.jpg 251w, https:\/\/blogsaverroes.juntadeandalucia.es\/museocoloma\/files\/2009\/03\/BAROMETRO26-146x300.jpg 146w\" sizes=\"(max-width: 251px) 100vw, 251px\" \/><img loading=\"lazy\" decoding=\"async\" class=\" size-full wp-image-328\" src=\"https:\/\/blogsaverroes.juntadeandalucia.es\/museocoloma\/files\/2009\/03\/BAROMETRO2626.jpg\" border=\"0\" hspace=\"5\" vspace=\"5\" align=\"baseline\" width=\"204\" height=\"487\" srcset=\"https:\/\/blogsaverroes.juntadeandalucia.es\/museocoloma\/files\/2009\/03\/BAROMETRO2626.jpg 204w, https:\/\/blogsaverroes.juntadeandalucia.es\/museocoloma\/files\/2009\/03\/BAROMETRO2626-126x300.jpg 126w\" sizes=\"(max-width: 204px) 100vw, 204px\" \/><\/p>\n<p>\u00a0<\/p>\n<p>\u00a0<strong><em>Descripci\u00f3n y Adquisici\u00f3n:<\/em><\/strong><\/p>\n<p>Teor\u00eda del Bar\u00f3metro.<br \/>N\u00bade inventario: 26<br \/>Fabricante: Max Kohl.<\/p>\n<p><em><strong>Utilidad y Aplicaci\u00f3n:<\/strong><\/em><\/p>\n<p><em>(Daguin: Tratado de F\u00edsica. Tomo 1.Toulouse, Par\u00eds, 1861. Pag. 280, fig. 238)<br \/>(Feliu y P\u00e9rez, Bartolom\u00e9: F\u00edsica experimental y aplicada.Valencia, 1876. Pag. 102). <br \/>(Max Kohl. . 1905. Pag. 185)<\/em><br \/>\u00a0<\/p>\n","protected":false},"excerpt":{"rendered":"<p>&#46;&#46;&#46;<\/p>\n","protected":false},"author":2367,"featured_media":0,"comment_status":"open","ping_status":"open","sticky":false,"template":"","format":"standard","meta":{"ngg_post_thumbnail":0,"footnotes":""},"categories":[11955],"tags":[],"aioseo_notices":[],"_links":{"self":[{"href":"https:\/\/blogsaverroes.juntadeandalucia.es\/museocoloma\/wp-json\/wp\/v2\/posts\/329"}],"collection":[{"href":"https:\/\/blogsaverroes.juntadeandalucia.es\/museocoloma\/wp-json\/wp\/v2\/posts"}],"about":[{"href":"https:\/\/blogsaverroes.juntadeandalucia.es\/museocoloma\/wp-json\/wp\/v2\/types\/post"}],"author":[{"embeddable":true,"href":"https:\/\/blogsaverroes.juntadeandalucia.es\/museocoloma\/wp-json\/wp\/v2\/users\/2367"}],"replies":[{"embeddable":true,"href":"https:\/\/blogsaverroes.juntadeandalucia.es\/museocoloma\/wp-json\/wp\/v2\/comments?post=329"}],"version-history":[{"count":0,"href":"https:\/\/blogsaverroes.juntadeandalucia.es\/museocoloma\/wp-json\/wp\/v2\/posts\/329\/revisions"}],"wp:attachment":[{"href":"https:\/\/blogsaverroes.juntadeandalucia.es\/museocoloma\/wp-json\/wp\/v2\/media?parent=329"}],"wp:term":[{"taxonomy":"category","embeddable":true,"href":"https:\/\/blogsaverroes.juntadeandalucia.es\/museocoloma\/wp-json\/wp\/v2\/categories?post=329"},{"taxonomy":"post_tag","embeddable":true,"href":"https:\/\/blogsaverroes.juntadeandalucia.es\/museocoloma\/wp-json\/wp\/v2\/tags?post=329"}],"curies":[{"name":"wp","href":"https:\/\/api.w.org\/{rel}","templated":true}]}}