{"id":382,"date":"2009-03-09T17:53:32","date_gmt":"2009-03-09T17:53:32","guid":{"rendered":"https:\/\/alpelblan.com\/cosas\/2009\/03\/09\/densimetro-9\/"},"modified":"2009-03-09T17:53:32","modified_gmt":"2009-03-09T17:53:32","slug":"densimetro-9","status":"publish","type":"post","link":"https:\/\/blogsaverroes.juntadeandalucia.es\/museocoloma\/2009\/03\/09\/densimetro-9\/","title":{"rendered":"DENS\u00cdMETRO DE ROUSSEAU"},"content":{"rendered":"<p><img loading=\"lazy\" decoding=\"async\" class=\" size-full wp-image-381\" src=\"https:\/\/blogsaverroes.juntadeandalucia.es\/museocoloma\/files\/2009\/03\/DENSIMETROROUSSEAU.jpg\" border=\"0\" hspace=\"5\" vspace=\"5\" width=\"387\" height=\"290\" srcset=\"https:\/\/blogsaverroes.juntadeandalucia.es\/museocoloma\/files\/2009\/03\/DENSIMETROROUSSEAU.jpg 387w, https:\/\/blogsaverroes.juntadeandalucia.es\/museocoloma\/files\/2009\/03\/DENSIMETROROUSSEAU-300x225.jpg 300w\" sizes=\"(max-width: 387px) 100vw, 387px\" \/><\/p>\n<p><strong><em>Descripci\u00f3n y Adquisici\u00f3n:<\/em><\/strong><\/p>\n<p>Dens\u00edmetro de Rousseau.<br \/>N\u00ba de inventario: 17<br \/>Adquirido por el Instituto en 1887.<br \/>Fabricado por Salleron, A. Demichel. Par\u00eds Suc.<\/p>\n<p><strong><em>Utilidad y Aplicaci\u00f3n:<\/em><\/strong><\/p>\n<div align=\"justify\">Son de peso y volumen variables, re\u00fanen las condiciones de los dos anteriores, desalojando cantidades de l\u00edquido diferentes y variando de peso seg\u00fan los cuerpos cuya densidad se determina; los m\u00e1s usados entre ellos fueron los de Rousseau y Paquet. <\/div>\n<p>\u00a0<\/p>\n","protected":false},"excerpt":{"rendered":"<p>&#46;&#46;&#46;<\/p>\n","protected":false},"author":2367,"featured_media":0,"comment_status":"open","ping_status":"open","sticky":false,"template":"","format":"standard","meta":{"ngg_post_thumbnail":0,"footnotes":""},"categories":[11955],"tags":[],"aioseo_notices":[],"_links":{"self":[{"href":"https:\/\/blogsaverroes.juntadeandalucia.es\/museocoloma\/wp-json\/wp\/v2\/posts\/382"}],"collection":[{"href":"https:\/\/blogsaverroes.juntadeandalucia.es\/museocoloma\/wp-json\/wp\/v2\/posts"}],"about":[{"href":"https:\/\/blogsaverroes.juntadeandalucia.es\/museocoloma\/wp-json\/wp\/v2\/types\/post"}],"author":[{"embeddable":true,"href":"https:\/\/blogsaverroes.juntadeandalucia.es\/museocoloma\/wp-json\/wp\/v2\/users\/2367"}],"replies":[{"embeddable":true,"href":"https:\/\/blogsaverroes.juntadeandalucia.es\/museocoloma\/wp-json\/wp\/v2\/comments?post=382"}],"version-history":[{"count":0,"href":"https:\/\/blogsaverroes.juntadeandalucia.es\/museocoloma\/wp-json\/wp\/v2\/posts\/382\/revisions"}],"wp:attachment":[{"href":"https:\/\/blogsaverroes.juntadeandalucia.es\/museocoloma\/wp-json\/wp\/v2\/media?parent=382"}],"wp:term":[{"taxonomy":"category","embeddable":true,"href":"https:\/\/blogsaverroes.juntadeandalucia.es\/museocoloma\/wp-json\/wp\/v2\/categories?post=382"},{"taxonomy":"post_tag","embeddable":true,"href":"https:\/\/blogsaverroes.juntadeandalucia.es\/museocoloma\/wp-json\/wp\/v2\/tags?post=382"}],"curies":[{"name":"wp","href":"https:\/\/api.w.org\/{rel}","templated":true}]}}