{"id":517,"date":"2009-03-18T19:41:19","date_gmt":"2009-03-18T19:41:19","guid":{"rendered":"https:\/\/alpelblan.com\/cosas\/2009\/03\/18\/higrometro-de-daniel\/"},"modified":"2009-03-18T19:41:19","modified_gmt":"2009-03-18T19:41:19","slug":"higrometro-de-daniel","status":"publish","type":"post","link":"https:\/\/blogsaverroes.juntadeandalucia.es\/museocoloma\/2009\/03\/18\/higrometro-de-daniel\/","title":{"rendered":"HIGR\u00d3METRO DE DANIEL"},"content":{"rendered":"<p><img loading=\"lazy\" decoding=\"async\" class=\" alignleft size-full wp-image-515\" src=\"https:\/\/blogsaverroes.juntadeandalucia.es\/museocoloma\/files\/2009\/03\/HIGROMETRODANIEL.jpg\" border=\"0\" hspace=\"5\" vspace=\"5\" align=\"left\" width=\"245\" height=\"436\" srcset=\"https:\/\/blogsaverroes.juntadeandalucia.es\/museocoloma\/files\/2009\/03\/HIGROMETRODANIEL.jpg 245w, https:\/\/blogsaverroes.juntadeandalucia.es\/museocoloma\/files\/2009\/03\/HIGROMETRODANIEL-169x300.jpg 169w\" sizes=\"(max-width: 245px) 100vw, 245px\" \/><br \/><img loading=\"lazy\" decoding=\"async\" class=\" size-full wp-image-516\" src=\"https:\/\/blogsaverroes.juntadeandalucia.es\/museocoloma\/files\/2009\/03\/HIGROMETRODANIEL1.jpg\" border=\"0\" hspace=\"5\" vspace=\"5\" align=\"baseline\" width=\"228\" height=\"338\" srcset=\"https:\/\/blogsaverroes.juntadeandalucia.es\/museocoloma\/files\/2009\/03\/HIGROMETRODANIEL1.jpg 228w, https:\/\/blogsaverroes.juntadeandalucia.es\/museocoloma\/files\/2009\/03\/HIGROMETRODANIEL1-202x300.jpg 202w\" sizes=\"(max-width: 228px) 100vw, 228px\" \/><\/p>\n<p>\u00a0<\/p>\n<p>\u00a0<\/p>\n<p><strong><em>\u00a0<\/em><\/strong><\/p>\n<p>\u00a0<\/p>\n<p><strong><em>Descripci\u00f3n y Adquisici\u00f3n: <\/em><\/strong><\/p>\n<p>Higr\u00f3metro de Daniel.<br \/>N\u00ba de inventario: 10<br \/>Base de Aluminio.<br \/>Fabricante: Material pedag\u00f3gico. Sogeresa. San Marcos 43. Madrid.<\/p>\n<div align=\"justify\">Se compone de un tubo de vidrio dos veces doblado en \u00e1ngulo recto de ramas desiguales con dos bolas en sus extremos. Una lleva un term\u00f3metro sumergido en \u00e9ter. La otra bola se ha hecho cubrir con una funda delgada de muselina. Lleva otro term\u00f3metro para conocer la temperatura del aire exterior.<\/div>\n<p><em><strong>Utilidad y Aplicaci\u00f3n:<\/strong><\/em><\/p>\n<p>Se echa \u00e9ter sobre la bola cubierta de tela y se volatiliza r\u00e1pidamente y le roba calor a la bola, se condensa en su interior parte del vapor de \u00e9ter y se produce el vac\u00edo; entonces parte del l\u00edquido que hay en la otra bola se evapora enfriando esta bola y su term\u00f3metro y el aire en contacto con ella. Esto provoca el descenso de la temperatura, el aire se satura y en la superficie de la bola se forman gotitas de roc\u00edo. La temperatura interior es el punto de saturaci\u00f3n y compar\u00e1ndola con la temperatura exterior se aprecia el enfriamiento que ha tenido que tener el aire para llegar a su saturaci\u00f3n.<br \/><em><br \/>(Feliu y P\u00e9rez, Bartolom\u00e9: F\u00edsica experimental y aplicada.Valencia, 1876.Pag.187)<\/em><\/p>\n","protected":false},"excerpt":{"rendered":"<p>&#46;&#46;&#46;<\/p>\n","protected":false},"author":2367,"featured_media":0,"comment_status":"open","ping_status":"open","sticky":false,"template":"","format":"standard","meta":{"ngg_post_thumbnail":0,"footnotes":""},"categories":[11964],"tags":[],"aioseo_notices":[],"_links":{"self":[{"href":"https:\/\/blogsaverroes.juntadeandalucia.es\/museocoloma\/wp-json\/wp\/v2\/posts\/517"}],"collection":[{"href":"https:\/\/blogsaverroes.juntadeandalucia.es\/museocoloma\/wp-json\/wp\/v2\/posts"}],"about":[{"href":"https:\/\/blogsaverroes.juntadeandalucia.es\/museocoloma\/wp-json\/wp\/v2\/types\/post"}],"author":[{"embeddable":true,"href":"https:\/\/blogsaverroes.juntadeandalucia.es\/museocoloma\/wp-json\/wp\/v2\/users\/2367"}],"replies":[{"embeddable":true,"href":"https:\/\/blogsaverroes.juntadeandalucia.es\/museocoloma\/wp-json\/wp\/v2\/comments?post=517"}],"version-history":[{"count":0,"href":"https:\/\/blogsaverroes.juntadeandalucia.es\/museocoloma\/wp-json\/wp\/v2\/posts\/517\/revisions"}],"wp:attachment":[{"href":"https:\/\/blogsaverroes.juntadeandalucia.es\/museocoloma\/wp-json\/wp\/v2\/media?parent=517"}],"wp:term":[{"taxonomy":"category","embeddable":true,"href":"https:\/\/blogsaverroes.juntadeandalucia.es\/museocoloma\/wp-json\/wp\/v2\/categories?post=517"},{"taxonomy":"post_tag","embeddable":true,"href":"https:\/\/blogsaverroes.juntadeandalucia.es\/museocoloma\/wp-json\/wp\/v2\/tags?post=517"}],"curies":[{"name":"wp","href":"https:\/\/api.w.org\/{rel}","templated":true}]}}