{"id":658,"date":"2009-03-25T10:02:09","date_gmt":"2009-03-25T10:02:09","guid":{"rendered":"https:\/\/alpelblan.com\/cosas\/2009\/03\/25\/gorrion-comun\/"},"modified":"2009-03-25T10:02:09","modified_gmt":"2009-03-25T10:02:09","slug":"gorrion-comun","status":"publish","type":"post","link":"https:\/\/blogsaverroes.juntadeandalucia.es\/museocoloma\/2009\/03\/25\/gorrion-comun\/","title":{"rendered":"GORRI\u00d3N COM\u00daN"},"content":{"rendered":"<p><img loading=\"lazy\" decoding=\"async\" class=\" alignleft size-full wp-image-657\" src=\"https:\/\/blogsaverroes.juntadeandalucia.es\/museocoloma\/files\/2009\/03\/GORRION.jpg\" border=\"0\" hspace=\"5\" vspace=\"5\" align=\"left\" width=\"279\" height=\"183\" \/><br \/>N\u00ba 15<\/p>\n<p>Nombre com\u00fan: <strong>Gorri\u00f3n com\u00fan<\/strong><\/p>\n<p>Nombre cient\u00edfico: <span style=\"text-decoration: underline\"><strong><em>Passer domesticus<\/em><\/strong><\/span><\/p>\n<p>Familia: <strong>Passeridae<\/strong><\/p>\n<p>Orden: <strong>Passeriformes<\/strong><\/p>\n<p>Clase: <strong>Aves<\/strong><\/p>\n<p>Estado: <strong>Adulto<\/strong><\/p>\n<p>Sexo: <strong>Macho<\/strong><\/p>\n","protected":false},"excerpt":{"rendered":"<p>&#46;&#46;&#46;<\/p>\n","protected":false},"author":2367,"featured_media":0,"comment_status":"open","ping_status":"open","sticky":false,"template":"","format":"standard","meta":{"ngg_post_thumbnail":0,"footnotes":""},"categories":[11961],"tags":[],"aioseo_notices":[],"_links":{"self":[{"href":"https:\/\/blogsaverroes.juntadeandalucia.es\/museocoloma\/wp-json\/wp\/v2\/posts\/658"}],"collection":[{"href":"https:\/\/blogsaverroes.juntadeandalucia.es\/museocoloma\/wp-json\/wp\/v2\/posts"}],"about":[{"href":"https:\/\/blogsaverroes.juntadeandalucia.es\/museocoloma\/wp-json\/wp\/v2\/types\/post"}],"author":[{"embeddable":true,"href":"https:\/\/blogsaverroes.juntadeandalucia.es\/museocoloma\/wp-json\/wp\/v2\/users\/2367"}],"replies":[{"embeddable":true,"href":"https:\/\/blogsaverroes.juntadeandalucia.es\/museocoloma\/wp-json\/wp\/v2\/comments?post=658"}],"version-history":[{"count":0,"href":"https:\/\/blogsaverroes.juntadeandalucia.es\/museocoloma\/wp-json\/wp\/v2\/posts\/658\/revisions"}],"wp:attachment":[{"href":"https:\/\/blogsaverroes.juntadeandalucia.es\/museocoloma\/wp-json\/wp\/v2\/media?parent=658"}],"wp:term":[{"taxonomy":"category","embeddable":true,"href":"https:\/\/blogsaverroes.juntadeandalucia.es\/museocoloma\/wp-json\/wp\/v2\/categories?post=658"},{"taxonomy":"post_tag","embeddable":true,"href":"https:\/\/blogsaverroes.juntadeandalucia.es\/museocoloma\/wp-json\/wp\/v2\/tags?post=658"}],"curies":[{"name":"wp","href":"https:\/\/api.w.org\/{rel}","templated":true}]}}