{"id":24,"date":"2021-04-03T10:00:00","date_gmt":"2021-04-03T10:00:00","guid":{"rendered":""},"modified":"2021-09-17T20:24:59","modified_gmt":"2021-09-17T20:24:59","slug":"el-mito-de-persefone-capitulo-final","status":"publish","type":"post","link":"https:\/\/blogsaverroes.juntadeandalucia.es\/musicandoconjavi\/2021\/04\/03\/el-mito-de-persefone-capitulo-final\/","title":{"rendered":"El mito de Pers\u00e9fone: cap\u00edtulo final"},"content":{"rendered":"<p>El jueves y viernes de la semana pasada fue un aut\u00e9ntico reto para conseguir grabar todas las escenas del teatro ya que era la primera vez para todos que hac\u00edamos algo as\u00ed.<\/p>\n<div>&nbsp;<\/div>\n<div>Comenzamos el jueves bien temprano. La se\u00f1o Anita y yo nos fuimos a la sala de grabaci\u00f3n para preparar la c\u00e1mara, sonido e iluminaci\u00f3n. Esta \u00faltima nos dio m\u00e1s lata de la esperada ya que la pared verde reflejaba los focos as\u00ed que tuvimos que probar y probar hasta que conseguimos la mejor iluminaci\u00f3n posible aunque es necesario hacer alg\u00fan que otro apa\u00f1o para poder conseguir aprovechar al m\u00e1ximo el croma. Esperemos que lo podamos tener antes de terminar el curso.<\/div>\n<table style=\"margin-left: auto;margin-right: auto\" cellspacing=\"0\" cellpadding=\"0\" align=\"center\">\n<tbody>\n<tr>\n<td style=\"text-align: center\"><a style=\"margin-left: auto;margin-right: auto\" href=\"https:\/\/blogsaverroes.juntadeandalucia.es\/musicandoconjavi\/files\/2021\/04\/IMG-20210325-WA0060.jpg\"><img decoding=\"async\" src=\"https:\/\/blogsaverroes.juntadeandalucia.es\/musicandoconjavi\/files\/2021\/04\/IMG-20210325-WA0060-265x300.jpg\" height=\"320\" border=\"0\" data-original-height=\"2048\" data-original-width=\"1808\"><\/a><\/td>\n<\/tr>\n<tr>\n<td style=\"text-align: center\">Preparando los focos<\/td>\n<\/tr>\n<\/tbody>\n<\/table>\n<p>&nbsp;<\/p>\n<table style=\"margin-left: auto;margin-right: auto\" cellspacing=\"0\" cellpadding=\"0\" align=\"center\">\n<tbody>\n<tr>\n<td style=\"text-align: center\"><a style=\"margin-left: auto;margin-right: auto\" href=\"https:\/\/blogsaverroes.juntadeandalucia.es\/musicandoconjavi\/files\/2021\/04\/IMG-20210325-WA0061.jpg\"><img decoding=\"async\" src=\"https:\/\/blogsaverroes.juntadeandalucia.es\/musicandoconjavi\/files\/2021\/04\/IMG-20210325-WA0061-300x232.jpg\" width=\"320\" border=\"0\" data-original-height=\"1294\" data-original-width=\"1674\"><\/a><\/td>\n<\/tr>\n<tr>\n<td style=\"text-align: center\">Preparando los focos<\/td>\n<\/tr>\n<\/tbody>\n<\/table>\n<p>&nbsp;<\/p>\n<table style=\"margin-left: auto;margin-right: auto\" cellspacing=\"0\" cellpadding=\"0\" align=\"center\">\n<tbody>\n<tr>\n<td style=\"text-align: center\"><a style=\"margin-left: auto;margin-right: auto\" href=\"https:\/\/blogsaverroes.juntadeandalucia.es\/musicandoconjavi\/files\/2021\/04\/IMG-20210325-WA0062.jpg\"><img decoding=\"async\" src=\"https:\/\/blogsaverroes.juntadeandalucia.es\/musicandoconjavi\/files\/2021\/04\/IMG-20210325-WA0062-225x300.jpg\" height=\"320\" border=\"0\" data-original-height=\"1824\" data-original-width=\"1368\"><\/a><\/td>\n<\/tr>\n<tr>\n<td style=\"text-align: center\">C\u00e1mara en posici\u00f3n<\/td>\n<\/tr>\n<\/tbody>\n<\/table>\n<p>Las fotograf\u00edas que aparecen en este post son gracias a la gran Anita, encargada de la foto fija de nuestro rodaje. Siempre que ha tenido oportunidad de estar con nosotros ha hecho uso de su gran ojo para sacar las incre\u00edbles instant\u00e1neas que v\u00e9is en este post.<\/p>\n<div>&nbsp;<\/div>\n<div>Una vez todo listo, comenzamos con las primeras escenas que, como suele ser habitual, no se graban cronol\u00f3gicamente sino que seg\u00fan el gui\u00f3n y disponibilidad de los actores, fuimos haciendo. Menci\u00f3n especial merece Zahra y Concha, que se encargaron este primer d\u00eda en maquillar a las actrices con unos resultados espectaculares, como pod\u00e9is ver en las fotos que siguen:<\/div>\n<table style=\"margin-left: auto;margin-right: auto\" cellspacing=\"0\" cellpadding=\"0\" align=\"center\">\n<tbody>\n<tr>\n<td style=\"text-align: center\"><a style=\"margin-left: auto;margin-right: auto\" href=\"https:\/\/blogsaverroes.juntadeandalucia.es\/musicandoconjavi\/files\/2021\/04\/IMG-20210325-WA0066.jpg\"><img decoding=\"async\" src=\"https:\/\/blogsaverroes.juntadeandalucia.es\/musicandoconjavi\/files\/2021\/04\/IMG-20210325-WA0066-225x300.jpg\" height=\"320\" border=\"0\" data-original-height=\"1824\" data-original-width=\"1368\"><\/a><\/td>\n<\/tr>\n<tr>\n<td style=\"text-align: center\">Ninfa (Elisabeth)<\/td>\n<\/tr>\n<\/tbody>\n<\/table>\n<p>&nbsp;<\/p>\n<table style=\"margin-left: auto;margin-right: auto\" cellspacing=\"0\" cellpadding=\"0\" align=\"center\">\n<tbody>\n<tr>\n<td style=\"text-align: center\"><a style=\"margin-left: auto;margin-right: auto\" href=\"https:\/\/blogsaverroes.juntadeandalucia.es\/musicandoconjavi\/files\/2021\/04\/IMG-20210325-WA0067.jpg\"><img decoding=\"async\" src=\"https:\/\/blogsaverroes.juntadeandalucia.es\/musicandoconjavi\/files\/2021\/04\/IMG-20210325-WA0067-225x300.jpg\" height=\"320\" border=\"0\" data-original-height=\"1824\" data-original-width=\"1368\"><\/a><\/td>\n<\/tr>\n<tr>\n<td style=\"text-align: center\">Ninfa (Elisabeth)<\/td>\n<\/tr>\n<\/tbody>\n<\/table>\n<p>&nbsp;<\/p>\n<table style=\"margin-left: auto;margin-right: auto\" cellspacing=\"0\" cellpadding=\"0\" align=\"center\">\n<tbody>\n<tr>\n<td style=\"text-align: center\"><a style=\"margin-left: auto;margin-right: auto\" href=\"https:\/\/blogsaverroes.juntadeandalucia.es\/musicandoconjavi\/files\/2021\/04\/IMG-20210325-WA0068.jpg\"><img decoding=\"async\" src=\"https:\/\/blogsaverroes.juntadeandalucia.es\/musicandoconjavi\/files\/2021\/04\/IMG-20210325-WA0068-225x300.jpg\" height=\"320\" border=\"0\" data-original-height=\"1824\" data-original-width=\"1368\"><\/a><\/td>\n<\/tr>\n<tr>\n<td style=\"text-align: center\">Pers\u00e9fone (Noem\u00ed)<\/td>\n<\/tr>\n<\/tbody>\n<\/table>\n<p>&nbsp;<\/p>\n<table style=\"margin-left: auto;margin-right: auto\" cellspacing=\"0\" cellpadding=\"0\" align=\"center\">\n<tbody>\n<tr>\n<td style=\"text-align: center\"><a style=\"margin-left: auto;margin-right: auto\" href=\"https:\/\/blogsaverroes.juntadeandalucia.es\/musicandoconjavi\/files\/2021\/04\/IMG-20210325-WA0069.jpg\"><img decoding=\"async\" src=\"https:\/\/blogsaverroes.juntadeandalucia.es\/musicandoconjavi\/files\/2021\/04\/IMG-20210325-WA0069-225x300.jpg\" height=\"320\" border=\"0\" data-original-height=\"1824\" data-original-width=\"1368\"><\/a><\/td>\n<\/tr>\n<tr>\n<td style=\"text-align: center\">Helios (Ana)<\/td>\n<\/tr>\n<\/tbody>\n<\/table>\n<p>&nbsp;<\/p>\n<table style=\"margin-left: auto;margin-right: auto\" cellspacing=\"0\" cellpadding=\"0\" align=\"center\">\n<tbody>\n<tr>\n<td style=\"text-align: center\"><a style=\"margin-left: auto;margin-right: auto\" href=\"https:\/\/blogsaverroes.juntadeandalucia.es\/musicandoconjavi\/files\/2021\/04\/IMG-20210325-WA0070.jpg\"><img decoding=\"async\" src=\"https:\/\/blogsaverroes.juntadeandalucia.es\/musicandoconjavi\/files\/2021\/04\/IMG-20210325-WA0070-225x300.jpg\" height=\"320\" border=\"0\" data-original-height=\"1824\" data-original-width=\"1368\"><\/a><\/td>\n<\/tr>\n<tr>\n<td style=\"text-align: center\">Helios (Ana)<\/td>\n<\/tr>\n<\/tbody>\n<\/table>\n<p>&nbsp;<\/p>\n<table style=\"margin-left: auto;margin-right: auto\" cellspacing=\"0\" cellpadding=\"0\" align=\"center\">\n<tbody>\n<tr>\n<td style=\"text-align: center\"><a style=\"margin-left: auto;margin-right: auto\" href=\"https:\/\/blogsaverroes.juntadeandalucia.es\/musicandoconjavi\/files\/2021\/04\/IMG-20210325-WA0072.jpg\"><img decoding=\"async\" src=\"https:\/\/blogsaverroes.juntadeandalucia.es\/musicandoconjavi\/files\/2021\/04\/IMG-20210325-WA0072-225x300.jpg\" height=\"320\" border=\"0\" data-original-height=\"1824\" data-original-width=\"1368\"><\/a><\/td>\n<\/tr>\n<tr>\n<td style=\"text-align: center\">Dem\u00e9ter (Verena)<\/td>\n<\/tr>\n<\/tbody>\n<\/table>\n<p>Con algunos nervios y procurando que todo saliera a la perfecci\u00f3n cogimos la claqueta (tambi\u00e9n cesi\u00f3n de la se\u00f1o Anita) y nos pusimos a rodar:<\/p>\n<table style=\"margin-left: auto;margin-right: auto\" cellspacing=\"0\" cellpadding=\"0\" align=\"center\">\n<tbody>\n<tr>\n<td style=\"text-align: center\"><a style=\"margin-left: auto;margin-right: auto\" href=\"https:\/\/blogsaverroes.juntadeandalucia.es\/musicandoconjavi\/files\/2021\/04\/IMG-20210325-WA0058.jpg\"><img decoding=\"async\" src=\"https:\/\/blogsaverroes.juntadeandalucia.es\/musicandoconjavi\/files\/2021\/04\/IMG-20210325-WA0058-300x225.jpg\" width=\"320\" border=\"0\" data-original-height=\"1368\" data-original-width=\"1824\"><\/a><\/td>\n<\/tr>\n<tr>\n<td style=\"text-align: center\">Dem\u00e9ter se encuentra con Pers\u00e9fone, toma 1&#8230; \u00a1Acci\u00f3n!<\/td>\n<\/tr>\n<\/tbody>\n<\/table>\n<p>&nbsp;<\/p>\n<table style=\"margin-left: auto;margin-right: auto\" cellspacing=\"0\" cellpadding=\"0\" align=\"center\">\n<tbody>\n<tr>\n<td style=\"text-align: center\"><a style=\"margin-left: auto;margin-right: auto\" href=\"https:\/\/blogsaverroes.juntadeandalucia.es\/musicandoconjavi\/files\/2021\/04\/IMG-20210325-WA0065.jpg\"><img decoding=\"async\" src=\"https:\/\/blogsaverroes.juntadeandalucia.es\/musicandoconjavi\/files\/2021\/04\/IMG-20210325-WA0065-225x300.jpg\" height=\"320\" border=\"0\" data-original-height=\"1824\" data-original-width=\"1368\"><\/a><\/td>\n<\/tr>\n<tr>\n<td style=\"text-align: center\">Repasando el gui\u00f3n y dando instrucciones<\/td>\n<\/tr>\n<\/tbody>\n<\/table>\n<p>&nbsp;<\/p>\n<table style=\"margin-left: auto;margin-right: auto\" cellspacing=\"0\" cellpadding=\"0\" align=\"center\">\n<tbody>\n<tr>\n<td style=\"text-align: center\"><a style=\"margin-left: auto;margin-right: auto\" href=\"https:\/\/blogsaverroes.juntadeandalucia.es\/musicandoconjavi\/files\/2021\/04\/IMG-20210325-WA0064.jpg\"><img decoding=\"async\" src=\"https:\/\/blogsaverroes.juntadeandalucia.es\/musicandoconjavi\/files\/2021\/04\/IMG-20210325-WA0064-300x243.jpg\" width=\"320\" border=\"0\" data-original-height=\"1659\" data-original-width=\"2048\"><\/a><\/td>\n<\/tr>\n<tr>\n<td style=\"text-align: center\">Hades y sus secuaces<\/td>\n<\/tr>\n<\/tbody>\n<\/table>\n<p>&nbsp;<\/p>\n<table style=\"margin-left: auto;margin-right: auto\" cellspacing=\"0\" cellpadding=\"0\" align=\"center\">\n<tbody>\n<tr>\n<td style=\"text-align: center\"><a style=\"margin-left: auto;margin-right: auto\" href=\"https:\/\/blogsaverroes.juntadeandalucia.es\/musicandoconjavi\/files\/2021\/04\/IMG-20210325-WA0071.jpg\"><img decoding=\"async\" src=\"https:\/\/blogsaverroes.juntadeandalucia.es\/musicandoconjavi\/files\/2021\/04\/IMG-20210325-WA0071-300x278.jpg\" width=\"320\" border=\"0\" data-original-height=\"1899\" data-original-width=\"2048\"><\/a><\/td>\n<\/tr>\n<tr>\n<td style=\"text-align: center\">Dem\u00e9ter echando flores a su hija Pers\u00e9fone<\/td>\n<\/tr>\n<\/tbody>\n<\/table>\n<p>&nbsp;<\/p>\n<table style=\"margin-left: auto;margin-right: auto\" cellspacing=\"0\" cellpadding=\"0\" align=\"center\">\n<tbody>\n<tr>\n<td style=\"text-align: center\"><a style=\"margin-left: auto;margin-right: auto\" href=\"https:\/\/blogsaverroes.juntadeandalucia.es\/musicandoconjavi\/files\/2021\/04\/IMG-20210326-WA0007.jpg\"><img decoding=\"async\" src=\"https:\/\/blogsaverroes.juntadeandalucia.es\/musicandoconjavi\/files\/2021\/04\/IMG-20210326-WA0007-300x225.jpg\" width=\"320\" border=\"0\" data-original-height=\"1368\" data-original-width=\"1824\"><\/a><\/td>\n<\/tr>\n<tr>\n<td style=\"text-align: center\">Zeus hablando con su hermano Hades.<\/td>\n<\/tr>\n<\/tbody>\n<\/table>\n<p>&nbsp;<\/p>\n<table style=\"margin-left: auto;margin-right: auto\" cellspacing=\"0\" cellpadding=\"0\" align=\"center\">\n<tbody>\n<tr>\n<td style=\"text-align: center\"><a style=\"margin-left: auto;margin-right: auto\" href=\"https:\/\/blogsaverroes.juntadeandalucia.es\/musicandoconjavi\/files\/2021\/04\/IMG-20210326-WA0010.jpg\"><img decoding=\"async\" src=\"https:\/\/blogsaverroes.juntadeandalucia.es\/musicandoconjavi\/files\/2021\/04\/IMG-20210326-WA0010-300x225.jpg\" width=\"320\" border=\"0\" data-original-height=\"1368\" data-original-width=\"1824\"><\/a><\/td>\n<\/tr>\n<tr>\n<td style=\"text-align: center\">Aclarando la escena con Antonio y Luis<\/td>\n<\/tr>\n<\/tbody>\n<\/table>\n<div style=\"clear: both;text-align: center\">\n<p>&nbsp;<\/p>\n<table style=\"margin-left: auto;margin-right: auto\" cellspacing=\"0\" cellpadding=\"0\" align=\"center\">\n<tbody>\n<tr>\n<td style=\"text-align: center\"><img decoding=\"async\" style=\"margin-left: auto;margin-right: auto\" src=\"https:\/\/blogsaverroes.juntadeandalucia.es\/musicandoconjavi\/files\/2021\/04\/IMG-20210326-WA0009-225x300.jpg\" height=\"320\" border=\"0\" data-original-height=\"1824\" data-original-width=\"1368\"><\/td>\n<\/tr>\n<tr>\n<td style=\"text-align: center\">Zahra revisando que no falte ninguna palabra mientras act\u00faan.<\/td>\n<\/tr>\n<\/tbody>\n<\/table>\n<p>&nbsp;<\/p>\n<\/div>\n<p>&nbsp;<\/p>\n<table style=\"margin-left: auto;margin-right: auto\" cellspacing=\"0\" cellpadding=\"0\" align=\"center\">\n<tbody>\n<tr>\n<td style=\"text-align: center\"><a style=\"margin-left: auto;margin-right: auto\" href=\"https:\/\/blogsaverroes.juntadeandalucia.es\/musicandoconjavi\/files\/2021\/04\/IMG-20210326-WA0014.jpg\"><img decoding=\"async\" src=\"https:\/\/blogsaverroes.juntadeandalucia.es\/musicandoconjavi\/files\/2021\/04\/IMG-20210326-WA0014-300x225.jpg\" width=\"320\" border=\"0\" data-original-height=\"1536\" data-original-width=\"2048\"><\/a><\/td>\n<\/tr>\n<tr>\n<td style=\"text-align: center\">Zahra explicando el di\u00e1logo a Luis<\/td>\n<\/tr>\n<\/tbody>\n<\/table>\n<p>&nbsp;<\/p>\n<table style=\"margin-left: auto;margin-right: auto\" cellspacing=\"0\" cellpadding=\"0\" align=\"center\">\n<tbody>\n<tr>\n<td style=\"text-align: center\"><a style=\"margin-left: auto;margin-right: auto\" href=\"https:\/\/blogsaverroes.juntadeandalucia.es\/musicandoconjavi\/files\/2021\/04\/IMG-20210326-WA0019.jpg\"><img decoding=\"async\" src=\"https:\/\/blogsaverroes.juntadeandalucia.es\/musicandoconjavi\/files\/2021\/04\/IMG-20210326-WA0019-300x225.jpg\" width=\"320\" border=\"0\" data-original-height=\"1337\" data-original-width=\"1782\"><\/a><\/td>\n<\/tr>\n<tr>\n<td style=\"text-align: center\">Verena con la claqueta<\/td>\n<\/tr>\n<\/tbody>\n<\/table>\n<p>Aqu\u00ed os dejo otras fotograf\u00edas de los momentos en los que hab\u00eda que esperar, ya que aunque en la escena solo salga uno o dos personajes, el resto esperaban su turno pacientemente mientras los dem\u00e1s actuaban.<\/p>\n<table style=\"margin-left: auto;margin-right: auto\" cellspacing=\"0\" cellpadding=\"0\" align=\"center\">\n<tbody>\n<tr>\n<td style=\"text-align: center\"><a style=\"margin-left: auto;margin-right: auto\" href=\"https:\/\/blogsaverroes.juntadeandalucia.es\/musicandoconjavi\/files\/2021\/04\/IMG_20210325_135207.jpg\"><img decoding=\"async\" src=\"https:\/\/blogsaverroes.juntadeandalucia.es\/musicandoconjavi\/files\/2021\/04\/IMG_20210325_135207-300x139.jpg\" width=\"320\" border=\"0\" data-original-height=\"2136\" data-original-width=\"4624\"><\/a><\/td>\n<\/tr>\n<tr>\n<td style=\"text-align: center\">Noem\u00ed esperando su turno.<\/td>\n<\/tr>\n<\/tbody>\n<\/table>\n<p>&nbsp;<\/p>\n<table style=\"margin-left: auto;margin-right: auto\" cellspacing=\"0\" cellpadding=\"0\" align=\"center\">\n<tbody>\n<tr>\n<td style=\"text-align: center\"><a style=\"margin-left: auto;margin-right: auto\" href=\"https:\/\/blogsaverroes.juntadeandalucia.es\/musicandoconjavi\/files\/2021\/04\/IMG_20210325_135223.jpg\"><img decoding=\"async\" src=\"https:\/\/blogsaverroes.juntadeandalucia.es\/musicandoconjavi\/files\/2021\/04\/IMG_20210325_135223-139x300.jpg\" height=\"320\" border=\"0\" data-original-height=\"4624\" data-original-width=\"2136\"><\/a><\/td>\n<\/tr>\n<tr>\n<td style=\"text-align: center\">Elisabeth tras las c\u00e1maras<\/td>\n<\/tr>\n<\/tbody>\n<\/table>\n<p>&nbsp;<\/p>\n<table style=\"margin-left: auto;margin-right: auto\" cellspacing=\"0\" cellpadding=\"0\" align=\"center\">\n<tbody>\n<tr>\n<td style=\"text-align: center\"><a style=\"margin-left: auto;margin-right: auto\" href=\"https:\/\/blogsaverroes.juntadeandalucia.es\/musicandoconjavi\/files\/2021\/04\/IMG_20210326_094503.jpg\"><img decoding=\"async\" src=\"https:\/\/blogsaverroes.juntadeandalucia.es\/musicandoconjavi\/files\/2021\/04\/IMG_20210326_094503-139x300.jpg\" height=\"320\" border=\"0\" data-original-height=\"4624\" data-original-width=\"2136\"><\/a><\/td>\n<\/tr>\n<tr>\n<td style=\"text-align: center\">Sara y Cristian esperando su turno<\/td>\n<\/tr>\n<\/tbody>\n<\/table>\n<p>&nbsp;<\/p>\n<table style=\"margin-left: auto;margin-right: auto\" cellspacing=\"0\" cellpadding=\"0\" align=\"center\">\n<tbody>\n<tr>\n<td style=\"text-align: center\"><a style=\"margin-left: auto;margin-right: auto\" href=\"https:\/\/blogsaverroes.juntadeandalucia.es\/musicandoconjavi\/files\/2021\/04\/IMG-20210326-WA0006.jpg\"><img decoding=\"async\" src=\"https:\/\/blogsaverroes.juntadeandalucia.es\/musicandoconjavi\/files\/2021\/04\/IMG-20210326-WA0006-225x300.jpg\" height=\"320\" border=\"0\" data-original-height=\"1824\" data-original-width=\"1368\"><\/a><\/td>\n<\/tr>\n<tr>\n<td style=\"text-align: center\">Frasqui a la espera de entrar en escena.<\/td>\n<\/tr>\n<\/tbody>\n<\/table>\n<div>\n<div>&nbsp;<\/div>\n<div>\n<p>Adem\u00e1s de las fotos os dejo un peque\u00f1o extracto de la grabaci\u00f3n de una de las escenas. Aunque parezca que fue un trabajo muy duro y complicado tambi\u00e9n tuvimos momentos para la risa:<\/p>\n<div style=\"clear: both;text-align: center\">\n<div style=\"width: 843px;\" class=\"wp-video\"><!--[if lt IE 9]><script>document.createElement('video');<\/script><![endif]-->\n<video class=\"wp-video-shortcode\" id=\"video-24-1\" width=\"843\" height=\"474\" preload=\"metadata\" controls=\"controls\"><source type=\"video\/mp4\" src=\"https:\/\/blogsaverroes.juntadeandalucia.es\/musicandoconjavi\/files\/2021\/04\/28434652dde4746c.mp4?_=1\" \/><a href=\"https:\/\/blogsaverroes.juntadeandalucia.es\/musicandoconjavi\/files\/2021\/04\/28434652dde4746c.mp4\">https:\/\/blogsaverroes.juntadeandalucia.es\/musicandoconjavi\/files\/2021\/04\/28434652dde4746c.mp4<\/a><\/video><\/div>\n<\/div>\n<div>&nbsp;<\/div>\n<\/div>\n<\/div>\n<div>Y ya por \u00faltimo la foto final, donde podemos ver a todos los integrantes de la clase de 4\u00ba (Sergio, te llevamos en el coraz\u00f3n y te dedicamos la pel\u00edcula, deseando que el pr\u00f3ximo curso puedas estar de nuevo con nosotros)<\/div>\n<table style=\"margin-left: auto;margin-right: auto\" cellspacing=\"0\" cellpadding=\"0\" align=\"center\">\n<tbody>\n<tr>\n<td style=\"text-align: center\"><a style=\"margin-left: auto;margin-right: auto\" href=\"https:\/\/blogsaverroes.juntadeandalucia.es\/musicandoconjavi\/files\/2021\/04\/IMG_20210326_140034-1.jpg\"><img decoding=\"async\" src=\"https:\/\/blogsaverroes.juntadeandalucia.es\/musicandoconjavi\/files\/2021\/04\/IMG_20210326_140034-1-300x123.jpg\" width=\"320\" border=\"0\" data-original-height=\"1782\" data-original-width=\"4337\"><\/a><\/td>\n<\/tr>\n<tr>\n<td style=\"text-align: center\">Equipo de rodaje el viernes a \u00faltima hora. Trabajo finalizado!<\/td>\n<\/tr>\n<\/tbody>\n<\/table>\n<p>&nbsp;<\/p>\n<div>&nbsp;<\/div>\n","protected":false},"excerpt":{"rendered":"<p>El jueves y viernes de la semana pasada fue un aut\u00e9ntico reto para conseguir grabar todas las escenas del teatro ya que era la primera&hellip;<\/p>\n","protected":false},"author":10459,"featured_media":111,"comment_status":"open","ping_status":"open","sticky":false,"template":"","format":"standard","meta":{"ngg_post_thumbnail":0,"footnotes":""},"categories":[2,17,23,19,21,20,7,22],"tags":[],"aioseo_notices":[],"_links":{"self":[{"href":"https:\/\/blogsaverroes.juntadeandalucia.es\/musicandoconjavi\/wp-json\/wp\/v2\/posts\/24"}],"collection":[{"href":"https:\/\/blogsaverroes.juntadeandalucia.es\/musicandoconjavi\/wp-json\/wp\/v2\/posts"}],"about":[{"href":"https:\/\/blogsaverroes.juntadeandalucia.es\/musicandoconjavi\/wp-json\/wp\/v2\/types\/post"}],"author":[{"embeddable":true,"href":"https:\/\/blogsaverroes.juntadeandalucia.es\/musicandoconjavi\/wp-json\/wp\/v2\/users\/10459"}],"replies":[{"embeddable":true,"href":"https:\/\/blogsaverroes.juntadeandalucia.es\/musicandoconjavi\/wp-json\/wp\/v2\/comments?post=24"}],"version-history":[{"count":3,"href":"https:\/\/blogsaverroes.juntadeandalucia.es\/musicandoconjavi\/wp-json\/wp\/v2\/posts\/24\/revisions"}],"predecessor-version":[{"id":194,"href":"https:\/\/blogsaverroes.juntadeandalucia.es\/musicandoconjavi\/wp-json\/wp\/v2\/posts\/24\/revisions\/194"}],"wp:featuredmedia":[{"embeddable":true,"href":"https:\/\/blogsaverroes.juntadeandalucia.es\/musicandoconjavi\/wp-json\/wp\/v2\/media\/111"}],"wp:attachment":[{"href":"https:\/\/blogsaverroes.juntadeandalucia.es\/musicandoconjavi\/wp-json\/wp\/v2\/media?parent=24"}],"wp:term":[{"taxonomy":"category","embeddable":true,"href":"https:\/\/blogsaverroes.juntadeandalucia.es\/musicandoconjavi\/wp-json\/wp\/v2\/categories?post=24"},{"taxonomy":"post_tag","embeddable":true,"href":"https:\/\/blogsaverroes.juntadeandalucia.es\/musicandoconjavi\/wp-json\/wp\/v2\/tags?post=24"}],"curies":[{"name":"wp","href":"https:\/\/api.w.org\/{rel}","templated":true}]}}