{"id":3362,"date":"2025-02-05T12:00:03","date_gmt":"2025-02-05T11:00:03","guid":{"rendered":"https:\/\/blogsaverroes.juntadeandalucia.es\/nicolas-salmeron\/?p=3362"},"modified":"2025-10-07T12:24:08","modified_gmt":"2025-10-07T11:24:08","slug":"30-de-enero-dia-de-la-paz","status":"publish","type":"post","link":"https:\/\/blogsaverroes.juntadeandalucia.es\/nicolas-salmeron\/30-de-enero-dia-de-la-paz\/","title":{"rendered":"30 de enero. D\u00eda de la Paz"},"content":{"rendered":"<p>[et_pb_section fb_built=&#8221;1&#8243; _builder_version=&#8221;4.24.2&#8243; _module_preset=&#8221;default&#8221; global_colors_info=&#8221;{}&#8221;][et_pb_row _builder_version=&#8221;4.24.2&#8243; _module_preset=&#8221;default&#8221; global_colors_info=&#8221;{}&#8221;][et_pb_column type=&#8221;4_4&#8243; _builder_version=&#8221;4.24.2&#8243; _module_preset=&#8221;default&#8221; global_colors_info=&#8221;{}&#8221;][et_pb_text _builder_version=&#8221;4.24.2&#8243; _module_preset=&#8221;default&#8221; global_colors_info=&#8221;{}&#8221;]<\/p>\n<p><span style=\"font-size: 14pt\">Como cada a\u00f1o, desde el IES Nicol\u00e1s Salmer\u00f3n y Alonso nos sumamos a la celebraci\u00f3n de la efem\u00e9ride del d\u00eda de la Paz con diferentes iniciativas.<\/span><\/p>\n<p><span style=\"font-size: 14pt\">Desde la coordinaci\u00f3n de Escuela de Paz se han organizado dos actividades.<\/span><\/p>\n<p><span style=\"font-size: 14pt\">Por un lado se lleva a cabo la fabricaci\u00f3n de un mosaico de cer\u00e1mica emulando las famosas palomas de la paz de Picasso, que decorar\u00e1n la fachada del IES, y que han sido realizadas por el alumnado de 1\u00b0 y 3\u00b0 de los talleres de cer\u00e1mica y el aula TEA.<\/span><\/p>\n<p>[\/et_pb_text][et_pb_gallery gallery_ids=&#8221;3368,3370,3371,3372,3373,3367,3366,3365&#8243; posts_number=&#8221;8&#8243; show_title_and_caption=&#8221;off&#8221; show_pagination=&#8221;off&#8221; _builder_version=&#8221;4.24.2&#8243; _module_preset=&#8221;default&#8221; hover_enabled=&#8221;0&#8243; global_colors_info=&#8221;{}&#8221; sticky_enabled=&#8221;0&#8243;][\/et_pb_gallery][et_pb_text _builder_version=&#8221;4.24.2&#8243; _module_preset=&#8221;default&#8221; global_colors_info=&#8221;{}&#8221;]<\/p>\n<p><span style=\"font-size: 14pt\">Por otro lado, tras la reflexi\u00f3n por tutor\u00edas sobre esta efem\u00e9ride, el alumnado dise\u00f1a unas manos\/paloma, que ilustraron seg\u00fan su expresividad.<\/span><\/p>\n<p><span style=\"font-size: 14pt\">Lo importante en un d\u00eda como hoy es reflexionar sobre la situaci\u00f3n en el mundo, analizar y comprender los problemas que sufren los pa\u00edses en conflicto, y extraer como conclusi\u00f3n que peque\u00f1as cosas podemos hacer en nuestro d\u00eda a d\u00eda porque la convivencia sea m\u00e1s positiva y beneficia a todo el mundo.<\/span><br \/><span style=\"font-size: 14pt\">Porque todos los d\u00edas del a\u00f1o sean &#8220;D\u00edas de Paz.&#8221;<\/span><\/p>\n<p>[\/et_pb_text][\/et_pb_column][\/et_pb_row][\/et_pb_section]<\/p>\n","protected":false},"excerpt":{"rendered":"<p>Como cada a\u00f1o, desde el IES Nicol\u00e1s Salmer\u00f3n y Alonso nos sumamos a la celebraci\u00f3n de la efem\u00e9ride del d\u00eda de la Paz con diferentes iniciativas. Desde la coordinaci\u00f3n de Escuela de Paz se han organizado dos actividades. Por un lado se lleva a cabo la fabricaci\u00f3n de un mosaico de cer\u00e1mica emulando las famosas [&hellip;]<\/p>\n","protected":false},"author":14264,"featured_media":3369,"comment_status":"closed","ping_status":"open","sticky":false,"template":"","format":"standard","meta":{"_et_pb_use_builder":"on","_et_pb_old_content":"","_et_gb_content_width":"","ngg_post_thumbnail":0,"footnotes":""},"categories":[23,50],"tags":[],"aioseo_notices":[],"_links":{"self":[{"href":"https:\/\/blogsaverroes.juntadeandalucia.es\/nicolas-salmeron\/wp-json\/wp\/v2\/posts\/3362"}],"collection":[{"href":"https:\/\/blogsaverroes.juntadeandalucia.es\/nicolas-salmeron\/wp-json\/wp\/v2\/posts"}],"about":[{"href":"https:\/\/blogsaverroes.juntadeandalucia.es\/nicolas-salmeron\/wp-json\/wp\/v2\/types\/post"}],"author":[{"embeddable":true,"href":"https:\/\/blogsaverroes.juntadeandalucia.es\/nicolas-salmeron\/wp-json\/wp\/v2\/users\/14264"}],"replies":[{"embeddable":true,"href":"https:\/\/blogsaverroes.juntadeandalucia.es\/nicolas-salmeron\/wp-json\/wp\/v2\/comments?post=3362"}],"version-history":[{"count":4,"href":"https:\/\/blogsaverroes.juntadeandalucia.es\/nicolas-salmeron\/wp-json\/wp\/v2\/posts\/3362\/revisions"}],"predecessor-version":[{"id":3377,"href":"https:\/\/blogsaverroes.juntadeandalucia.es\/nicolas-salmeron\/wp-json\/wp\/v2\/posts\/3362\/revisions\/3377"}],"wp:featuredmedia":[{"embeddable":true,"href":"https:\/\/blogsaverroes.juntadeandalucia.es\/nicolas-salmeron\/wp-json\/wp\/v2\/media\/3369"}],"wp:attachment":[{"href":"https:\/\/blogsaverroes.juntadeandalucia.es\/nicolas-salmeron\/wp-json\/wp\/v2\/media?parent=3362"}],"wp:term":[{"taxonomy":"category","embeddable":true,"href":"https:\/\/blogsaverroes.juntadeandalucia.es\/nicolas-salmeron\/wp-json\/wp\/v2\/categories?post=3362"},{"taxonomy":"post_tag","embeddable":true,"href":"https:\/\/blogsaverroes.juntadeandalucia.es\/nicolas-salmeron\/wp-json\/wp\/v2\/tags?post=3362"}],"curies":[{"name":"wp","href":"https:\/\/api.w.org\/{rel}","templated":true}]}}