{"id":3984,"date":"2025-12-16T12:26:20","date_gmt":"2025-12-16T11:26:20","guid":{"rendered":"https:\/\/blogsaverroes.juntadeandalucia.es\/nicolas-salmeron\/?p=3984"},"modified":"2025-12-16T12:26:21","modified_gmt":"2025-12-16T11:26:21","slug":"documental-de-todos-un-poco","status":"publish","type":"post","link":"https:\/\/blogsaverroes.juntadeandalucia.es\/nicolas-salmeron\/documental-de-todos-un-poco\/","title":{"rendered":"Documental &#8220;De todos un poco&#8221;"},"content":{"rendered":"<p>[et_pb_section fb_built=&#8221;1&#8243; _builder_version=&#8221;4.24.2&#8243; _module_preset=&#8221;default&#8221; global_colors_info=&#8221;{}&#8221;][et_pb_row _builder_version=&#8221;4.24.2&#8243; _module_preset=&#8221;default&#8221; global_colors_info=&#8221;{}&#8221;][et_pb_column type=&#8221;4_4&#8243; _builder_version=&#8221;4.24.2&#8243; _module_preset=&#8221;default&#8221; global_colors_info=&#8221;{}&#8221;][et_pb_text _builder_version=&#8221;4.24.2&#8243; _module_preset=&#8221;default&#8221; global_colors_info=&#8221;{}&#8221;]<\/p>\n<p><span style=\"font-size: 14pt\">Todos descendemos de emigrantes si buscamos bien en nuestras ra\u00edces. Todos <\/span><span style=\"font-size: 14pt\">pertenecemos a un sitio, pero ese sitio no nos pertenece. A esta conclusi\u00f3n&nbsp; <\/span><span style=\"font-size: 14pt\">llega el actor Alex O\u2019Dogherty, mientras contin\u00faa la investigaci\u00f3n que <\/span><span style=\"font-size: 14pt\">empez\u00f3 su padre sobre la historia de su apellido. No todos los <\/span><span style=\"font-size: 14pt\">descendientes de emigrantes son tratados igual. Depende de d\u00f3nde procedan y <\/span><span style=\"font-size: 14pt\">del color de su piel. Alex intenta saber qui\u00e9n es, buscando de d\u00f3nde viene, <\/span><span style=\"font-size: 14pt\">para acabar descubriendo que es&#8230; de todos lados un poco.<\/span><\/p>\n<p><span style=\"font-size: 14pt\">El actor y cineasta ha sido tan amable de compartir con nuestro centro <\/span><span style=\"font-size: 14pt\">educativo el documental, y a la vez ha hecho una videollamada con nosotros <\/span><span style=\"font-size: 14pt\">para hacer un coloquio sobre lo que nos hab\u00eda parecido.<\/span><\/p>\n<p><span style=\"font-size: 14pt\">Estamos infinitamente agradecidos y ha sido una experiencia muy <\/span><span style=\"font-size: 14pt\">enriquecedora.<\/span><span style=\"font-size: 14pt\">Seguiremos reflexionando sobre este tema y haremos una propuesta art\u00edstica <\/span><span style=\"font-size: 14pt\">m\u00e1s adelante en la asignatura de Educaci\u00f3n Pl\u00e1stica y Visual de 3\u00ba de Eso.<\/span><\/p>\n<p><span style=\"font-size: 14pt\">Alex, te esperamos por Almer\u00eda y por nuestro centro.<\/span><\/p>\n<p>[\/et_pb_text][et_pb_gallery _builder_version=&#8221;4.24.2&#8243; _module_preset=&#8221;default&#8221; gallery_ids=&#8221;3988,3990,3991,3992,3993,3994&#8243; posts_number=&#8221;6&#8243; show_title_and_caption=&#8221;off&#8221; show_pagination=&#8221;off&#8221; hover_enabled=&#8221;0&#8243; sticky_enabled=&#8221;0&#8243;][\/et_pb_gallery][\/et_pb_column][\/et_pb_row][\/et_pb_section]<\/p>\n","protected":false},"excerpt":{"rendered":"<p>Todos descendemos de emigrantes si buscamos bien en nuestras ra\u00edces. Todos pertenecemos a un sitio, pero ese sitio no nos pertenece. A esta conclusi\u00f3n&nbsp; llega el actor Alex O\u2019Dogherty, mientras contin\u00faa la investigaci\u00f3n que empez\u00f3 su padre sobre la historia de su apellido. No todos los descendientes de emigrantes son tratados igual. Depende de d\u00f3nde [&hellip;]<\/p>\n","protected":false},"author":14264,"featured_media":3989,"comment_status":"closed","ping_status":"open","sticky":false,"template":"","format":"standard","meta":{"_et_pb_use_builder":"on","_et_pb_old_content":"","_et_gb_content_width":"","ngg_post_thumbnail":0,"footnotes":""},"categories":[23,50],"tags":[],"aioseo_notices":[],"_links":{"self":[{"href":"https:\/\/blogsaverroes.juntadeandalucia.es\/nicolas-salmeron\/wp-json\/wp\/v2\/posts\/3984"}],"collection":[{"href":"https:\/\/blogsaverroes.juntadeandalucia.es\/nicolas-salmeron\/wp-json\/wp\/v2\/posts"}],"about":[{"href":"https:\/\/blogsaverroes.juntadeandalucia.es\/nicolas-salmeron\/wp-json\/wp\/v2\/types\/post"}],"author":[{"embeddable":true,"href":"https:\/\/blogsaverroes.juntadeandalucia.es\/nicolas-salmeron\/wp-json\/wp\/v2\/users\/14264"}],"replies":[{"embeddable":true,"href":"https:\/\/blogsaverroes.juntadeandalucia.es\/nicolas-salmeron\/wp-json\/wp\/v2\/comments?post=3984"}],"version-history":[{"count":2,"href":"https:\/\/blogsaverroes.juntadeandalucia.es\/nicolas-salmeron\/wp-json\/wp\/v2\/posts\/3984\/revisions"}],"predecessor-version":[{"id":3995,"href":"https:\/\/blogsaverroes.juntadeandalucia.es\/nicolas-salmeron\/wp-json\/wp\/v2\/posts\/3984\/revisions\/3995"}],"wp:featuredmedia":[{"embeddable":true,"href":"https:\/\/blogsaverroes.juntadeandalucia.es\/nicolas-salmeron\/wp-json\/wp\/v2\/media\/3989"}],"wp:attachment":[{"href":"https:\/\/blogsaverroes.juntadeandalucia.es\/nicolas-salmeron\/wp-json\/wp\/v2\/media?parent=3984"}],"wp:term":[{"taxonomy":"category","embeddable":true,"href":"https:\/\/blogsaverroes.juntadeandalucia.es\/nicolas-salmeron\/wp-json\/wp\/v2\/categories?post=3984"},{"taxonomy":"post_tag","embeddable":true,"href":"https:\/\/blogsaverroes.juntadeandalucia.es\/nicolas-salmeron\/wp-json\/wp\/v2\/tags?post=3984"}],"curies":[{"name":"wp","href":"https:\/\/api.w.org\/{rel}","templated":true}]}}