{"id":4086,"date":"2023-05-05T13:06:13","date_gmt":"2023-05-05T11:06:13","guid":{"rendered":"https:\/\/iesnicolassalmeron.es\/?p=2932"},"modified":"2023-05-05T13:06:13","modified_gmt":"2023-05-05T11:06:13","slug":"intercambio-con-aix-en-provence","status":"publish","type":"post","link":"https:\/\/blogsaverroes.juntadeandalucia.es\/nicolas-salmeron\/intercambio-con-aix-en-provence\/","title":{"rendered":"Intercambio con Aix-en-Provence"},"content":{"rendered":"\r\n<p><span style=\"font-size: 14pt\">En el intercambio en Aix -en-Provence , llevado a cabo desde hace muchos a\u00f1os por nuestro centro visitamos Avignon con su Palacio Papal,el puente y la ciudad llena de comercios y ambiente estudiantil. Hemos visitado el monasterio de St Paul donde estuvo internado Van Gogh y el pueblo pintoresco de Le Baux de Provence. Adem\u00e1s hemos asistido al espect\u00e1culo audiovisual en Les Carrieres de Lumieres.<\/span><\/p>\r\n<p><span style=\"font-size: 14pt\">\r\n\r\n<\/span><\/p>\r\n<p><span style=\"font-size: 14pt\">Hicimos una excursi\u00f3n a Marsella. Hemos visitado la catedral, el Mucem , el vieux port y su calle San F\u00e9rreol llena de tiendas y de terrazas. Para terminar en el Lyc\u00e9e una fiestecilla de despedida con todos los participantes en el<\/span><br><span style=\"font-size: 14pt\">Intercambio .<\/span><\/p>\r\n<p><span style=\"font-size: 14pt\">\r\n\r\n<\/span><\/p>\r\n<ul class=\"wp-block-gallery columns-3 is-cropped wp-block-gallery-1 is-layout-flex wp-block-gallery-is-layout-flex\">\r\n<li class=\"blocks-gallery-item\">\r\n<figure><img decoding=\"async\" class=\"wp-image-2933\" src=\"https:\/\/blogsaverroes.juntadeandalucia.es\/nicolas-salmeron\/files\/2023\/05\/1A697D8D-1F7A-48D1-ADF5-DB40E83317F8-Isabel-Maria-Ruiz-Serna-1024x768.jpeg\" alt=\"\" data-id=\"2933\" data-link=\"https:\/\/iesnicolassalmeron.es\/?attachment_id=2933\"><\/figure>\r\n<\/li>\r\n<li class=\"blocks-gallery-item\">\r\n<figure><img decoding=\"async\" class=\"wp-image-2934\" src=\"https:\/\/blogsaverroes.juntadeandalucia.es\/nicolas-salmeron\/files\/2023\/05\/03E3D164-E53D-42FA-B185-5F5C666E2DDB-Isabel-Maria-Ruiz-Serna-1024x768.jpeg\" alt=\"\" data-id=\"2934\" data-link=\"https:\/\/iesnicolassalmeron.es\/?attachment_id=2934\"><\/figure>\r\n<\/li>\r\n<li class=\"blocks-gallery-item\">\r\n<figure><img decoding=\"async\" class=\"wp-image-2935\" src=\"https:\/\/blogsaverroes.juntadeandalucia.es\/nicolas-salmeron\/files\/2023\/05\/05E6099A-C55A-44B5-B3C2-730F62CBCB50-Isabel-Maria-Ruiz-Serna-1024x768.jpeg\" alt=\"\" data-id=\"2935\" data-link=\"https:\/\/iesnicolassalmeron.es\/?attachment_id=2935\"><\/figure>\r\n<\/li>\r\n<li class=\"blocks-gallery-item\">\r\n<figure><img decoding=\"async\" class=\"wp-image-2936\" src=\"https:\/\/blogsaverroes.juntadeandalucia.es\/nicolas-salmeron\/files\/2023\/05\/9C613A87-D3A4-450A-8A1F-CE64D2B9EFCF-Isabel-Maria-Ruiz-Serna-1024x771.jpeg\" alt=\"\" data-id=\"2936\" data-link=\"https:\/\/iesnicolassalmeron.es\/?attachment_id=2936\"><\/figure>\r\n<\/li>\r\n<li class=\"blocks-gallery-item\">\r\n<figure><img decoding=\"async\" class=\"wp-image-2937\" src=\"https:\/\/blogsaverroes.juntadeandalucia.es\/nicolas-salmeron\/files\/2023\/05\/42DE12BB-7D75-4DCD-9FFE-9EB6328157AE-Isabel-Maria-Ruiz-Serna-1024x768.jpeg\" alt=\"\" data-id=\"2937\" data-link=\"https:\/\/iesnicolassalmeron.es\/?attachment_id=2937\"><\/figure>\r\n<\/li>\r\n<li class=\"blocks-gallery-item\">\r\n<figure><img decoding=\"async\" class=\"wp-image-2938\" src=\"https:\/\/blogsaverroes.juntadeandalucia.es\/nicolas-salmeron\/files\/2023\/05\/49A5E7B9-6A45-4EA9-80DB-4AC2EDA36BCB-Isabel-Maria-Ruiz-Serna-1024x768.jpeg\" alt=\"\" data-id=\"2938\" data-link=\"https:\/\/iesnicolassalmeron.es\/?attachment_id=2938\"><\/figure>\r\n<\/li>\r\n<li class=\"blocks-gallery-item\">\r\n<figure><\/figure>\r\n<\/li>\r\n<li class=\"blocks-gallery-item\">\r\n<figure><img loading=\"lazy\" decoding=\"async\" width=\"1024\" height=\"768\" class=\"wp-image-2940\" src=\"https:\/\/blogsaverroes.juntadeandalucia.es\/nicolas-salmeron\/files\/2023\/05\/87699D89-CAD8-40E2-93F7-33F7BBCC2296-Isabel-Maria-Ruiz-Serna-1024x768.jpeg\" alt=\"\" data-id=\"2940\" data-link=\"https:\/\/iesnicolassalmeron.es\/?attachment_id=2940\" srcset=\"https:\/\/blogsaverroes.juntadeandalucia.es\/nicolas-salmeron\/files\/2023\/05\/87699D89-CAD8-40E2-93F7-33F7BBCC2296-Isabel-Maria-Ruiz-Serna-980x735.jpeg 980w, https:\/\/blogsaverroes.juntadeandalucia.es\/nicolas-salmeron\/files\/2023\/05\/87699D89-CAD8-40E2-93F7-33F7BBCC2296-Isabel-Maria-Ruiz-Serna-480x360.jpeg 480w\" sizes=\"(min-width: 0px) and (max-width: 480px) 480px, (min-width: 481px) and (max-width: 980px) 980px, (min-width: 981px) 1024px, 100vw\" \/><\/figure>\r\n<\/li>\r\n<li class=\"blocks-gallery-item\">\r\n<figure><img decoding=\"async\" class=\"wp-image-2941\" src=\"https:\/\/blogsaverroes.juntadeandalucia.es\/nicolas-salmeron\/files\/2023\/05\/DF3D7B71-C7E5-42D0-A961-94047BBE7AFA-Isabel-Maria-Ruiz-Serna-1024x768.jpeg\" alt=\"\" data-id=\"2941\" data-link=\"https:\/\/iesnicolassalmeron.es\/?attachment_id=2941\"><\/figure>\r\n<\/li>\r\n<li class=\"blocks-gallery-item\">\r\n<figure><img decoding=\"async\" class=\"wp-image-2942\" src=\"https:\/\/blogsaverroes.juntadeandalucia.es\/nicolas-salmeron\/files\/2023\/05\/F972AAE0-6A24-4F36-82C5-6EADFC96A7CC-Isabel-Maria-Ruiz-Serna-1024x768.jpeg\" alt=\"\" data-id=\"2942\" data-link=\"https:\/\/iesnicolassalmeron.es\/?attachment_id=2942\"><\/figure>\r\n<\/li>\r\n<\/ul>\r\n","protected":false},"excerpt":{"rendered":"<p>En el intercambio en Aix -en-Provence , llevado a cabo desde hace muchos a\u00f1os por nuestro centro visitamos Avignon con su Palacio Papal,el puente y la ciudad llena de comercios y ambiente estudiantil. Hemos visitado el monasterio de St Paul donde estuvo internado Van Gogh y el pueblo pintoresco de Le Baux de Provence. Adem\u00e1s [&hellip;]<\/p>\n","protected":false},"author":14264,"featured_media":4389,"comment_status":"closed","ping_status":"closed","sticky":false,"template":"","format":"standard","meta":{"_et_pb_use_builder":"","_et_pb_old_content":"","_et_gb_content_width":"","ngg_post_thumbnail":0,"footnotes":""},"categories":[25,123],"tags":[],"aioseo_notices":[],"_links":{"self":[{"href":"https:\/\/blogsaverroes.juntadeandalucia.es\/nicolas-salmeron\/wp-json\/wp\/v2\/posts\/4086"}],"collection":[{"href":"https:\/\/blogsaverroes.juntadeandalucia.es\/nicolas-salmeron\/wp-json\/wp\/v2\/posts"}],"about":[{"href":"https:\/\/blogsaverroes.juntadeandalucia.es\/nicolas-salmeron\/wp-json\/wp\/v2\/types\/post"}],"author":[{"embeddable":true,"href":"https:\/\/blogsaverroes.juntadeandalucia.es\/nicolas-salmeron\/wp-json\/wp\/v2\/users\/14264"}],"replies":[{"embeddable":true,"href":"https:\/\/blogsaverroes.juntadeandalucia.es\/nicolas-salmeron\/wp-json\/wp\/v2\/comments?post=4086"}],"version-history":[{"count":2,"href":"https:\/\/blogsaverroes.juntadeandalucia.es\/nicolas-salmeron\/wp-json\/wp\/v2\/posts\/4086\/revisions"}],"predecessor-version":[{"id":4753,"href":"https:\/\/blogsaverroes.juntadeandalucia.es\/nicolas-salmeron\/wp-json\/wp\/v2\/posts\/4086\/revisions\/4753"}],"wp:featuredmedia":[{"embeddable":true,"href":"https:\/\/blogsaverroes.juntadeandalucia.es\/nicolas-salmeron\/wp-json\/wp\/v2\/media\/4389"}],"wp:attachment":[{"href":"https:\/\/blogsaverroes.juntadeandalucia.es\/nicolas-salmeron\/wp-json\/wp\/v2\/media?parent=4086"}],"wp:term":[{"taxonomy":"category","embeddable":true,"href":"https:\/\/blogsaverroes.juntadeandalucia.es\/nicolas-salmeron\/wp-json\/wp\/v2\/categories?post=4086"},{"taxonomy":"post_tag","embeddable":true,"href":"https:\/\/blogsaverroes.juntadeandalucia.es\/nicolas-salmeron\/wp-json\/wp\/v2\/tags?post=4086"}],"curies":[{"name":"wp","href":"https:\/\/api.w.org\/{rel}","templated":true}]}}