{"id":4088,"date":"2023-05-05T13:10:22","date_gmt":"2023-05-05T11:10:22","guid":{"rendered":"https:\/\/iesnicolassalmeron.es\/?p=2955"},"modified":"2023-05-05T13:10:22","modified_gmt":"2023-05-05T11:10:22","slug":"charla-de-ingenieria-informatica","status":"publish","type":"post","link":"https:\/\/blogsaverroes.juntadeandalucia.es\/nicolas-salmeron\/charla-de-ingenieria-informatica\/","title":{"rendered":"Charla de ingenier\u00eda inform\u00e1tica"},"content":{"rendered":"\r\n<p><span style=\"font-size: 14pt\">El pasado viernes 29 de abril nos visitaron antiguos alumnos del centro para impartir una charla sobre la carrera que estudian: Grado en Ingenier\u00eda Inform\u00e1tica. Augustin, Emilio, Juan Francisco, Adri\u00e1n y Juan Carlos (estudiantes de 3\u00ba), y Pablo y Daniel (estudiantes de 2\u00ba), contaron su experiencia en la carrera, en la universidad y les mostraron varios proyectos muy interesantes desarrollados en sus asignaturas universitarias, destacando sus proyectos de ciberseguridad y desarrollo web.<\/span><\/p>\r\n<p><span style=\"font-size: 14pt\">\r\n\r\n<\/span><\/p>\r\n<p><span style=\"font-size: 14pt\">Tambi\u00e9n particip\u00f3 activamente la profesora de inform\u00e1tica Aida L\u00f3pez, que guio la charla y compar\u00f3 su experiencia en la misma universidad. El alumnado de 1\u00ba y 2\u00ba de bachillerato asistente, disfrut\u00f3 de la jornada y resolvi\u00f3 muchas dudas sobre la carrera, la universidad y los posibles caminos a seguir una vez terminasen bachillerato.<\/span><\/p>\r\n<p><span style=\"font-size: 14pt\">\r\n\r\n<\/span><\/p>\r\n<p><span style=\"font-size: 14pt\">Agradecemos enormemente la implicaci\u00f3n de nuestro antiguo alumnado, que a\u00f1o tras a\u00f1o vuelve a visitarnos y ayudan a guiar a sus compa\u00f1eros m\u00e1s j\u00f3venes en las siguientes etapas educativas.<\/span><\/p>\r\n<p><span style=\"font-size: 14pt\">\r\n\r\n","protected":false},"excerpt":{"rendered":"<p>El pasado viernes 29 de abril nos visitaron antiguos alumnos del centro para impartir una charla sobre la carrera que estudian: Grado en Ingenier\u00eda Inform\u00e1tica. Augustin, Emilio, Juan Francisco, Adri\u00e1n y Juan Carlos (estudiantes de 3\u00ba), y Pablo y Daniel (estudiantes de 2\u00ba), contaron su experiencia en la carrera, en la universidad y les mostraron [&hellip;]<\/p>\n","protected":false},"author":14264,"featured_media":4400,"comment_status":"closed","ping_status":"closed","sticky":false,"template":"","format":"standard","meta":{"_et_pb_use_builder":"","_et_pb_old_content":"","_et_gb_content_width":"","ngg_post_thumbnail":0,"footnotes":""},"categories":[33],"tags":[],"aioseo_notices":[],"_links":{"self":[{"href":"https:\/\/blogsaverroes.juntadeandalucia.es\/nicolas-salmeron\/wp-json\/wp\/v2\/posts\/4088"}],"collection":[{"href":"https:\/\/blogsaverroes.juntadeandalucia.es\/nicolas-salmeron\/wp-json\/wp\/v2\/posts"}],"about":[{"href":"https:\/\/blogsaverroes.juntadeandalucia.es\/nicolas-salmeron\/wp-json\/wp\/v2\/types\/post"}],"author":[{"embeddable":true,"href":"https:\/\/blogsaverroes.juntadeandalucia.es\/nicolas-salmeron\/wp-json\/wp\/v2\/users\/14264"}],"replies":[{"embeddable":true,"href":"https:\/\/blogsaverroes.juntadeandalucia.es\/nicolas-salmeron\/wp-json\/wp\/v2\/comments?post=4088"}],"version-history":[{"count":3,"href":"https:\/\/blogsaverroes.juntadeandalucia.es\/nicolas-salmeron\/wp-json\/wp\/v2\/posts\/4088\/revisions"}],"predecessor-version":[{"id":4749,"href":"https:\/\/blogsaverroes.juntadeandalucia.es\/nicolas-salmeron\/wp-json\/wp\/v2\/posts\/4088\/revisions\/4749"}],"wp:featuredmedia":[{"embeddable":true,"href":"https:\/\/blogsaverroes.juntadeandalucia.es\/nicolas-salmeron\/wp-json\/wp\/v2\/media\/4400"}],"wp:attachment":[{"href":"https:\/\/blogsaverroes.juntadeandalucia.es\/nicolas-salmeron\/wp-json\/wp\/v2\/media?parent=4088"}],"wp:term":[{"taxonomy":"category","embeddable":true,"href":"https:\/\/blogsaverroes.juntadeandalucia.es\/nicolas-salmeron\/wp-json\/wp\/v2\/categories?post=4088"},{"taxonomy":"post_tag","embeddable":true,"href":"https:\/\/blogsaverroes.juntadeandalucia.es\/nicolas-salmeron\/wp-json\/wp\/v2\/tags?post=4088"}],"curies":[{"name":"wp","href":"https:\/\/api.w.org\/{rel}","templated":true}]}}