{"id":166,"date":"2024-10-20T19:07:23","date_gmt":"2024-10-20T17:07:23","guid":{"rendered":"https:\/\/blogsaverroes.juntadeandalucia.es\/nnerjaviolenciadegenero\/?p=166"},"modified":"2024-10-20T19:07:23","modified_gmt":"2024-10-20T17:07:23","slug":"reconocimiento-como-centro-de-convivencia-positiva","status":"publish","type":"post","link":"https:\/\/blogsaverroes.juntadeandalucia.es\/nnerjaviolenciadegenero\/2024\/10\/20\/reconocimiento-como-centro-de-convivencia-positiva\/","title":{"rendered":"RECONOCIMIENTO COMO CENTRO DE CONVIVENCIA POSITIVA."},"content":{"rendered":"<div class=\"xdj266r x11i5rnm xat24cr x1mh8g0r x1vvkbs x126k92a\">\n<div dir=\"auto\">&nbsp;<\/div>\n<\/div>\n<div class=\"x11i5rnm xat24cr x1mh8g0r x1vvkbs xtlvy1s x126k92a\">\n<h3 dir=\"auto\">Ya son 14 cursos consecutivos los que nos han reconocido como centro de convivencia positiva\u2026.\u00a1\u00a1Enhorabuena a toda la Comunidad Educativa del CEIP Nueva Nerja!!<\/h3>\n<\/div>\n<div dir=\"auto\">Destacamos las se\u00f1as de identidad de nuestro centro: la promoci\u00f3n de los valores propios de una sociedad democr\u00e1tica, el respeto mutuo, la igualdad, el di\u00e1logo, la solidaridad y la resoluci\u00f3n pac\u00edfica de los conflictos, contando con la participaci\u00f3n de toda la comunidad educativa en la vida de nuestro centro y la vinculaci\u00f3n e implicaci\u00f3n con su entorno.<\/div>\n<div class=\"x11i5rnm xat24cr x1mh8g0r x1vvkbs xtlvy1s x126k92a\">\n<h3 dir=\"auto\">A seguir sumando\u2026.<\/h3>\n\n\t\t<style>\n\t\t\t#gallery-1 {\n\t\t\t\tmargin: auto;\n\t\t\t}\n\t\t\t#gallery-1 .gallery-item {\n\t\t\t\tfloat: left;\n\t\t\t\tmargin-top: 10px;\n\t\t\t\ttext-align: center;\n\t\t\t\twidth: 33%;\n\t\t\t}\n\t\t\t#gallery-1 img {\n\t\t\t\tborder: 2px solid #cfcfcf;\n\t\t\t}\n\t\t\t#gallery-1 .gallery-caption {\n\t\t\t\tmargin-left: 0;\n\t\t\t}\n\t\t\t\/* see gallery_shortcode() in wp-includes\/media.php *\/\n\t\t<\/style>\n\t\t<div id='gallery-1' class='gallery galleryid-166 gallery-columns-3 gallery-size-full'><dl class='gallery-item'>\n\t\t\t<dt class='gallery-icon landscape'>\n\t\t\t\t<a href='https:\/\/blogsaverroes.juntadeandalucia.es\/nnerjaviolenciadegenero\/2024\/10\/20\/reconocimiento-como-centro-de-convivencia-positiva\/raeep-3\/'><img loading=\"lazy\" decoding=\"async\" width=\"2048\" height=\"1536\" src=\"https:\/\/blogsaverroes.juntadeandalucia.es\/nnerjaviolenciadegenero\/files\/2024\/10\/RAEEP-3.jpg\" class=\"attachment-full size-full\" alt=\"\" srcset=\"https:\/\/blogsaverroes.juntadeandalucia.es\/nnerjaviolenciadegenero\/files\/2024\/10\/RAEEP-3.jpg 2048w, https:\/\/blogsaverroes.juntadeandalucia.es\/nnerjaviolenciadegenero\/files\/2024\/10\/RAEEP-3-300x225.jpg 300w, https:\/\/blogsaverroes.juntadeandalucia.es\/nnerjaviolenciadegenero\/files\/2024\/10\/RAEEP-3-1024x768.jpg 1024w, https:\/\/blogsaverroes.juntadeandalucia.es\/nnerjaviolenciadegenero\/files\/2024\/10\/RAEEP-3-768x576.jpg 768w, https:\/\/blogsaverroes.juntadeandalucia.es\/nnerjaviolenciadegenero\/files\/2024\/10\/RAEEP-3-1536x1152.jpg 1536w\" sizes=\"(max-width: 2048px) 100vw, 2048px\" \/><\/a>\n\t\t\t<\/dt><\/dl><dl class='gallery-item'>\n\t\t\t<dt class='gallery-icon landscape'>\n\t\t\t\t<a href='https:\/\/blogsaverroes.juntadeandalucia.es\/nnerjaviolenciadegenero\/2024\/10\/20\/reconocimiento-como-centro-de-convivencia-positiva\/raeep-1\/'><img loading=\"lazy\" decoding=\"async\" width=\"238\" height=\"211\" src=\"https:\/\/blogsaverroes.juntadeandalucia.es\/nnerjaviolenciadegenero\/files\/2024\/10\/RAEEP-1.jpg\" class=\"attachment-full size-full\" alt=\"\" \/><\/a>\n\t\t\t<\/dt><\/dl><dl class='gallery-item'>\n\t\t\t<dt class='gallery-icon landscape'>\n\t\t\t\t<a href='https:\/\/blogsaverroes.juntadeandalucia.es\/nnerjaviolenciadegenero\/2024\/10\/20\/reconocimiento-como-centro-de-convivencia-positiva\/raeep-2\/'><img loading=\"lazy\" decoding=\"async\" width=\"770\" height=\"480\" src=\"https:\/\/blogsaverroes.juntadeandalucia.es\/nnerjaviolenciadegenero\/files\/2024\/10\/RAEEP-2.jpg\" class=\"attachment-full size-full\" alt=\"\" srcset=\"https:\/\/blogsaverroes.juntadeandalucia.es\/nnerjaviolenciadegenero\/files\/2024\/10\/RAEEP-2.jpg 770w, https:\/\/blogsaverroes.juntadeandalucia.es\/nnerjaviolenciadegenero\/files\/2024\/10\/RAEEP-2-300x187.jpg 300w, https:\/\/blogsaverroes.juntadeandalucia.es\/nnerjaviolenciadegenero\/files\/2024\/10\/RAEEP-2-768x479.jpg 768w\" sizes=\"(max-width: 770px) 100vw, 770px\" \/><\/a>\n\t\t\t<\/dt><\/dl><br style=\"clear: both\" \/>\n\t\t<\/div>\n\n<\/div>\n","protected":false},"excerpt":{"rendered":"<p>&nbsp; Ya son 14 cursos consecutivos los que nos han reconocido como centro de convivencia positiva\u2026.\u00a1\u00a1Enhorabuena a toda la Comunidad Educativa del CEIP Nueva Nerja!! Destacamos las se\u00f1as de identidad de nuestro centro: la&#46;&#46;&#46;<\/p>\n","protected":false},"author":2095,"featured_media":0,"comment_status":"open","ping_status":"open","sticky":false,"template":"","format":"standard","meta":{"ngg_post_thumbnail":0,"footnotes":""},"categories":[3987],"tags":[],"aioseo_notices":[],"_links":{"self":[{"href":"https:\/\/blogsaverroes.juntadeandalucia.es\/nnerjaviolenciadegenero\/wp-json\/wp\/v2\/posts\/166"}],"collection":[{"href":"https:\/\/blogsaverroes.juntadeandalucia.es\/nnerjaviolenciadegenero\/wp-json\/wp\/v2\/posts"}],"about":[{"href":"https:\/\/blogsaverroes.juntadeandalucia.es\/nnerjaviolenciadegenero\/wp-json\/wp\/v2\/types\/post"}],"author":[{"embeddable":true,"href":"https:\/\/blogsaverroes.juntadeandalucia.es\/nnerjaviolenciadegenero\/wp-json\/wp\/v2\/users\/2095"}],"replies":[{"embeddable":true,"href":"https:\/\/blogsaverroes.juntadeandalucia.es\/nnerjaviolenciadegenero\/wp-json\/wp\/v2\/comments?post=166"}],"version-history":[{"count":1,"href":"https:\/\/blogsaverroes.juntadeandalucia.es\/nnerjaviolenciadegenero\/wp-json\/wp\/v2\/posts\/166\/revisions"}],"predecessor-version":[{"id":170,"href":"https:\/\/blogsaverroes.juntadeandalucia.es\/nnerjaviolenciadegenero\/wp-json\/wp\/v2\/posts\/166\/revisions\/170"}],"wp:attachment":[{"href":"https:\/\/blogsaverroes.juntadeandalucia.es\/nnerjaviolenciadegenero\/wp-json\/wp\/v2\/media?parent=166"}],"wp:term":[{"taxonomy":"category","embeddable":true,"href":"https:\/\/blogsaverroes.juntadeandalucia.es\/nnerjaviolenciadegenero\/wp-json\/wp\/v2\/categories?post=166"},{"taxonomy":"post_tag","embeddable":true,"href":"https:\/\/blogsaverroes.juntadeandalucia.es\/nnerjaviolenciadegenero\/wp-json\/wp\/v2\/tags?post=166"}],"curies":[{"name":"wp","href":"https:\/\/api.w.org\/{rel}","templated":true}]}}