{"id":92,"date":"2020-12-07T23:47:54","date_gmt":"2020-12-07T22:47:54","guid":{"rendered":"https:\/\/blogsaverroes.juntadeandalucia.es\/nnerjaviolenciadegenero\/?p=92"},"modified":"2020-12-08T00:33:59","modified_gmt":"2020-12-07T23:33:59","slug":"stop-violencia","status":"publish","type":"post","link":"https:\/\/blogsaverroes.juntadeandalucia.es\/nnerjaviolenciadegenero\/2020\/12\/07\/stop-violencia\/","title":{"rendered":"STOP VIOLENCIA"},"content":{"rendered":"<p style=\"text-align: center\"><span style=\"color: #800080;font-size: 14pt;font-family: 'arial black', sans-serif\"><strong>EL CEIP NUEVA NERJA DICE STOP A LA VIOLENCIA<\/strong><\/span><\/p>\n<p>El 25 de noviembre se celebra el D\u00eda Internacional contra la Violencia de G\u00e9nero.<\/p>\n<p>Por ello, desde nuestro centro, hemos realizado un conjunto de actividades dirigidas a la prevenci\u00f3n, concienciaci\u00f3n y eliminaci\u00f3n de la violencia de g\u00e9nero.<\/p>\n<p>Fruto de nuestro trabajo surge la presentaci\u00f3n que recoge todas las actuaciones que hemos llevado a cabo para conmemorar este d\u00eda.<\/p>\n<p>Para su visualizaci\u00f3n acceda al siguiente enlace:<\/p>\n<p style=\"text-align: center\"><a href=\"https:\/\/view.genial.ly\/5fc542d374ef7b0d20764532\/presentation-25-noviembre\">https:\/\/view.genial.ly\/5fc542d374ef7b0d20764532\/presentation-25-noviembre<\/a><\/p>\n<p><img loading=\"lazy\" decoding=\"async\" class=\"aligncenter wp-image-96 size-full\" src=\"https:\/\/blogsaverroes.juntadeandalucia.es\/nnerjaviolenciadegenero\/files\/2020\/12\/imagen-genially-25-N.jpg\" alt=\"\" width=\"951\" height=\"637\" srcset=\"https:\/\/blogsaverroes.juntadeandalucia.es\/nnerjaviolenciadegenero\/files\/2020\/12\/imagen-genially-25-N.jpg 951w, https:\/\/blogsaverroes.juntadeandalucia.es\/nnerjaviolenciadegenero\/files\/2020\/12\/imagen-genially-25-N-300x201.jpg 300w, https:\/\/blogsaverroes.juntadeandalucia.es\/nnerjaviolenciadegenero\/files\/2020\/12\/imagen-genially-25-N-768x514.jpg 768w, https:\/\/blogsaverroes.juntadeandalucia.es\/nnerjaviolenciadegenero\/files\/2020\/12\/imagen-genially-25-N-24x16.jpg 24w, https:\/\/blogsaverroes.juntadeandalucia.es\/nnerjaviolenciadegenero\/files\/2020\/12\/imagen-genially-25-N-36x24.jpg 36w, https:\/\/blogsaverroes.juntadeandalucia.es\/nnerjaviolenciadegenero\/files\/2020\/12\/imagen-genially-25-N-48x32.jpg 48w\" sizes=\"(max-width: 951px) 100vw, 951px\" \/><\/p>\n<p>&nbsp;<\/p>\n","protected":false},"excerpt":{"rendered":"<p>EL CEIP NUEVA NERJA DICE STOP A LA VIOLENCIA El 25 de noviembre se celebra el D\u00eda Internacional contra la Violencia de G\u00e9nero. Por ello, desde nuestro centro, hemos realizado un conjunto de actividades&#46;&#46;&#46;<\/p>\n","protected":false},"author":2095,"featured_media":0,"comment_status":"open","ping_status":"open","sticky":false,"template":"","format":"standard","meta":{"ngg_post_thumbnail":0,"footnotes":""},"categories":[11910,3987,3253,817],"tags":[],"aioseo_notices":[],"_links":{"self":[{"href":"https:\/\/blogsaverroes.juntadeandalucia.es\/nnerjaviolenciadegenero\/wp-json\/wp\/v2\/posts\/92"}],"collection":[{"href":"https:\/\/blogsaverroes.juntadeandalucia.es\/nnerjaviolenciadegenero\/wp-json\/wp\/v2\/posts"}],"about":[{"href":"https:\/\/blogsaverroes.juntadeandalucia.es\/nnerjaviolenciadegenero\/wp-json\/wp\/v2\/types\/post"}],"author":[{"embeddable":true,"href":"https:\/\/blogsaverroes.juntadeandalucia.es\/nnerjaviolenciadegenero\/wp-json\/wp\/v2\/users\/2095"}],"replies":[{"embeddable":true,"href":"https:\/\/blogsaverroes.juntadeandalucia.es\/nnerjaviolenciadegenero\/wp-json\/wp\/v2\/comments?post=92"}],"version-history":[{"count":4,"href":"https:\/\/blogsaverroes.juntadeandalucia.es\/nnerjaviolenciadegenero\/wp-json\/wp\/v2\/posts\/92\/revisions"}],"predecessor-version":[{"id":98,"href":"https:\/\/blogsaverroes.juntadeandalucia.es\/nnerjaviolenciadegenero\/wp-json\/wp\/v2\/posts\/92\/revisions\/98"}],"wp:attachment":[{"href":"https:\/\/blogsaverroes.juntadeandalucia.es\/nnerjaviolenciadegenero\/wp-json\/wp\/v2\/media?parent=92"}],"wp:term":[{"taxonomy":"category","embeddable":true,"href":"https:\/\/blogsaverroes.juntadeandalucia.es\/nnerjaviolenciadegenero\/wp-json\/wp\/v2\/categories?post=92"},{"taxonomy":"post_tag","embeddable":true,"href":"https:\/\/blogsaverroes.juntadeandalucia.es\/nnerjaviolenciadegenero\/wp-json\/wp\/v2\/tags?post=92"}],"curies":[{"name":"wp","href":"https:\/\/api.w.org\/{rel}","templated":true}]}}