{"id":864,"date":"2021-04-07T18:45:54","date_gmt":"2021-04-07T18:45:54","guid":{"rendered":"https:\/\/blogsaverroes.juntadeandalucia.es\/nohayclase\/?p=864"},"modified":"2021-04-07T19:47:19","modified_gmt":"2021-04-07T19:47:19","slug":"pruebas-de-acceso-a-ciclos-formativos-de-f-p","status":"publish","type":"post","link":"https:\/\/blogsaverroes.juntadeandalucia.es\/nohayclase\/2021\/04\/07\/pruebas-de-acceso-a-ciclos-formativos-de-f-p\/","title":{"rendered":"PRUEBAS DE ACCESO A CICLOS FORMATIVOS DE F.P."},"content":{"rendered":"<p><span style=\"font-size: medium\"><span style=\"font-size: x-large\"><b>Primera. Convocatoria.<\/b><\/span> <\/span><\/p>\n<p><span style=\"font-size: medium\">Se convocan para el curso 2020\/21 <span style=\"color: #3333ff\"><b>las pruebas de acceso<\/b><\/span> a los ciclos formativos de <span style=\"color: #3333ff\"><b>grado medio<\/b><\/span><span style=\"color: #3333ff\"> y <\/span><span style=\"color: #3333ff\"><b>grado superior<\/b><\/span> de formaci\u00f3n profesional.<\/span><\/p>\n<p><span style=\"font-size: medium\"><span style=\"color: #333333\"><b>El plazo de presentaci\u00f3n<\/b><\/span> de solicitudes ser\u00e1: <span style=\"color: #ff9900\"><strong>Del 5 al 16 de abril, ambos inclusive.<\/strong><\/span><\/span><\/p>\n<p><span style=\"font-size: medium\">Las solicitudes se cumplimentar\u00e1n y presentar\u00e1n, preferentemente, a trav\u00e9s de la <b>Secretar\u00eda Virtual<\/b> de Centros de la Consejer\u00eda con competencia en educaci\u00f3n <\/span><\/p>\n<p><span style=\"font-size: medium\">Las pruebas se realizar\u00e1n en las fechas siguientes: <\/span><\/p>\n<ul>\n<li><span style=\"font-size: medium\">Convocatoria Grado Medio: <span style=\"color: #007826\"><b>9 de junio. <\/b><\/span><\/span><span style=\"font-size: medium\"><span style=\"color: #663399\"><b>SI TIENES 17 A\u00d1OS O LOS CUMPLES EN 2021<\/b><\/span><\/span><\/li>\n<li><span style=\"font-size: medium\">Convocatoria Parte Com\u00fan Grado Superior: <span style=\"color: #007826\"><b>10 de junio. <\/b><\/span><\/span><\/li>\n<li><span style=\"font-size: medium\">Convocatoria Parte Espec\u00edfica Grado Superior: <span style=\"color: #007826\"><b>11 de junio. <\/b><\/span><\/span><span style=\"font-size: medium\"><span style=\"color: #663399\"><b>SI TIENES 19 A\u00d1OS O LOS CUMPLES EN 2021<\/b><\/span><\/span><\/li>\n<\/ul>\n<p><span style=\"font-size: medium\"><b>Pruebas de acceso a los ciclos formativos de grado medio<\/b>,compuestas por tres \u00e1mbitos, d\u00eda 9 de junio<\/span><\/p>\n<ul>\n<li><span style=\"font-size: medium\">\u00c1mbito Comunicaci\u00f3n, <\/span><\/li>\n<li><span style=\"font-size: medium\">\u00c1mbito Social, <\/span><\/li>\n<li><span style=\"font-size: medium\">\u00c1mbito Cient\u00edfico-Tecnol\u00f3gico<\/span><\/li>\n<\/ul>\n<p><span style=\"font-size: medium\"><b>Pruebas de acceso a los ciclos formativos de grado superior, <\/b><\/span><\/p>\n<p><span style=\"font-size: medium\"><b>Parte com\u00fan<\/b>, con tres ejercicios diferenciados el d\u00eda 10 de junio: <\/span><\/p>\n<p><span style=\"font-size: medium\">Ejercicio de Lengua Castellana y Literatura. <\/span><\/p>\n<p><span style=\"font-size: medium\">Ejercicio de Lengua Extranjera (ingl\u00e9s o franc\u00e9s)<\/span><\/p>\n<p><span style=\"font-size: medium\">Ejercicio de Matem\u00e1ticas<\/span><\/p>\n<p><span style=\"font-size: medium\"><b>La parte espec\u00edfica,<\/b> que valorar\u00e1 las capacidades de base referentes al campo profesional de que se trate, se organiza en tres opciones: <\/span><\/p>\n<p><span style=\"font-size: medium\"><b>Opci\u00f3n A:<\/b> Humanidades y Ciencias Sociales. <\/span><\/p>\n<p><span style=\"font-size: medium\"><b>Opci\u00f3n B: <\/b>Ciencias I<\/span><\/p>\n<p><span style=\"font-size: medium\"><b>Opci\u00f3n C: <\/b>Ciencias II. <\/span><\/p>\n<p><span style=\"font-size: medium\"><b>RELACI\u00d3N DE CENTROS DOCENTES QUE REALIZAR\u00c1N LA PRUEBA DE ACCESO A LOS CICLOS FORMATIVOS EN EL CURSO 2020\/21 <\/b><\/span><\/p>\n<p><span style=\"font-size: medium\">18004288 I.E.S. Polit\u00e9cnico Hermenegildo Lanz C\/ Albod\u00f3n, 7 Granada <b>Medio <\/b><\/span><\/p>\n<p><span style=\"font-size: medium\">18004458 I.E.S. Virgen de las Nieves Avda. de Andaluc\u00eda, 38 Granada <b>Medio <\/b><\/span><\/p>\n<p><span style=\"font-size: medium\">18004276 I.E.S. \u00c1ngel Ganivet Calle Sta. B\u00e1rbara, 15 Granada <b>Superior A <\/b><\/span><\/p>\n<p><span style=\"font-size: medium\">18700098 I.E.S. Zaid\u00edn-Vergeles Calle Primavera, 26, Granada<b> Superior B <\/b><\/span><\/p>\n<p><span style=\"font-size: medium\">18000787 I.E.S. Luis Bueno Crespo Avenida de las Palmeras S\/N Armilla <b>Superior C<\/b> <\/span><\/p>\n<p><a href=\"https:\/\/blogsaverroes.juntadeandalucia.es\/nohayclase\/files\/2021\/04\/20210331_BOJA_ResoConvocaPAcc2020_21.pdf\">VER BOJA CON LA CONVOCATORI 20\/21<\/a><\/p>\n<p><a href=\"https:\/\/correo.juntadeandalucia.es\/?_task=mail&amp;_action=get&amp;_mbox=INBOX&amp;_uid=1790&amp;_part=3&amp;_frame=1&amp;_extwin=1\">ENLACE INFOGRAF\u00cdA PRUEBAS<\/a><\/p>\n","protected":false},"excerpt":{"rendered":"<p>Primera. Convocatoria. Se convocan para el curso 2020\/21 las pruebas de acceso a los ciclos formativos de grado medio y grado superior de formaci\u00f3n profesional. El plazo de presentaci\u00f3n de solicitudes ser\u00e1: Del 5&#46;&#46;&#46;<\/p>\n","protected":false},"author":10659,"featured_media":0,"comment_status":"open","ping_status":"open","sticky":false,"template":"","format":"standard","meta":{"ngg_post_thumbnail":0,"footnotes":""},"categories":[37,7,1],"tags":[50,27],"aioseo_notices":[],"_links":{"self":[{"href":"https:\/\/blogsaverroes.juntadeandalucia.es\/nohayclase\/wp-json\/wp\/v2\/posts\/864"}],"collection":[{"href":"https:\/\/blogsaverroes.juntadeandalucia.es\/nohayclase\/wp-json\/wp\/v2\/posts"}],"about":[{"href":"https:\/\/blogsaverroes.juntadeandalucia.es\/nohayclase\/wp-json\/wp\/v2\/types\/post"}],"author":[{"embeddable":true,"href":"https:\/\/blogsaverroes.juntadeandalucia.es\/nohayclase\/wp-json\/wp\/v2\/users\/10659"}],"replies":[{"embeddable":true,"href":"https:\/\/blogsaverroes.juntadeandalucia.es\/nohayclase\/wp-json\/wp\/v2\/comments?post=864"}],"version-history":[{"count":5,"href":"https:\/\/blogsaverroes.juntadeandalucia.es\/nohayclase\/wp-json\/wp\/v2\/posts\/864\/revisions"}],"predecessor-version":[{"id":869,"href":"https:\/\/blogsaverroes.juntadeandalucia.es\/nohayclase\/wp-json\/wp\/v2\/posts\/864\/revisions\/869"}],"wp:attachment":[{"href":"https:\/\/blogsaverroes.juntadeandalucia.es\/nohayclase\/wp-json\/wp\/v2\/media?parent=864"}],"wp:term":[{"taxonomy":"category","embeddable":true,"href":"https:\/\/blogsaverroes.juntadeandalucia.es\/nohayclase\/wp-json\/wp\/v2\/categories?post=864"},{"taxonomy":"post_tag","embeddable":true,"href":"https:\/\/blogsaverroes.juntadeandalucia.es\/nohayclase\/wp-json\/wp\/v2\/tags?post=864"}],"curies":[{"name":"wp","href":"https:\/\/api.w.org\/{rel}","templated":true}]}}