{"id":1307,"date":"2023-04-23T21:37:19","date_gmt":"2023-04-23T21:37:19","guid":{"rendered":"https:\/\/blogsaverroes.juntadeandalucia.es\/nuestrabiblioteca\/?p=1307"},"modified":"2023-04-26T08:35:57","modified_gmt":"2023-04-26T08:35:57","slug":"1307","status":"publish","type":"post","link":"https:\/\/blogsaverroes.juntadeandalucia.es\/nuestrabiblioteca\/2023\/04\/23\/1307\/","title":{"rendered":"LA FERIA DEL LIBRO: DE AYER A HOY"},"content":{"rendered":"<p style=\"text-align: center\"><strong>LA FERIA DEL LIBRO: DE AYER A HOY<\/strong><\/p>\n<p><em>\u201cQuien no haya pasado nunca tardes enteras delante de un libro, con las orejas ardi\u00e9ndole y el pelo ca\u00eddo por la cara, leyendo y leyendo, olvidado del mundo y sin darse cuenta de que ten\u00eda hambre o se estaba quedando helado&#8230;<\/em><\/p>\n<p><em>Quien nunca haya le\u00eddo en secreto a la luz de una linterna, bajo la manta, porque pap\u00e1 o mam\u00e1 le ha apagado la luz con el argumento de que tiene que dormir, porque ma\u00f1ana hay que levantarse tempranito&#8230;<\/em><em>\u00a0<\/em><\/p>\n<p><em>Quien nunca haya llorado l\u00e1grimas amargas porque una historia maravillosa acaba y hab\u00eda que decir adi\u00f3s a personajes con los que hab\u00eda corrido tantas aventuras, a los que quer\u00eda y admiraba, por los que hab\u00eda temido y rezado, y sin cuya compa\u00f1\u00eda la vida parecer\u00eda vac\u00eda y sin sentido&#8230;<\/em><\/p>\n<p><em>\u00a0<\/em><em>Quien no conozca todo eso por propia experiencia, no podr\u00e1 comprender probablemente lo que Basti\u00e1n hizo entonces&#8230;\u201d<\/em><\/p>\n<p style=\"text-align: right\">\u00a0\u00a0\u00a0\u00a0\u00a0\u00a0\u00a0\u00a0\u00a0\u00a0\u00a0 <strong>La historia Interminable, de Michael Ende<\/strong><\/p>\n<p><em>\u00a0<\/em><\/p>\n<p>Como cada 23 de Abril celebramos en nuestro pa\u00eds el D\u00eda del Libro y nuestras ciudades se inundan de tenderetes con las publicaciones m\u00e1s novedosas, con la presencia de distintos autores\/as que firman sus libros, conferencias, charlas etc. A comienzos de este a\u00f1o en La India se celebr\u00f3 el mayor evento para el sector de libro, la 46\u00aa Feria del Libro de Calcuta. La India, pa\u00eds llamado \u00a0a convertirse este a\u00f1o 2023 en el lugar m\u00e1s poblado de la Tierra, ha elegido este a\u00f1o como pa\u00eds invitado a Espa\u00f1a. El hecho de que la mayor Feria del Libro del mundo \u00a0haya estado dedicada a nuestro pa\u00eds, ha sido sin duda una importante oportunidad para dar a conocer la literatura, los escritores y las editoriales\u00a0 espa\u00f1olas en Asia y el mundo.<\/p>\n<p>&nbsp;<\/p>\n<p><em><img loading=\"lazy\" decoding=\"async\" class=\" wp-image-1315 aligncenter\" src=\"https:\/\/blogsaverroes.juntadeandalucia.es\/nuestrabiblioteca\/files\/2023\/04\/Feria-del-Libro-de-Calcuta-300x186.jpeg\" alt=\"\" width=\"349\" height=\"216\" srcset=\"https:\/\/blogsaverroes.juntadeandalucia.es\/nuestrabiblioteca\/files\/2023\/04\/Feria-del-Libro-de-Calcuta-300x186.jpeg 300w, https:\/\/blogsaverroes.juntadeandalucia.es\/nuestrabiblioteca\/files\/2023\/04\/Feria-del-Libro-de-Calcuta.jpeg 630w\" sizes=\"(max-width: 349px) 100vw, 349px\" \/><\/em><\/p>\n<p>No solo la de Calcuta, con la llegada de la primavera encontramos la celebraci\u00f3n de\u00a0 distintas Ferias del Libro por gran parte de la geograf\u00eda espa\u00f1ola, pero \u00bfcu\u00e1l es el origen de las Ferias de libro?<\/p>\n<p>Hay que remontarse al siglo XVI\u00a0 para encontrar el origen de los primeros encuentros que no ten\u00edan el car\u00e1cter p\u00fablico y colectivo de hoy en d\u00eda. Estas primeras ferias eran principalmente un evento privado en la que estaban presentes principalmente personalidades pertenecientes al clero y en general m\u00e1s que libros, se comercializaba con materiales para elaborarlos como la tinta y el papel.<\/p>\n<p>Habr\u00e1 que esperar a la difusi\u00f3n de la imprenta para que se ampl\u00ede el concepto de Feria del Libro y se especialice. El gran impulso tendr\u00e1 lugar en el siglo XX con la democratizaci\u00f3n de la lectura, pero mucho m\u00e1s con la alfabetizaci\u00f3n de la poblaci\u00f3n. Ser\u00e1 entonces cuando las Ferias del libro adquieran las caracter\u00edsticas que tienen hoy dirigi\u00e9ndose a la venta al p\u00fablico de libros, es decir, cuando se conviertan en un fen\u00f3meno p\u00fablico.<\/p>\n<p>En Espa\u00f1a, aunque ya<strong style=\"font-style: inherit\">\u00a0<\/strong>exist\u00eda una fiesta del libro previa; que se empez\u00f3 a celebrar en los a\u00f1os 20, esta no era una actividad reglada y promocionada oficialmente. La<strong style=\"font-style: inherit\">\u00a0<\/strong>primera Feria del Libro; tal y como la conocemos ahora, se celebr\u00f3<strong style=\"font-style: inherit\">\u00a0<\/strong>en Madrid en 1933 en el contexto de la II Rep\u00fablica y marc\u00f3 la ruta de las celebraciones posteriores.<\/p>\n<p><img loading=\"lazy\" decoding=\"async\" class=\"size-medium wp-image-1316 aligncenter\" src=\"https:\/\/blogsaverroes.juntadeandalucia.es\/nuestrabiblioteca\/files\/2023\/04\/Feria-del-libro-1933-300x173.png\" alt=\"\" width=\"300\" height=\"173\" srcset=\"https:\/\/blogsaverroes.juntadeandalucia.es\/nuestrabiblioteca\/files\/2023\/04\/Feria-del-libro-1933-300x173.png 300w, https:\/\/blogsaverroes.juntadeandalucia.es\/nuestrabiblioteca\/files\/2023\/04\/Feria-del-libro-1933.png 550w\" sizes=\"(max-width: 300px) 100vw, 300px\" \/><\/p>\n<p>En aquella feria, los madrile\u00f1os pudieron recorrer diversos tenderetes donde hacerse con novedades y todo tipo de libros, adem\u00e1s de acudir a charlas, ser espectadores de teatros y otras actividades culturales. Como an\u00e9cdota de estas primeras ferias, aquellos libros que m\u00e1s se demandaban por parte de la sociedad de aquellos a\u00f1os fueron obras de Freud, una biograf\u00eda de Ram\u00f3n y Cajal, libros de sociolog\u00eda, econom\u00eda y pol\u00edticos pero,<strong style=\"font-style: inherit\">\u00a0<\/strong>sobre todo, los libros de\u00a0<em style=\"font-weight: inherit\">Celia<\/em>\u00a0que firmaba su autora Elena Fort\u00fan.<\/p>\n<p>Tal fue el \u00e9xito de la Feria del Libro, que muchas editoriales lo convirtieron en un fen\u00f3meno itinerante que iban recorriendo distintas partes de la pen\u00ednsula. Ruiz Castillo; presidente de la C\u00e1mara del Libro de Madrid en aquellos primeros a\u00f1os, expondr\u00eda en su discurso de apertura una menci\u00f3n directa a la democratizaci\u00f3n de la lectura en la que afirm\u00f3:\u00a0\u00a0<em>\u00abEl libro no es ya art\u00edculo de selecci\u00f3n y para pocos. Felizmente, los tiempos le han democratizado, y hoy se yergue ante las multitudes para recoger sus anhelos y derramar sobre ellas los beneficios de orden espiritual de la lectura.\u201d<\/em><\/p>\n<p>A la ciudad de Granada, las Ferias del Libro llegaron hace cuarenta a\u00f1os. El a\u00f1o pasado para conmemorar el aniversario se le dedico una exposici\u00f3n titulada \u201cMemoria de la Feria del Libro\u201d en el que pudimos recorrer la historia de este evento durante las \u00faltimas cuatro d\u00e9cadas. Este a\u00f1o la feria estar\u00e1 dedicada a aquellos g\u00e9neros que combinan\u00a0 literatura e ilustraci\u00f3n, de ah\u00ed su lema: <em>\u201cuna imagen, mil palabras\u201d.\u00a0<\/em><\/p>\n<ul>\n<li><img loading=\"lazy\" decoding=\"async\" class=\" wp-image-1310 aligncenter\" src=\"https:\/\/blogsaverroes.juntadeandalucia.es\/nuestrabiblioteca\/files\/2023\/04\/feria-granada.jpg\" alt=\"\" width=\"249\" height=\"369\" \/><\/li>\n<\/ul>\n<p>Por otro lado, es en esas Ferias del libro donde los escritores\/as y distintas editoriales hacen la gran venta del a\u00f1o. Pese a que la digitalizaci\u00f3n cada a\u00f1o gana m\u00e1s adeptos (el libro digital), podemos decir, que seguimos sintiendo un mayor placer cuando leemos un libro tradicional que usando cualquier dispositivo electr\u00f3nico. \u00bfEso quiere decir que el libro impreso y las Ferias del libro desaparecer\u00e1n en un futuro? Parece que eso ser\u00e1 complicado.<\/p>\n<p>Es cierto que las ventas del libro tradicional caer\u00e1n por diversos motivos, no solo por la digitalizaci\u00f3n que ha hecho m\u00e1s accesible la literatura, sin embargo, el amor hacia los libros, lo que llamamos bibliofilia, ese sentimiento de atesorar cosas que tanto gusta al ser humano, parece que har\u00e1 que sobreviva el libro de toda la vida y las Ferias del libro por mucho a\u00f1os.<\/p>\n<p>A esa bibliofilia, hay que sumar que el n\u00famero de lectores en Espa\u00f1a sigue creciendo como la espuma. La franja que m\u00e1s lee es la de los j\u00f3venes entre 14 y 24 a\u00f1os, a ello se deben distintos factores como la existencia de \u00a0autores que escriben para este tipo de lectores, la existencia de\u00a0 <em>booktubers y los bookstagrammers<\/em> que publican rese\u00f1as y difunden la lectura de todo tipo de libros (los influencers de los libros) y\/o la introducci\u00f3n de la lectura en los planes educativos.\u00a0 De la importancia de la lectura es testigo nuestro alumnado que desde hace unos a\u00f1os ha podido comprobar c\u00f3mo se ha fomentado la lectura desde el aula, leyendo y realizando distintas actividades para fomentar y evitar que el gusto por la lectura se pierda.<\/p>\n<p><img loading=\"lazy\" decoding=\"async\" class=\"wp-image-1312 aligncenter\" src=\"https:\/\/blogsaverroes.juntadeandalucia.es\/nuestrabiblioteca\/files\/2023\/04\/27286-300x300.jpeg\" alt=\"\" width=\"330\" height=\"330\" srcset=\"https:\/\/blogsaverroes.juntadeandalucia.es\/nuestrabiblioteca\/files\/2023\/04\/27286-300x300.jpeg 300w, https:\/\/blogsaverroes.juntadeandalucia.es\/nuestrabiblioteca\/files\/2023\/04\/27286-1024x1024.jpeg 1024w, https:\/\/blogsaverroes.juntadeandalucia.es\/nuestrabiblioteca\/files\/2023\/04\/27286-150x150.jpeg 150w, https:\/\/blogsaverroes.juntadeandalucia.es\/nuestrabiblioteca\/files\/2023\/04\/27286-768x768.jpeg 768w, https:\/\/blogsaverroes.juntadeandalucia.es\/nuestrabiblioteca\/files\/2023\/04\/27286-80x80.jpeg 80w, https:\/\/blogsaverroes.juntadeandalucia.es\/nuestrabiblioteca\/files\/2023\/04\/27286-320x320.jpeg 320w, https:\/\/blogsaverroes.juntadeandalucia.es\/nuestrabiblioteca\/files\/2023\/04\/27286.jpeg 1200w\" sizes=\"(max-width: 330px) 100vw, 330px\" \/><em><img loading=\"lazy\" decoding=\"async\" class=\"size-medium wp-image-1314 aligncenter\" src=\"https:\/\/blogsaverroes.juntadeandalucia.es\/nuestrabiblioteca\/files\/2023\/04\/230227-lectores-libros-edad-sexo-1-300x169.jpg\" alt=\"\" width=\"300\" height=\"169\" srcset=\"https:\/\/blogsaverroes.juntadeandalucia.es\/nuestrabiblioteca\/files\/2023\/04\/230227-lectores-libros-edad-sexo-1-300x169.jpg 300w, https:\/\/blogsaverroes.juntadeandalucia.es\/nuestrabiblioteca\/files\/2023\/04\/230227-lectores-libros-edad-sexo-1-768x432.jpg 768w, https:\/\/blogsaverroes.juntadeandalucia.es\/nuestrabiblioteca\/files\/2023\/04\/230227-lectores-libros-edad-sexo-1.jpg 977w\" sizes=\"(max-width: 300px) 100vw, 300px\" \/><\/em><\/p>\n<p>Dice Elon Musk, cofundador y l\u00edder de Tesla, SpaceX, Neuralink y The Boring Company, que el desarrollo de la Inteligencia Artificial junto a la robotizaci\u00f3n har\u00e1 desaparecer muchos de los trabajos que conocemos actualmente, que no tendremos que trabajar y que los Estados deber\u00e1n crear unas pagas universales, sin embargo, el mayor problema seg\u00fan Musk ser\u00e1 c\u00f3mo ocupar nuestras cabezas o programar nuestras vidas ante la falta de metas o espectativas. Desde que nacemos se nos dice que debemos esforzarnos, tener unos estudios, mejorar nuestras competencias para ser alguien con futuro, sin embargo, cuando esa motivaci\u00f3n desaparezca, \u00bfc\u00f3mo ocuparemos nuestro tiempo libre?<\/p>\n<p><img loading=\"lazy\" decoding=\"async\" class=\"alignnone size-medium wp-image-1309 aligncenter\" src=\"https:\/\/blogsaverroes.juntadeandalucia.es\/nuestrabiblioteca\/files\/2023\/04\/elon_musk_secretos_exito_cinco-300x142.jpg\" alt=\"\" width=\"300\" height=\"142\" srcset=\"https:\/\/blogsaverroes.juntadeandalucia.es\/nuestrabiblioteca\/files\/2023\/04\/elon_musk_secretos_exito_cinco-300x142.jpg 300w, https:\/\/blogsaverroes.juntadeandalucia.es\/nuestrabiblioteca\/files\/2023\/04\/elon_musk_secretos_exito_cinco-520x245.jpg 520w, https:\/\/blogsaverroes.juntadeandalucia.es\/nuestrabiblioteca\/files\/2023\/04\/elon_musk_secretos_exito_cinco.jpg 528w\" sizes=\"(max-width: 300px) 100vw, 300px\" \/><\/p>\n<p>&nbsp;<\/p>\n<p>Quiz\u00e1s una buena respuesta a como ocupar nuestro tiempo sea leer la inmensidad de libros escritos a lo largo de la historia de la humanidad (se estima que existen m\u00e1s de 150 millones de libros).<\/p>\n<p>Por lo pronto, mientras ese futuro tan incierto llega o no, para celebrar que volvemos a celebrar el D\u00eda del Libro y que siguen celebr\u00e1ndose la Ferias del Libro, os dejo con las recomendaciones literarias de distintas personas que pertenecen a la comunidad educativa de los Montes Orientales. Estas son algunas de las recomendaciones:<\/p>\n<ul>\n<li>Los renglones torcidos de Dios, de Torcuato Luca de Tena.<\/li>\n<li>Las cruzadas vistas por los \u00e1rabes, de Amik Baduf.<\/li>\n<li>Cuando era divertido, de David Lozano.<\/li>\n<li>La mujer de verde, de Arnaldur Indridason.<\/li>\n<li>Diferente, de Eloy Moreno<\/li>\n<li>Rebeli\u00f3n en la granja, de George Orwell.<\/li>\n<li>Todo lo que nunca fuimos y todo lo que seremos juntos, de Alice Kellen.<\/li>\n<li>Memorias de Idh\u00fan, de Laura Gallego.<\/li>\n<li>Cien a\u00f1os de soledad, de Gabriel Garc\u00eda M\u00e1rquez.<\/li>\n<li>La ca\u00edda de los gigantes, de Ken Follet.<\/li>\n<li>Hiroshima mon amour, de Margherite Duras.<\/li>\n<li>Un mundo feliz, de Aldous Huxley.<\/li>\n<li>Los pilares de la Tierra, de Ken Follet.<\/li>\n<li>La novia gitana, de Carmen Mola.<\/li>\n<li>Nada, de Carmen Laforet.<\/li>\n<li>El infinito en un junco, de Irene Vallejo<\/li>\n<li>D\u00edas de reyes magos, de Emilio Pascual.<\/li>\n<li>Un mundo para Julius, de Alfredo Bryce de Echenique.<\/li>\n<li>La historia interminable, de Michael Ende.<\/li>\n<li>Cr\u00f3nica de una muerte anunciada, de Gabriel Garc\u00eda M\u00e1rquez.<\/li>\n<li>El caballero de la armadura oxidada, de Robert Fisher.<\/li>\n<li>La sombra del Viento, de Carlos Ruiz Zaf\u00f3n.<\/li>\n<li>El verano en el que me enamor\u00e9, de Jenny Han.<\/li>\n<li>Como no escrib\u00ed nuestra historia de amor, de El\u00edsabet Benavent.<\/li>\n<li>La rama seca del cerezo, de Rafael Salmer\u00f3n.<\/li>\n<li>Mi familia y otros animales, de Gerald<\/li>\n<li>Percy Jackson, el ladr\u00f3n del rayo, de Rick Riordan.<\/li>\n<li>El camino de los reyes, de Brandon Sanderson.<\/li>\n<li>Love you, de Estelle Maskame.<\/li>\n<li>La escuela del Bien y del Mal, de Soman Chainani.<\/li>\n<li>Donde todo brilla, de Alice Kellen.<\/li>\n<li>Las uvas de la ira, de Jonh Steinbeck.<\/li>\n<li>El juego del \u00e1ngel, de Carlos Ruiz Zaf\u00f3n.<\/li>\n<li>El se\u00f1or de las moscas, de William Golding.<\/li>\n<li>Alguien para nosotros, de Juan Arcones.<\/li>\n<li>La casa de los esp\u00edritus, de Isabel Allende.<\/li>\n<li>El guardi\u00e1n de las pesadillas, de \u00c1lvaro Yarritu.<\/li>\n<li>Demian, de Herman Hesse.<\/li>\n<li>Asesinato en el Orient Express, de Agatha Christie.<\/li>\n<li>Los guardianes de la noche, de Koyoharu Gotouge.<\/li>\n<li>Invisibles, de Eloy Moreno.<\/li>\n<li>El camino, de Miguel Delibes.<\/li>\n<li>La Il\u00edada, de Homero.<\/li>\n<\/ul>\n<p style=\"text-align: right\">Paola Vergano Villodres<\/p>\n","protected":false},"excerpt":{"rendered":"<p>LA FERIA DEL LIBRO: DE AYER A HOY \u201cQuien no haya pasado nunca tardes enteras delante de un libro, con las orejas ardi\u00e9ndole y el pelo ca\u00eddo&#46;&#46;&#46;<\/p>\n","protected":false},"author":11042,"featured_media":1310,"comment_status":"closed","ping_status":"closed","sticky":false,"template":"","format":"standard","meta":{"ngg_post_thumbnail":0,"footnotes":""},"categories":[7],"tags":[],"aioseo_notices":[],"_links":{"self":[{"href":"https:\/\/blogsaverroes.juntadeandalucia.es\/nuestrabiblioteca\/wp-json\/wp\/v2\/posts\/1307"}],"collection":[{"href":"https:\/\/blogsaverroes.juntadeandalucia.es\/nuestrabiblioteca\/wp-json\/wp\/v2\/posts"}],"about":[{"href":"https:\/\/blogsaverroes.juntadeandalucia.es\/nuestrabiblioteca\/wp-json\/wp\/v2\/types\/post"}],"author":[{"embeddable":true,"href":"https:\/\/blogsaverroes.juntadeandalucia.es\/nuestrabiblioteca\/wp-json\/wp\/v2\/users\/11042"}],"replies":[{"embeddable":true,"href":"https:\/\/blogsaverroes.juntadeandalucia.es\/nuestrabiblioteca\/wp-json\/wp\/v2\/comments?post=1307"}],"version-history":[{"count":4,"href":"https:\/\/blogsaverroes.juntadeandalucia.es\/nuestrabiblioteca\/wp-json\/wp\/v2\/posts\/1307\/revisions"}],"predecessor-version":[{"id":1321,"href":"https:\/\/blogsaverroes.juntadeandalucia.es\/nuestrabiblioteca\/wp-json\/wp\/v2\/posts\/1307\/revisions\/1321"}],"wp:featuredmedia":[{"embeddable":true,"href":"https:\/\/blogsaverroes.juntadeandalucia.es\/nuestrabiblioteca\/wp-json\/wp\/v2\/media\/1310"}],"wp:attachment":[{"href":"https:\/\/blogsaverroes.juntadeandalucia.es\/nuestrabiblioteca\/wp-json\/wp\/v2\/media?parent=1307"}],"wp:term":[{"taxonomy":"category","embeddable":true,"href":"https:\/\/blogsaverroes.juntadeandalucia.es\/nuestrabiblioteca\/wp-json\/wp\/v2\/categories?post=1307"},{"taxonomy":"post_tag","embeddable":true,"href":"https:\/\/blogsaverroes.juntadeandalucia.es\/nuestrabiblioteca\/wp-json\/wp\/v2\/tags?post=1307"}],"curies":[{"name":"wp","href":"https:\/\/api.w.org\/{rel}","templated":true}]}}