{"id":1672,"date":"2023-09-11T14:59:56","date_gmt":"2023-09-11T12:59:56","guid":{"rendered":"https:\/\/becreagranadablog.wordpress.com\/?p=1672"},"modified":"2023-09-11T14:59:56","modified_gmt":"2023-09-11T12:59:56","slug":"1672","status":"publish","type":"post","link":"https:\/\/blogsaverroes.juntadeandalucia.es\/nuestrabiblioteca\/2023\/09\/11\/1672\/","title":{"rendered":"Equipo BECREA Gr curso 2023\/2024"},"content":{"rendered":"\n<figure class=\"wp-block-image size-large\"><a href=\"https:\/\/blogsaverroes.juntadeandalucia.es\/nuestrabiblioteca\/files\/2023\/09\/equipo-red-becrea-granada-23-24-2.jpg\"><img decoding=\"async\" class=\"wp-image-1673\" src=\"https:\/\/blogsaverroes.juntadeandalucia.es\/nuestrabiblioteca\/files\/2023\/09\/equipo-red-becrea-granada-23-24-2.jpg?w=1024\" alt=\"\" \/><\/a><\/figure>\n\n\n\n<p>Paqui Garc\u00eda \u2013 Responsable Provincial<\/p>\n\n\n\n<p>Carmen Polo \u2013 Responsable de la l\u00ednea de participaci\u00f3n 1 y formadora en BiblioWeb Seneca<\/p>\n\n\n\n<p>Antonio Mart\u00ednez \u2013 Responsable de la l\u00ednea de participaci\u00f3n 2<\/p>\n\n\n\n<p>Silvia Corral \u2013 Responsable de la l\u00ednea de participaci\u00f3n 3<\/p>\n\n\n\n<p>Javier Mu\u00f1oz \u2013 Asesor t\u00e9cnico y formador en BiblioWeb Seneca<\/p>\n\n\n\n<p>Patricia Vel\u00e1zquez \u2013 Gesti\u00f3n y difusi\u00f3n de Redes Sociales<\/p>\n\n\n\n<p>Un equipo humano para ayudaros y asesoraros en lo que necesit\u00e9is. Estamos a vuestra disposici\u00f3n.<\/p>\n\n\n\n<p>En nombre de todo el equipo, os deseamos todo lo mejor para este curso escolar 2023\/2024.<\/p>\n","protected":false},"excerpt":{"rendered":"<p>Paqui Garc\u00eda \u2013 Responsable Provincial Carmen Polo \u2013 Responsable de la l\u00ednea de participaci\u00f3n 1 y formadora en BiblioWeb Seneca Antonio Mart\u00ednez \u2013 Responsable de la l\u00ednea&#46;&#46;&#46;<\/p>\n","protected":false},"author":11044,"featured_media":2439,"comment_status":"open","ping_status":"open","sticky":false,"template":"","format":"standard","meta":{"ngg_post_thumbnail":0,"footnotes":""},"categories":[116],"tags":[],"aioseo_notices":[],"_links":{"self":[{"href":"https:\/\/blogsaverroes.juntadeandalucia.es\/nuestrabiblioteca\/wp-json\/wp\/v2\/posts\/1672"}],"collection":[{"href":"https:\/\/blogsaverroes.juntadeandalucia.es\/nuestrabiblioteca\/wp-json\/wp\/v2\/posts"}],"about":[{"href":"https:\/\/blogsaverroes.juntadeandalucia.es\/nuestrabiblioteca\/wp-json\/wp\/v2\/types\/post"}],"author":[{"embeddable":true,"href":"https:\/\/blogsaverroes.juntadeandalucia.es\/nuestrabiblioteca\/wp-json\/wp\/v2\/users\/11044"}],"replies":[{"embeddable":true,"href":"https:\/\/blogsaverroes.juntadeandalucia.es\/nuestrabiblioteca\/wp-json\/wp\/v2\/comments?post=1672"}],"version-history":[{"count":0,"href":"https:\/\/blogsaverroes.juntadeandalucia.es\/nuestrabiblioteca\/wp-json\/wp\/v2\/posts\/1672\/revisions"}],"wp:featuredmedia":[{"embeddable":true,"href":"https:\/\/blogsaverroes.juntadeandalucia.es\/nuestrabiblioteca\/wp-json\/wp\/v2\/media\/2439"}],"wp:attachment":[{"href":"https:\/\/blogsaverroes.juntadeandalucia.es\/nuestrabiblioteca\/wp-json\/wp\/v2\/media?parent=1672"}],"wp:term":[{"taxonomy":"category","embeddable":true,"href":"https:\/\/blogsaverroes.juntadeandalucia.es\/nuestrabiblioteca\/wp-json\/wp\/v2\/categories?post=1672"},{"taxonomy":"post_tag","embeddable":true,"href":"https:\/\/blogsaverroes.juntadeandalucia.es\/nuestrabiblioteca\/wp-json\/wp\/v2\/tags?post=1672"}],"curies":[{"name":"wp","href":"https:\/\/api.w.org\/{rel}","templated":true}]}}