{"id":1728,"date":"2024-03-22T07:54:05","date_gmt":"2024-03-22T07:54:05","guid":{"rendered":"https:\/\/blogsaverroes.juntadeandalucia.es\/nuestrabiblioteca\/?p=1728"},"modified":"2024-03-22T07:54:05","modified_gmt":"2024-03-22T07:54:05","slug":"por-que-corremos-la-desbanda-en-las-aulas-ii","status":"publish","type":"post","link":"https:\/\/blogsaverroes.juntadeandalucia.es\/nuestrabiblioteca\/2024\/03\/22\/por-que-corremos-la-desbanda-en-las-aulas-ii\/","title":{"rendered":"\u00ab\u00bfPor qu\u00e9 corremos?\u00bb LA DESBAND\u00c1 EN LAS AULAS (II)"},"content":{"rendered":"<p style=\"text-align: justify\"><em><span style=\"font-family: 'book antiqua', palatino, serif\">\u00abImaginaos ciento cincuenta mil hombres, mujeres y ni\u00f1os que huyen en busca de refugio hacia una ciudad situada a cerca de doscientos kil\u00f3metros de distancia. No hay m\u00e1s que un camino. No hay m\u00e1s v\u00eda de escape. La ciudad que buscan es Almer\u00eda y hay que andar hasta all\u00e1 cerca de doscientos kil\u00f3metros. <\/span><\/em><em><span style=\"font-family: 'book antiqua', palatino, serif\">Lo que quiero contaros es lo que yo mismo vi en esta marcha forzada, la m\u00e1s grande, la m\u00e1s horrible evacuaci\u00f3n de una ciudad que hayan visto nuestros tiempos\u00bb.<\/span><\/em><\/p>\n<p style=\"text-align: right\"><em><span style=\"font-family: 'book antiqua', palatino, serif\">\u00a0\u00a0\u00a0\u00a0\u00a0\u00a0\u00a0\u00a0\u00a0\u00a0\u00a0\u00a0\u00a0\u00a0\u00a0\u00a0\u00a0\u00a0\u00a0\u00a0\u00a0\u00a0\u00a0\u00a0\u00a0\u00a0\u00a0\u00a0\u00a0\u00a0\u00a0\u00a0\u00a0\u00a0\u00a0\u00a0\u00a0\u00a0\u00a0\u00a0\u00a0\u00a0\u00a0\u00a0\u00a0\u00a0\u00a0\u00a0\u00a0<span style=\"font-weight: 400\"><strong>Norman Bethune<\/strong>. \u201cEl crimen de la carretera de M\u00e1laga a Almer\u00eda y otros cr\u00edmenes \u201c.<\/span><\/span><\/em><\/p>\n<p style=\"text-align: right\"><!--more--><\/p>\n<p style=\"text-align: center\"><img loading=\"lazy\" decoding=\"async\" class=\"alignnone wp-image-1730 size-full\" src=\"https:\/\/blogsaverroes.juntadeandalucia.es\/nuestrabiblioteca\/files\/2024\/03\/a8e427804c434b79a09944f84b4de716.png\" alt=\"\" width=\"854\" height=\"480\" srcset=\"https:\/\/blogsaverroes.juntadeandalucia.es\/nuestrabiblioteca\/files\/2024\/03\/a8e427804c434b79a09944f84b4de716.png 854w, https:\/\/blogsaverroes.juntadeandalucia.es\/nuestrabiblioteca\/files\/2024\/03\/a8e427804c434b79a09944f84b4de716-300x169.png 300w, https:\/\/blogsaverroes.juntadeandalucia.es\/nuestrabiblioteca\/files\/2024\/03\/a8e427804c434b79a09944f84b4de716-768x432.png 768w\" sizes=\"(max-width: 854px) 100vw, 854px\" \/><\/p>\n<p style=\"text-align: justify\"><em><span style=\"font-weight: 400;font-family: 'book antiqua', palatino, serif\">A comienzos de 1937 el ej\u00e9rcito sublevado, junto a las tropas nazi fascistas italianas y alemanas, emprendieron el ataque para la ocupaci\u00f3n definitiva de la ciudad de M\u00e1laga. Esta ciudad se hab\u00eda convertido en un refugio para muchas personas por ser una de las pocas que se mantuvieron fieles a la Rep\u00fablica. Desde el verano de 1936, todos los fugitivos que hu\u00edan de la masacre que los golpistas estaban llevando a cabo en su avance por las provincias de C\u00e1diz, Huelva, Sevilla y C\u00f3rdoba, se refugiaron en la capital malague\u00f1a, aumentando de forma descontrolada su poblaci\u00f3n. Se habilitaron infraestructuras p\u00fablicas para acoger y dar refugio a todas estas personas que hab\u00edan dejado atr\u00e1s su hogar, y permanecieron all\u00ed hasta que en febrero de 1937 tuvieron que volver a huir. M\u00e1laga se convirti\u00f3 en uno de los principales objetivos militares debido a su importante concentraci\u00f3n de obreros y milicianos y ser uno de los principales puertos andaluces. Los d\u00edas 6 y 7 de febrero la ciudad se encontr\u00f3 rodeada por las tropas fascistas, de tal manera que la \u00fanica v\u00eda libre que le qued\u00f3 a toda esa poblaci\u00f3n para huir era la carretera que llevaba desde M\u00e1laga a Almer\u00eda, la N-340.<\/span><\/em><\/p>\n<p style=\"text-align: center\"><img loading=\"lazy\" decoding=\"async\" class=\"alignnone wp-image-1732 size-full\" src=\"https:\/\/blogsaverroes.juntadeandalucia.es\/nuestrabiblioteca\/files\/2024\/03\/refugiados-catedral-ok.jpg\" alt=\"\" width=\"850\" height=\"616\" srcset=\"https:\/\/blogsaverroes.juntadeandalucia.es\/nuestrabiblioteca\/files\/2024\/03\/refugiados-catedral-ok.jpg 850w, https:\/\/blogsaverroes.juntadeandalucia.es\/nuestrabiblioteca\/files\/2024\/03\/refugiados-catedral-ok-300x217.jpg 300w, https:\/\/blogsaverroes.juntadeandalucia.es\/nuestrabiblioteca\/files\/2024\/03\/refugiados-catedral-ok-768x557.jpg 768w\" sizes=\"(max-width: 850px) 100vw, 850px\" \/><\/p>\n<p style=\"text-align: center\"><span style=\"font-size: 12pt\"><span style=\"font-family: 'book antiqua', palatino, serif\">Cientos de refugiados fueron alojados en la Catedral en condiciones muy malas.<\/span><\/span><\/p>\n<p style=\"text-align: justify\"><em><span style=\"font-weight: 400;font-family: 'book antiqua', palatino, serif\">Los buques y los avione<\/span><\/em><em><span style=\"font-weight: 400;font-family: 'book antiqua', palatino, serif\">s de guerra de las tropas sublevadas, con el apoyo decisivo de alemanes e italianos, bombardearon no solo a efectivos militares, sino sobre todo a la masa de poblaci\u00f3n civil que hu\u00eda por esa carretera. Una carretera de aproximadamente unos 200 kil\u00f3metros que vio a personas correr con maletas, llevando lo poco que les quedaba, echando a la espalda sus vidas, huyendo y dejando atr\u00e1s todo lo que ten\u00edan. Muchas personas mayores agotadas, sin poder avanzar todo lo r\u00e1pido que necesitaban, pero haciendo todo lo posible para proteger su vida. Personas que abandonaron toda esperanza y solo esperaban la muerte. Ni\u00f1os que perdieron de vista a sus padres y no los volvieron a ver, hermanos que tuvieron que separarse, madres que vieron morir a sus beb\u00e9s en su regazo y que no se pudieron parar porque la muerte les persegu\u00eda.<\/span><\/em><\/p>\n<p>\u00a0 \u00a0<img loading=\"lazy\" decoding=\"async\" class=\"alignnone wp-image-1735\" src=\"https:\/\/blogsaverroes.juntadeandalucia.es\/nuestrabiblioteca\/files\/2024\/03\/ancianos-253x300.jpg\" alt=\"\" width=\"222\" height=\"263\" srcset=\"https:\/\/blogsaverroes.juntadeandalucia.es\/nuestrabiblioteca\/files\/2024\/03\/ancianos-253x300.jpg 253w, https:\/\/blogsaverroes.juntadeandalucia.es\/nuestrabiblioteca\/files\/2024\/03\/ancianos.jpg 271w\" sizes=\"(max-width: 222px) 100vw, 222px\" \/>\u00a0 \u00a0<img loading=\"lazy\" decoding=\"async\" class=\"alignnone wp-image-1736\" src=\"https:\/\/blogsaverroes.juntadeandalucia.es\/nuestrabiblioteca\/files\/2024\/03\/mujer-beb\u00e9-300x239.jpg\" alt=\"\" width=\"267\" height=\"212\" srcset=\"https:\/\/blogsaverroes.juntadeandalucia.es\/nuestrabiblioteca\/files\/2024\/03\/mujer-beb\u00e9-300x239.jpg 300w, https:\/\/blogsaverroes.juntadeandalucia.es\/nuestrabiblioteca\/files\/2024\/03\/mujer-beb\u00e9.jpg 315w\" sizes=\"(max-width: 267px) 100vw, 267px\" \/>\u00a0 \u00a0<img loading=\"lazy\" decoding=\"async\" class=\"alignnone wp-image-1737\" src=\"https:\/\/blogsaverroes.juntadeandalucia.es\/nuestrabiblioteca\/files\/2024\/03\/nin\u00f1os-muertos-carretera-300x214.jpg\" alt=\"\" width=\"300\" height=\"214\" srcset=\"https:\/\/blogsaverroes.juntadeandalucia.es\/nuestrabiblioteca\/files\/2024\/03\/nin\u00f1os-muertos-carretera-300x214.jpg 300w, https:\/\/blogsaverroes.juntadeandalucia.es\/nuestrabiblioteca\/files\/2024\/03\/nin\u00f1os-muertos-carretera.jpg 326w\" sizes=\"(max-width: 300px) 100vw, 300px\" \/><\/p>\n<p style=\"text-align: justify\"><em><span style=\"font-family: book antiqua, palatino, serif\">La antigua carretera N-340, una carretera que por un lado tiene el mar Mediterr\u00e1neo y por otra la monta\u00f1a, fue una carretera sin salida para toda aquella gente. Una carretera que fue escenario de una huida, bombardeada por mar, tierra y aire por franquistas, fascistas y nazis, convirti\u00e9ndose en una masacre donde en torno a unas 5000 personas fueron asesinadas, personas inocentes que intentaban escapar del terror inmersos en la fatiga, el dolor y el miedo.<\/span><\/em><\/p>\n<p style=\"text-align: justify\"><em><span style=\"font-family: book antiqua, palatino, serif\">La desembocadura del r\u00edo Guadalfeo fue escenario de uno de los episodios m\u00e1s dram\u00e1ticos. El puente que cruzaba el r\u00edo hab\u00eda sido destruido por los bombardeos y el r\u00edo era lo suficientemente caudaloso como para que estas personas que ya llevaban 100 km andados no se atrevieran a cruzarlo. Se sintieron tan atrapados que finalmente algunos se atrevieron a pasarlo, siendo muchos de ellos (sobre todos ni\u00f1os y personas mayores) arrastrados hacia el mar, donde murieron ahogados. Este suceso fue solo una peque\u00f1a parte del gran genocidio que fue la Desbanda.<\/span><\/em><\/p>\n<p style=\"text-align: justify\"><em><span style=\"font-weight: 400;font-family: 'book antiqua', palatino, serif\">Cuando los miles de fugitivos llegaron a Almer\u00eda, la mayor\u00eda se metieron en almacenes donde ni siquiera se cab\u00eda. Supusieron un problema para las autoridades de la ciudad, ya que no pudo acoger y abastecerlos a todos. Tambi\u00e9n se intentaron alojar en lugares p\u00fablicos y se pidi\u00f3 a los almerienses que refugiaran a los exiliados en sus casas. Sin embargo, debido a la falta de recursos y espacio para tantas personas, muchos tuvieron que ser enviados a otras ciudades alejadas del frente de guerra, especialmente Barcelona y Valencia, en algunos casos siendo incluso transportados en trenes para ganado. <span style=\"font-weight: 400\">Pero no todos emigraron, muchos otros decidieron volver a sus casas, y la cosa no fue mejor. No hab\u00eda suficiente transporte para todos y muchos tuvieron que desandar sus pasos, sucios, hambrientos y cansados. Cuando llegaron a sus pueblos y ciudades lo hicieron con una situaci\u00f3n y condiciones diferentes a las que dejaron atr\u00e1s con su huida. Encontraron sus casas totalmente destruidas u ocupadas, y adem\u00e1s muchas personas fueron encarceladas por ser acusadas de fugitivas, \u00abrojas\u00bb y traidoras, siendo encarceladas e incluso fusiladas sin juicio ni garant\u00edas judiciales. Se calcula que en M\u00e1laga, entre 1937 y 1940 fueron asesinadas unas 20.000 personas, muchas de ellas a\u00fan hoy d\u00eda en fosas (algunas ya desaparecidas) del cementerio de San Rafael.<\/span><\/span><\/em><\/p>\n<p style=\"text-align: justify\"><em><span style=\"font-family: 'book antiqua', palatino, serif\"><span style=\"font-weight: 400\">A sus 20 a\u00f1os <strong>Ana<\/strong><\/span><span style=\"font-weight: 400\">\u00a0est\u00e1 embarazada de 5 meses y tiene una ni\u00f1a llamada <\/span><strong>Teresa<\/strong><span style=\"font-weight: 400\">. Cuando los bombardeos comenzaron, huy\u00f3 junto a <\/span><strong>Antonio<\/strong><span style=\"font-weight: 400\">, de 24 a\u00f1os. Personas corriendo, sin mirar atr\u00e1s. <\/span>Teresa<span style=\"font-weight: 400\"> muri\u00f3, o no, no la volvieron a ver. <\/span>Antonio<span style=\"font-weight: 400\"> fue torturado y asesinado por los golpistas. Y <\/span>Ana <span style=\"font-weight: 400\">se refugi\u00f3 en alg\u00fan lugar durante 6 a\u00f1os, sola.\u00a0<\/span><\/span><\/em><\/p>\n<p style=\"text-align: justify\"><em><span style=\"font-family: 'book antiqua', palatino, serif\"><strong>Anselmo Vilar Garc\u00eda<\/strong><span style=\"font-weight: 400\"> fue el farero de Torre del Mar (M\u00e1laga) el cual, durante las noches de la tragedia que se desarrollaba camino a Almer\u00eda, apag\u00f3 las luces del faro para que los buques y los aviones no alcanzaran a ver los miles de personas que hu\u00edan. Evit\u00f3 una matanza y lo pag\u00f3 caro. D\u00edas m\u00e1s tarde fue fusilado por las tropas franquistas.\u00a0<\/span><\/span><\/em><\/p>\n<p style=\"text-align: justify\"><em><span style=\"font-family: 'book antiqua', palatino, serif\"><strong>Concepci\u00f3n Jim\u00e9nez<\/strong><span style=\"font-weight: 400\"> ten\u00eda solo 4 a\u00f1os cuando huy\u00f3 de M\u00e1laga montada en una carreta empujada por su padre.<\/span><span style=\"font-weight: 400\"> \u00abMe acuerdo del camino. Me acuerdo del sonido de las campanas, de los aviones, de los zambombazos que ca\u00edan en mitad del campo y de la gente corriendo\u00bb.\u00a0<\/span><\/span><\/em><\/p>\n<p style=\"text-align: justify\"><em><span style=\"font-family: 'book antiqua', palatino, serif\"><span style=\"font-weight: 400\">\u00abMe dejaron en la cuneta. Yo no sab\u00eda si hab\u00eda muertos. Hab\u00eda mujeres y ni\u00f1os chicos llorando. Y yo sola en la cuneta\u00bb<\/span><span style=\"font-weight: 400\">, cuenta <\/span><strong>Rosario<\/strong> con<span style=\"font-weight: 400\">\u00a086 a\u00f1os.\u00a0<\/span><\/span><\/em><\/p>\n<p style=\"text-align: justify\"><em><span style=\"font-family: 'book antiqua', palatino, serif\"><strong>Adela Molina<\/strong> recuerda que \u00ab<span style=\"font-weight: 400\">de d\u00eda nos ten\u00edamos que esconder en las ca\u00f1as dulces, de noche segu\u00edamos andando. Porque ten\u00edamos que escondernos de los barcos y de los aviones\u00bb.<\/span><\/span><\/em><\/p>\n<p style=\"text-align: justify\"><em><span style=\"font-family: 'book antiqua', palatino, serif\"><strong>Ana Leiva<\/strong> dice que iban<span style=\"font-weight: 400\"> \u00abpisando muertos, nada m\u00e1s que muertos, ya no nos d\u00e1bamos cuenta de lo que pis\u00e1bamos, solo quer\u00edamos correr \u201c\u00a0<\/span><\/span><\/em><\/p>\n<p style=\"text-align: justify\"><em><span style=\"font-family: 'book antiqua', palatino, serif\"><strong>Consuelo Torres<\/strong> comenta que<span style=\"font-weight: 400\"> \u00abeso fue terrible, ni\u00f1os peque\u00f1itos agonizando, y sus madres cavando un hoyo para enterrarlos. Eso fue terrible\u00bb.<\/span><\/span><\/em><\/p>\n<p>\u00a0 \u00a0 \u00a0 \u00a0 \u00a0 \u00a0 \u00a0 \u00a0 \u00a0 \u00a0 \u00a0 \u00a0<img loading=\"lazy\" decoding=\"async\" class=\"alignnone wp-image-1748\" src=\"https:\/\/blogsaverroes.juntadeandalucia.es\/nuestrabiblioteca\/files\/2024\/03\/Bethune-ayuda-211x300.jpg\" alt=\"\" width=\"256\" height=\"364\" srcset=\"https:\/\/blogsaverroes.juntadeandalucia.es\/nuestrabiblioteca\/files\/2024\/03\/Bethune-ayuda-211x300.jpg 211w, https:\/\/blogsaverroes.juntadeandalucia.es\/nuestrabiblioteca\/files\/2024\/03\/Bethune-ayuda.jpg 221w\" sizes=\"(max-width: 256px) 100vw, 256px\" \/>\u00a0 \u00a0 \u00a0 \u00a0 \u00a0 \u00a0 \u00a0 \u00a0 <img loading=\"lazy\" decoding=\"async\" class=\"alignnone wp-image-1750\" src=\"https:\/\/blogsaverroes.juntadeandalucia.es\/nuestrabiblioteca\/files\/2024\/03\/gente-1.jpg\" alt=\"\" width=\"376\" height=\"364\" \/><\/p>\n<p><img loading=\"lazy\" decoding=\"async\" class=\"alignnone wp-image-1751\" src=\"https:\/\/blogsaverroes.juntadeandalucia.es\/nuestrabiblioteca\/files\/2024\/03\/gente.jpg\" alt=\"\" width=\"341\" height=\"257\" \/>\u00a0 \u00a0 \u00a0 \u00a0 \u00a0 \u00a0 \u00a0 \u00a0 \u00a0\u00a0 <img loading=\"lazy\" decoding=\"async\" class=\"alignnone size-full wp-image-1752\" src=\"https:\/\/blogsaverroes.juntadeandalucia.es\/nuestrabiblioteca\/files\/2024\/03\/ni\u00f1a.jpg\" alt=\"\" width=\"241\" height=\"258\" \/><\/p>\n<p style=\"text-align: justify\"><em><span style=\"font-weight: 400;font-family: 'book antiqua', palatino, serif\">Estos testimonios e historias pertenecen a personas que junto a miles m\u00e1s sufrieron este tr\u00e1gico suceso. Personas que tuvieron que aprender a vivir sin su familia; personas que vieron y soportaron cosas terribles mientras corr\u00edan por salvar su vida; personas que vivieron y han vivido con miedo desde entonces.\u00a0<\/span><\/em><em><span style=\"font-weight: 400;font-family: 'book antiqua', palatino, serif\">En ellos, los que pudieron sobrevivir para contarlo, est\u00e1 la voz de todos aquellos que no lo lograron.<\/span><\/em><\/p>\n<p style=\"text-align: justify\"><em><span style=\"font-weight: 400;font-family: 'book antiqua', palatino, serif\">\u00a0A pesar de la magnitud de esta masacre, sigue siendo un hecho muy desconocido por la poblaci\u00f3n en general, mientras que en diversas ciudades de nuestro pa\u00eds reciben reconocimiento p\u00fablico quienes llevaron a cabo este genocidio indiscriminado:\u00a0<\/span><\/em><\/p>\n<ul style=\"text-align: justify\">\n<li style=\"font-weight: 400\"><em><span style=\"font-weight: 400;font-family: 'book antiqua', palatino, serif\">El Ayuntamiento de Madrid recuper\u00f3 en 2021 el nombre de la calle \u00abCrucero Baleares\u00bb, nombre de uno de los buques que efectuaron los bombardeos. En Motril, en 2023, gracias a la presi\u00f3n popular y de diversas agrupaciones se consigui\u00f3 la retirada del nombre de la Calle Crucero Baleares, el cual bombarde\u00f3 el 8 de febrero de 1937 las localidades de Salobre\u00f1a, Motril y el paso del r\u00edo Guadalfeo. En 2023&#8230;<\/span><\/em><\/li>\n<li style=\"font-weight: 400\"><em><span style=\"font-weight: 400;font-family: 'book antiqua', palatino, serif\">Queipo de Llano, el genocida que orden\u00f3 esta masacre desde Sevilla, hasta hace nada se encontraba enterrado con honores en la Bas\u00edlica de la Macarena (Sevilla), recibiendo su sepultura, junto a la de su mujer, cuidados y atenciones diarias por parte de la comunidad religiosa, haciendo uso de dinero p\u00fablico y de las donaciones de sus fieles.<\/span><\/em><\/li>\n<li style=\"font-weight: 400\"><em><span style=\"font-weight: 400;font-family: 'book antiqua', palatino, serif\">Juan Cervera, Francisco Moreno y Salvador Moreno, responsables directos de los bombardeos, todav\u00eda permanecen enterrados con honores en el Pante\u00f3n de Marinos Ilustres (San Fernando). As\u00ed como Julio Ruiz de Alda y Carlos Haya, aviadores falangistas que dan nombre a conocidos hospitales en Granada y M\u00e1laga.<\/span><\/em><\/li>\n<\/ul>\n<p style=\"text-align: justify\"><em><span style=\"font-weight: 400;font-family: 'book antiqua', palatino, serif\">Es necesario hacer que se recuerden los ca\u00eddos y olvidados de la carretera de M\u00e1laga a Almer\u00eda, y no los autores de este hecho que ha arruinado la vida de tantas personas inocentes.\u00a0<\/span><\/em><\/p>\n<p style=\"text-align: center\"><img loading=\"lazy\" decoding=\"async\" class=\"alignnone wp-image-1742 size-full\" src=\"https:\/\/blogsaverroes.juntadeandalucia.es\/nuestrabiblioteca\/files\/2024\/03\/Crucero-Baleares.jpg\" alt=\"\" width=\"594\" height=\"831\" srcset=\"https:\/\/blogsaverroes.juntadeandalucia.es\/nuestrabiblioteca\/files\/2024\/03\/Crucero-Baleares.jpg 594w, https:\/\/blogsaverroes.juntadeandalucia.es\/nuestrabiblioteca\/files\/2024\/03\/Crucero-Baleares-214x300.jpg 214w\" sizes=\"(max-width: 594px) 100vw, 594px\" \/><\/p>\n<p style=\"text-align: justify\"><em><span style=\"font-family: 'book antiqua', palatino, serif\"><span style=\"font-weight: 400\">Esta carretera, la antigua N-340 que fue testigo de esta masacre, fue llamada \u00abla carretera de la muerte\u00bb por <\/span><strong>Norman Bethune<\/strong><span style=\"font-weight: 400\">, el m\u00e9dico canadiense que fue el h\u00e9roe de \u00abLa Desband\u00e1\u00bb y el \u00e1ngel de la guarda de muchas de las personas que la sufrieron. Bethune hab\u00eda creado el Servicio Canadiense de Trasfusi\u00f3n de Sangre y aplic\u00f3 este sistema en la Guerra de Espa\u00f1a, primero en los frentes de Madrid y despu\u00e9s en Valencia, donde se enter\u00f3 del avance fascista sobre M\u00e1laga y supo de la situaci\u00f3n que estaba viviendo la poblaci\u00f3n civil. Junto a su equipo acudi\u00f3 a en su ayuda con una ambulancia llena de sangre. Durante varios d\u00edas y noches estuvo transportando heridos hasta Almer\u00eda. Mientras tanto su ayudante <strong>Hazen<\/strong><\/span><strong> Sise<\/strong> <span style=\"font-weight: 400\">tom\u00f3 una serie de fotos que se registraron para la posterioridad, siendo la \u00fanica prueba gr\u00e1fica de esta masacre, siendo algunas incluso fuente de inspiraci\u00f3n para una de las escenas de <\/span><span style=\"font-weight: 400\">Guernica de Picasso<\/span><span style=\"font-weight: 400\">. La labor de Bethune durante \u00abLa Desband\u00e1\u00bb fue fundamental. Cuando lleg\u00f3 a Madrid edit\u00f3 en ingl\u00e9s, franc\u00e9s y espa\u00f1ol el libro con las fotograf\u00edas de la masacre bajo el t\u00edtulo \u00ab<\/span><span style=\"font-weight: 400\">El crimen de la carretera M\u00e1laga-Almer\u00eda\u00bb. D<\/span><span style=\"font-weight: 400\">espu\u00e9s viaj\u00f3 a Canad\u00e1 y all\u00ed estuvo recaudando fondos para la Rep\u00fablica. Sin duda este personaje fue un testigo, sobre todo, un h\u00e9roe de aquel genocidio.<\/span><\/span><\/em><\/p>\n<p style=\"text-align: justify\"><img loading=\"lazy\" decoding=\"async\" class=\"wp-image-1749 aligncenter\" src=\"https:\/\/blogsaverroes.juntadeandalucia.es\/nuestrabiblioteca\/files\/2024\/03\/Bethune-y-equipo.jpg\" alt=\"\" width=\"477\" height=\"191\" \/><\/p>\n<p style=\"text-align: left\">\u00a0 \u00a0 \u00a0 \u00a0 \u00a0 \u00a0 \u00a0 \u00a0 \u00a0 \u00a0 \u00a0 \u00a0 \u00a0 \u00a0 \u00a0 \u00a0 \u00a0 \u00a0<img loading=\"lazy\" decoding=\"async\" class=\"alignnone wp-image-1747\" src=\"https:\/\/blogsaverroes.juntadeandalucia.es\/nuestrabiblioteca\/files\/2024\/03\/Bethune-ayuda-1.jpg\" alt=\"\" width=\"320\" height=\"248\" \/>\u00a0 \u00a0 \u00a0 \u00a0 \u00a0 \u00a0 \u00a0 \u00a0 \u00a0 \u00a0 \u00a0 <img loading=\"lazy\" decoding=\"async\" class=\"alignnone wp-image-1748\" src=\"https:\/\/blogsaverroes.juntadeandalucia.es\/nuestrabiblioteca\/files\/2024\/03\/Bethune-ayuda-211x300.jpg\" alt=\"\" width=\"177\" height=\"252\" srcset=\"https:\/\/blogsaverroes.juntadeandalucia.es\/nuestrabiblioteca\/files\/2024\/03\/Bethune-ayuda-211x300.jpg 211w, https:\/\/blogsaverroes.juntadeandalucia.es\/nuestrabiblioteca\/files\/2024\/03\/Bethune-ayuda.jpg 221w\" sizes=\"(max-width: 177px) 100vw, 177px\" \/><\/p>\n<p style=\"text-align: justify\"><em><span style=\"font-weight: 400;font-family: 'book antiqua', palatino, serif\">Todos hemos escuchado hablar del bombardeo de Guernica, sin embargo, \u00abLa Desband\u00e1\u00bb es una parte de la historia reciente de nuestro pa\u00eds que desconoc\u00eda totalmente antes de realizar este trabajo. Y no solo yo, la gran mayor\u00eda de las personas saben muy poco o nada sobre este hecho. Por ejemplo, mi madre, a pesar de haber estudiado una carrera de Historia, ha conocido esta masacre, al igual que yo, con la realizaci\u00f3n de este trabajo.<\/span><\/em><\/p>\n<p style=\"text-align: center\"><img loading=\"lazy\" decoding=\"async\" class=\"alignnone wp-image-1743 size-full\" src=\"https:\/\/blogsaverroes.juntadeandalucia.es\/nuestrabiblioteca\/files\/2024\/03\/mujer-gernika.jpg\" alt=\"\" width=\"493\" height=\"306\" srcset=\"https:\/\/blogsaverroes.juntadeandalucia.es\/nuestrabiblioteca\/files\/2024\/03\/mujer-gernika.jpg 493w, https:\/\/blogsaverroes.juntadeandalucia.es\/nuestrabiblioteca\/files\/2024\/03\/mujer-gernika-300x186.jpg 300w\" sizes=\"(max-width: 493px) 100vw, 493px\" \/><\/p>\n<p style=\"text-align: justify\"><em><span style=\"font-weight: 400;font-family: 'book antiqua', palatino, serif\">El miedo y el terror ha hecho que hayan estado calladas todo este tiempo las personas que sufrieron no s\u00f3lo \u00abLa Desband\u00e1\u00bb y la guerra, sino sobre todo la dur\u00edsima represi\u00f3n franquista posterior, una vez acabado el conflicto y a lo largo de los a\u00f1os 40 y 50, y con menos violencia pero igualmente constante, en las d\u00e9cadas de los 60 y 70. El miedo a ser reprimidas, el miedo a volver a pasar por lo mismo, ese miedo que nunca se ir\u00e1 del todo. La memoria se pierde porque no se transmite, y esto es lo que me ha aportado este trabajo, un poco m\u00e1s de la memoria de nuestro pa\u00eds, de esa memoria que debemos buscar y recordar para as\u00ed poder honrar como se merecen a todas las personas que han pasado por todas esas cosas terribles, a los que se quedaron, y a los que salieron, pero nunca m\u00e1s volvieron a ser los mismos.\u00a0<\/span><\/em><\/p>\n<p style=\"text-align: justify\"><em><span style=\"font-weight: 400;font-family: 'book antiqua', palatino, serif\">Porque esto no solo fue una guerra, fue un genocidio, y es necesario decirlo y sobre todo recordarlo, hablar de que en 1937, la N-340 se convirti\u00f3 en la carretera de la muerte, donde la crueldad del fascismo hizo que le cayeran bombas a una poblaci\u00f3n indefensa que estaban huyendo del terror que este estaba sembrando.<\/span><\/em><\/p>\n<p>&nbsp;<\/p>\n<p style=\"text-align: center\"><strong><em><span style=\"font-family: 'book antiqua', palatino, serif\">\u00bfPOR QU\u00c9 CORREMOS?<\/span><\/em><\/strong><\/p>\n<p style=\"text-align: center\"><em><span style=\"font-family: 'book antiqua', palatino, serif\"><span style=\"font-weight: 400\">No entend\u00eda que ocurr\u00eda, no entend\u00eda porqu\u00e9 mam\u00e1 me sacaba de nuestra casa sin decir nada. Estaba tan asustada\u2026<\/span><\/span><\/em><\/p>\n<p style=\"text-align: center\"><em><span style=\"font-family: 'book antiqua', palatino, serif\"><span style=\"font-weight: 400\">No pude coger a mi mu\u00f1eca, despu\u00e9s aprender\u00eda a echar de menos otras cosas\u2026<\/span><\/span><\/em><\/p>\n<p style=\"text-align: center\"><em><span style=\"font-family: 'book antiqua', palatino, serif\"><span style=\"font-weight: 400\">\u00bfD\u00f3nde estamos?,\u00bfPor qu\u00e9 corremos?<\/span><\/span><\/em><\/p>\n<p style=\"text-align: center\"><em><span style=\"font-family: 'book antiqua', palatino, serif\"><span style=\"font-weight: 400\">A mi lado veo a m\u00e1s ni\u00f1os, nos miramos\u2026 ellos tampoco saben nada.<\/span><\/span><\/em><\/p>\n<p style=\"text-align: center\"><em><span style=\"font-family: 'book antiqua', palatino, serif\"><span style=\"font-weight: 400\">\u00abMam\u00e1 quiero parar, estoy cansada\u00bb, mi madre, con la mirada inundada de terror,<\/span><\/span><\/em><\/p>\n<p style=\"text-align: center\"><em><span style=\"font-family: 'book antiqua', palatino, serif\"><span style=\"font-weight: 400\">me dice que pronto llegaremos, pero, \u00bfa d\u00f3nde?<\/span><\/span><\/em><\/p>\n<p style=\"text-align: center\"><em><span style=\"font-family: 'book antiqua', palatino, serif\"><span style=\"font-weight: 400\">En el cielo hay aviones, caen bombas, \u00bfpor qu\u00e9?,\u00bfqu\u00e9 pasa?,\u00bfa qu\u00e9 estamos jugando?<\/span><\/span><\/em><\/p>\n<p style=\"text-align: center\"><em><span style=\"font-family: 'book antiqua', palatino, serif\"><span style=\"font-weight: 400\">Miro hacia un lado, hay un r\u00edo, oigo gritos y la gente llora\u2026<\/span><\/span><\/em><\/p>\n<p style=\"text-align: center\"><em><span style=\"font-family: 'book antiqua', palatino, serif\"><span style=\"font-weight: 400\">me giro para preguntarle a mam\u00e1, pero, \u00bfd\u00f3nde est\u00e1?<\/span><\/span><\/em><\/p>\n<p style=\"text-align: center\"><em><span style=\"font-family: 'book antiqua', palatino, serif\"><span style=\"font-weight: 400\">Mam\u00e1 se ha ido, seguro que estar\u00e1 buscando mi mu\u00f1eca, pronto volver\u00e1 conmigo\u2026<\/span><\/span><\/em><\/p>\n<p>&nbsp;<\/p>\n<p style=\"text-align: center\"><em><span style=\"font-weight: 400;font-family: 'book antiqua', palatino, serif\"><img loading=\"lazy\" decoding=\"async\" class=\"alignnone wp-image-1744 size-full\" src=\"https:\/\/blogsaverroes.juntadeandalucia.es\/nuestrabiblioteca\/files\/2024\/03\/616vVsQ7HkL._AC_UF8941000_QL80_.jpg\" alt=\"\" width=\"677\" height=\"1000\" srcset=\"https:\/\/blogsaverroes.juntadeandalucia.es\/nuestrabiblioteca\/files\/2024\/03\/616vVsQ7HkL._AC_UF8941000_QL80_.jpg 677w, https:\/\/blogsaverroes.juntadeandalucia.es\/nuestrabiblioteca\/files\/2024\/03\/616vVsQ7HkL._AC_UF8941000_QL80_-203x300.jpg 203w\" sizes=\"(max-width: 677px) 100vw, 677px\" \/><\/span><\/em><\/p>\n<p style=\"text-align: center\"><span style=\"font-weight: 400;font-family: 'book antiqua', palatino, serif\">\u00a0Dibujo de Mar\u00eda Rosa Ar\u00e1nega.<\/span><\/p>\n<p style=\"text-align: right\"><em><strong><span style=\"font-family: 'book antiqua', palatino, serif\">CARMEN HUERTAS VEGA<\/span><\/strong><\/em><\/p>\n<p style=\"text-align: right\"><em><strong><span style=\"font-family: 'book antiqua', palatino, serif\">1\u00ba de Bachillerato-B<\/span><\/strong><\/em><\/p>\n","protected":false},"excerpt":{"rendered":"<p>\u00abImaginaos ciento cincuenta mil hombres, mujeres y ni\u00f1os que huyen en busca de refugio hacia una ciudad situada a cerca de doscientos kil\u00f3metros de distancia. No hay&#46;&#46;&#46;<\/p>\n","protected":false},"author":12026,"featured_media":1730,"comment_status":"closed","ping_status":"closed","sticky":false,"template":"","format":"standard","meta":{"ngg_post_thumbnail":0,"footnotes":""},"categories":[57],"tags":[76],"aioseo_notices":[],"_links":{"self":[{"href":"https:\/\/blogsaverroes.juntadeandalucia.es\/nuestrabiblioteca\/wp-json\/wp\/v2\/posts\/1728"}],"collection":[{"href":"https:\/\/blogsaverroes.juntadeandalucia.es\/nuestrabiblioteca\/wp-json\/wp\/v2\/posts"}],"about":[{"href":"https:\/\/blogsaverroes.juntadeandalucia.es\/nuestrabiblioteca\/wp-json\/wp\/v2\/types\/post"}],"author":[{"embeddable":true,"href":"https:\/\/blogsaverroes.juntadeandalucia.es\/nuestrabiblioteca\/wp-json\/wp\/v2\/users\/12026"}],"replies":[{"embeddable":true,"href":"https:\/\/blogsaverroes.juntadeandalucia.es\/nuestrabiblioteca\/wp-json\/wp\/v2\/comments?post=1728"}],"version-history":[{"count":12,"href":"https:\/\/blogsaverroes.juntadeandalucia.es\/nuestrabiblioteca\/wp-json\/wp\/v2\/posts\/1728\/revisions"}],"predecessor-version":[{"id":1754,"href":"https:\/\/blogsaverroes.juntadeandalucia.es\/nuestrabiblioteca\/wp-json\/wp\/v2\/posts\/1728\/revisions\/1754"}],"wp:featuredmedia":[{"embeddable":true,"href":"https:\/\/blogsaverroes.juntadeandalucia.es\/nuestrabiblioteca\/wp-json\/wp\/v2\/media\/1730"}],"wp:attachment":[{"href":"https:\/\/blogsaverroes.juntadeandalucia.es\/nuestrabiblioteca\/wp-json\/wp\/v2\/media?parent=1728"}],"wp:term":[{"taxonomy":"category","embeddable":true,"href":"https:\/\/blogsaverroes.juntadeandalucia.es\/nuestrabiblioteca\/wp-json\/wp\/v2\/categories?post=1728"},{"taxonomy":"post_tag","embeddable":true,"href":"https:\/\/blogsaverroes.juntadeandalucia.es\/nuestrabiblioteca\/wp-json\/wp\/v2\/tags?post=1728"}],"curies":[{"name":"wp","href":"https:\/\/api.w.org\/{rel}","templated":true}]}}