{"id":471,"date":"2021-02-13T19:01:11","date_gmt":"2021-02-13T19:01:11","guid":{"rendered":"https:\/\/blogsaverroes.juntadeandalucia.es\/nuestrabiblioteca\/?p=471"},"modified":"2025-10-14T17:45:26","modified_gmt":"2025-10-14T17:45:26","slug":"booktrailer-la-leccion-de-august","status":"publish","type":"post","link":"https:\/\/blogsaverroes.juntadeandalucia.es\/nuestrabiblioteca\/2021\/02\/13\/booktrailer-la-leccion-de-august\/","title":{"rendered":"BOOKTRAILER \u00abLA LECCI\u00d3N DE AUGUST\u00bb"},"content":{"rendered":"<p>&nbsp;<\/p>\n<p><img loading=\"lazy\" decoding=\"async\" class=\"alignnone size-full wp-image-475\" src=\"https:\/\/blogsaverroes.juntadeandalucia.es\/nuestrabiblioteca\/files\/2021\/02\/LA-LECCI\u00d3N-DE-AUGUST.jpg\" alt=\"\" width=\"259\" height=\"195\"><\/p>\n<p><span style=\"color: #00ffff\"><strong><span style=\"font-size: 18pt\">BOOKTRAILER&nbsp; \u00abLA LECCI\u00d3N DE AUGUST\u00bb<\/span><\/strong><\/span><\/p>\n<p>MERCEDES VALENZUELA CRUZ, PROFESORA DE LENGUA CASTELLANA Y LITERATURA.<\/p>\n<p>En 2\u00ba ESO A el alumnado ha realizado varias tareas sobre la lectura obligatoria del trimestre:<\/p>\n<ol>\n<li>Una infograf\u00eda.<\/li>\n<li>Una rese\u00f1a para el Concurso \u00abMi libro preferido\u00bb.<\/li>\n<li>Un booktrailer del libro.<\/li>\n<\/ol>\n<p>Os dejo en esta entrada, algunas muestras de los <span style=\"color: #0000ff\">\u00abbooktrailer\u00bb.<\/span><\/p>\n<p><span style=\"color: #ff00ff;font-size: 18pt\">Roc\u00edo Hern\u00e1ndez Torres:<\/span><\/p>\n<div style=\"width: 1920px;\" class=\"wp-video\"><!--[if lt IE 9]><script>document.createElement('video');<\/script><![endif]-->\n<video class=\"wp-video-shortcode\" id=\"video-471-1\" width=\"1920\" height=\"1080\" preload=\"metadata\" controls=\"controls\"><source type=\"video\/mp4\" src=\"https:\/\/blogsaverroes.juntadeandalucia.es\/nuestrabiblioteca\/files\/2021\/02\/VID-20210211-WA0016-1.mp4?_=1\" \/><a href=\"https:\/\/blogsaverroes.juntadeandalucia.es\/nuestrabiblioteca\/files\/2021\/02\/VID-20210211-WA0016-1.mp4\">https:\/\/blogsaverroes.juntadeandalucia.es\/nuestrabiblioteca\/files\/2021\/02\/VID-20210211-WA0016-1.mp4<\/a><\/video><\/div>\n<p><span style=\"color: #ff00ff;font-size: 18pt\">FRANCISCO HERN\u00c1NDEZ TORRES<\/span><\/p>\n<div style=\"width: 1440px;\" class=\"wp-video\"><video class=\"wp-video-shortcode\" id=\"video-471-2\" width=\"1440\" height=\"1088\" preload=\"metadata\" controls=\"controls\"><source type=\"video\/mp4\" src=\"https:\/\/blogsaverroes.juntadeandalucia.es\/nuestrabiblioteca\/files\/2021\/02\/StarVlogs_Video_1613083769750_1080HD.mp4?_=2\" \/><a href=\"https:\/\/blogsaverroes.juntadeandalucia.es\/nuestrabiblioteca\/files\/2021\/02\/StarVlogs_Video_1613083769750_1080HD.mp4\">https:\/\/blogsaverroes.juntadeandalucia.es\/nuestrabiblioteca\/files\/2021\/02\/StarVlogs_Video_1613083769750_1080HD.mp4<\/a><\/video><\/div>\n<p><span style=\"color: #ff00ff;font-size: 18pt\">V\u00cdCTOR JOS\u00c9 R\u00cdOS EGEA:<\/span><\/p>\n<p>&nbsp;<\/p>\n<div style=\"width: 1920px;\" class=\"wp-video\"><video class=\"wp-video-shortcode\" id=\"video-471-3\" width=\"1920\" height=\"1080\" preload=\"metadata\" controls=\"controls\"><source type=\"video\/mp4\" src=\"https:\/\/blogsaverroes.juntadeandalucia.es\/nuestrabiblioteca\/files\/2021\/02\/My-Movie.mp4?_=3\" \/><a href=\"https:\/\/blogsaverroes.juntadeandalucia.es\/nuestrabiblioteca\/files\/2021\/02\/My-Movie.mp4\">https:\/\/blogsaverroes.juntadeandalucia.es\/nuestrabiblioteca\/files\/2021\/02\/My-Movie.mp4<\/a><\/video><\/div>\n<p>&nbsp;<\/p>\n<p><span style=\"color: #ff00ff;font-size: 18pt\">HUGO V\u00cdLCHEZ RAM\u00cdREZ:&nbsp;<\/span><\/p>\n<p><a href=\"https:\/\/blogsaverroes.juntadeandalucia.es\/nuestrabiblioteca\/files\/2021\/02\/LA-LECCI\u00d3N-DE-AUGUST_BOOKTRAILER.-12-feb-2021-11_24.mov\">LA LECCI\u00d3N DE AUGUST_BOOKTRAILER. (12 feb 2021 11_24)<\/a><\/p>\n<p>&nbsp;<\/p>\n<p>&nbsp;<\/p>\n<p>&nbsp;<\/p>\n","protected":false},"excerpt":{"rendered":"<p>&nbsp; BOOKTRAILER&nbsp; \u00abLA LECCI\u00d3N DE AUGUST\u00bb MERCEDES VALENZUELA CRUZ, PROFESORA DE LENGUA CASTELLANA Y LITERATURA. En 2\u00ba ESO A el alumnado ha realizado varias tareas sobre la&#46;&#46;&#46;<\/p>\n","protected":false},"author":11090,"featured_media":475,"comment_status":"closed","ping_status":"open","sticky":false,"template":"","format":"video","meta":{"ngg_post_thumbnail":0,"footnotes":""},"categories":[101,32],"tags":[],"aioseo_notices":[],"_links":{"self":[{"href":"https:\/\/blogsaverroes.juntadeandalucia.es\/nuestrabiblioteca\/wp-json\/wp\/v2\/posts\/471"}],"collection":[{"href":"https:\/\/blogsaverroes.juntadeandalucia.es\/nuestrabiblioteca\/wp-json\/wp\/v2\/posts"}],"about":[{"href":"https:\/\/blogsaverroes.juntadeandalucia.es\/nuestrabiblioteca\/wp-json\/wp\/v2\/types\/post"}],"author":[{"embeddable":true,"href":"https:\/\/blogsaverroes.juntadeandalucia.es\/nuestrabiblioteca\/wp-json\/wp\/v2\/users\/11090"}],"replies":[{"embeddable":true,"href":"https:\/\/blogsaverroes.juntadeandalucia.es\/nuestrabiblioteca\/wp-json\/wp\/v2\/comments?post=471"}],"version-history":[{"count":4,"href":"https:\/\/blogsaverroes.juntadeandalucia.es\/nuestrabiblioteca\/wp-json\/wp\/v2\/posts\/471\/revisions"}],"predecessor-version":[{"id":2030,"href":"https:\/\/blogsaverroes.juntadeandalucia.es\/nuestrabiblioteca\/wp-json\/wp\/v2\/posts\/471\/revisions\/2030"}],"wp:featuredmedia":[{"embeddable":true,"href":"https:\/\/blogsaverroes.juntadeandalucia.es\/nuestrabiblioteca\/wp-json\/wp\/v2\/media\/475"}],"wp:attachment":[{"href":"https:\/\/blogsaverroes.juntadeandalucia.es\/nuestrabiblioteca\/wp-json\/wp\/v2\/media?parent=471"}],"wp:term":[{"taxonomy":"category","embeddable":true,"href":"https:\/\/blogsaverroes.juntadeandalucia.es\/nuestrabiblioteca\/wp-json\/wp\/v2\/categories?post=471"},{"taxonomy":"post_tag","embeddable":true,"href":"https:\/\/blogsaverroes.juntadeandalucia.es\/nuestrabiblioteca\/wp-json\/wp\/v2\/tags?post=471"}],"curies":[{"name":"wp","href":"https:\/\/api.w.org\/{rel}","templated":true}]}}