{"id":1763,"date":"2025-10-24T12:00:18","date_gmt":"2025-10-24T11:00:18","guid":{"rendered":"https:\/\/blogsaverroes.juntadeandalucia.es\/olivardequinto\/?p=1763"},"modified":"2025-10-24T08:23:49","modified_gmt":"2025-10-24T07:23:49","slug":"plan-director-con-la-policia","status":"publish","type":"post","link":"https:\/\/blogsaverroes.juntadeandalucia.es\/olivardequinto\/plan-director-con-la-policia\/","title":{"rendered":"PLAN DIRECTOR CON LA POLIC\u00cdA"},"content":{"rendered":"<p>El pasado jueves 23 de octubre se comenz\u00f3 en el Colegio el curso de Ciberexpert@ con la Polic\u00eda Nacional.<\/p>\n<p>Este curso, para el alumnado de 6\u00ba de Primaria, est\u00e1 enmarcado dentro del &#8220;Plan Director para la Convivencia y Mejora de la Seguridad en los Centros Educativos y sus Entornos&#8221; e impartido por la Polic\u00eda Nacional.<\/p>\n<p>A principios de curso, tanto nuestra AMPA &#8220;el Olivar&#8221; como el Centro, solicitamos a la Polic\u00eda Nacional el &#8220;Plan Director&#8221; que consiste en diferentes charlas-cursos:<\/p>\n<ul>\n<li>Charla al alumnado de 5\u00ba de Primaria sobre riesgos de internet.<\/li>\n<li>Curso de &#8220;Ciberexpert@&#8221; al alumnado de 6\u00ba sobre riesgos de internet, ciberacoso, violencia de g\u00e9nero,&#8230; recordando lo que deben hacer.<\/li>\n<li>Charla a las familias de tercer ciclo sobre responsabilidad civil que tienen sobre los actos de sus hijos, riesgos de internet,&#8230;<\/li>\n<\/ul>\n<p style=\"text-align: center\"><img decoding=\"async\" class=\"alignnone wp-image-1764\" src=\"https:\/\/blogsaverroes.juntadeandalucia.es\/olivardequinto\/files\/2025\/01\/poli-clase-alumnos-300x225.jpg\" alt=\"\" width=\"227\" height=\"170\" srcset=\"https:\/\/blogsaverroes.juntadeandalucia.es\/olivardequinto\/files\/2025\/01\/poli-clase-alumnos-300x225.jpg 300w, https:\/\/blogsaverroes.juntadeandalucia.es\/olivardequinto\/files\/2025\/01\/poli-clase-alumnos.jpg 640w\" sizes=\"(max-width: 227px) 100vw, 227px\" \/>&nbsp; &nbsp; <img fetchpriority=\"high\" decoding=\"async\" class=\"alignnone size-medium wp-image-1765\" src=\"https:\/\/blogsaverroes.juntadeandalucia.es\/olivardequinto\/files\/2025\/01\/poli-padres-300x169.jpg\" alt=\"\" width=\"300\" height=\"169\" srcset=\"https:\/\/blogsaverroes.juntadeandalucia.es\/olivardequinto\/files\/2025\/01\/poli-padres-300x169.jpg 300w, https:\/\/blogsaverroes.juntadeandalucia.es\/olivardequinto\/files\/2025\/01\/poli-padres.jpg 640w\" sizes=\"(max-width: 300px) 100vw, 300px\" \/><\/p>\n<p>Este Plan se realiza todos los a\u00f1os y el alumnado aprende a reaccionar ante los riesgos de internet y otros peligros de la sociedad.<\/p>\n<p>Como novedad de este a\u00f1o, las familias pudieron asistir a la primera reuni\u00f3n de ciberexperto y a la reuni\u00f3n de 5\u00ba celebradas el jueves 23 junto con el alumnado.<\/p>\n<p><a href=\"https:\/\/blogsaverroes.juntadeandalucia.es\/olivardequinto\/files\/2025\/01\/ciberexperto_folleto.pdf\" target=\"_blank\" rel=\"noopener\">Folleto ciberexpert@<\/a><\/p>\n<p><a href=\"https:\/\/blogsaverroes.juntadeandalucia.es\/olivardequinto\/files\/2025\/01\/Diptico.PlanDirector.familias.pdf\" target=\"_blank\" rel=\"noopener\">Folleto PlanDirector<\/a><\/p>\n","protected":false},"excerpt":{"rendered":"<p>El pasado jueves 23 de octubre se comenz\u00f3 en el Colegio el curso de Ciberexpert@ con la Polic\u00eda Nacional. Este curso, para el alumnado de 6\u00ba de Primaria, est\u00e1 enmarcado dentro del &#8220;Plan Director&#46;&#46;&#46;<\/p>\n","protected":false},"author":17320,"featured_media":1768,"comment_status":"closed","ping_status":"open","sticky":false,"template":"","format":"standard","meta":{"ngg_post_thumbnail":0,"footnotes":""},"categories":[3],"tags":[],"aioseo_notices":[],"_links":{"self":[{"href":"https:\/\/blogsaverroes.juntadeandalucia.es\/olivardequinto\/wp-json\/wp\/v2\/posts\/1763"}],"collection":[{"href":"https:\/\/blogsaverroes.juntadeandalucia.es\/olivardequinto\/wp-json\/wp\/v2\/posts"}],"about":[{"href":"https:\/\/blogsaverroes.juntadeandalucia.es\/olivardequinto\/wp-json\/wp\/v2\/types\/post"}],"author":[{"embeddable":true,"href":"https:\/\/blogsaverroes.juntadeandalucia.es\/olivardequinto\/wp-json\/wp\/v2\/users\/17320"}],"replies":[{"embeddable":true,"href":"https:\/\/blogsaverroes.juntadeandalucia.es\/olivardequinto\/wp-json\/wp\/v2\/comments?post=1763"}],"version-history":[{"count":2,"href":"https:\/\/blogsaverroes.juntadeandalucia.es\/olivardequinto\/wp-json\/wp\/v2\/posts\/1763\/revisions"}],"predecessor-version":[{"id":1900,"href":"https:\/\/blogsaverroes.juntadeandalucia.es\/olivardequinto\/wp-json\/wp\/v2\/posts\/1763\/revisions\/1900"}],"wp:featuredmedia":[{"embeddable":true,"href":"https:\/\/blogsaverroes.juntadeandalucia.es\/olivardequinto\/wp-json\/wp\/v2\/media\/1768"}],"wp:attachment":[{"href":"https:\/\/blogsaverroes.juntadeandalucia.es\/olivardequinto\/wp-json\/wp\/v2\/media?parent=1763"}],"wp:term":[{"taxonomy":"category","embeddable":true,"href":"https:\/\/blogsaverroes.juntadeandalucia.es\/olivardequinto\/wp-json\/wp\/v2\/categories?post=1763"},{"taxonomy":"post_tag","embeddable":true,"href":"https:\/\/blogsaverroes.juntadeandalucia.es\/olivardequinto\/wp-json\/wp\/v2\/tags?post=1763"}],"curies":[{"name":"wp","href":"https:\/\/api.w.org\/{rel}","templated":true}]}}