{"id":466,"date":"2021-03-25T11:42:18","date_gmt":"2021-03-25T10:42:18","guid":{"rendered":"https:\/\/blogsaverroes.juntadeandalucia.es\/olivoplc\/?p=466"},"modified":"2021-04-07T11:00:36","modified_gmt":"2021-04-07T09:00:36","slug":"textos-literarios-segundo-ciclo","status":"publish","type":"post","link":"https:\/\/blogsaverroes.juntadeandalucia.es\/olivoplc\/textos-literarios-segundo-ciclo\/","title":{"rendered":"Textos literarios &#8211; Segundo ciclo"},"content":{"rendered":"<p><img loading=\"lazy\" decoding=\"async\" class=\"wp-image-467 size-full aligncenter\" src=\"https:\/\/blogsaverroes.juntadeandalucia.es\/olivoplc\/files\/2021\/03\/Literarios-segundo-ciclo.png\" alt=\"\" width=\"500\" height=\"200\" srcset=\"https:\/\/blogsaverroes.juntadeandalucia.es\/olivoplc\/files\/2021\/03\/Literarios-segundo-ciclo.png 500w, https:\/\/blogsaverroes.juntadeandalucia.es\/olivoplc\/files\/2021\/03\/Literarios-segundo-ciclo-300x120.png 300w, https:\/\/blogsaverroes.juntadeandalucia.es\/olivoplc\/files\/2021\/03\/Literarios-segundo-ciclo-332x133.png 332w\" sizes=\"(max-width: 500px) 100vw, 500px\" \/><\/p>\n<table style=\"border-collapse: collapse;width: 100%\">\n<tbody>\n<tr>\n<td style=\"width: 50%\">\n<h4>Cuentos:<\/h4>\n<p><a href=\"https:\/\/blogsaverroes.juntadeandalucia.es\/olivoplc\/files\/2021\/03\/Amigos-Tercero.pdf\" target=\"_blank\" rel=\"noopener noreferrer\">Dos amigos &#8211; 3\u00ba<\/a><\/p>\n<p><a href=\"https:\/\/blogsaverroes.juntadeandalucia.es\/olivoplc\/files\/2021\/03\/Perla-maravillosa-Tercero.pdf\" target=\"_blank\" rel=\"noopener noreferrer\">La perla maravillosa &#8211; 3\u00ba<\/a><\/p>\n<p><span style=\"color: #ff6600\"><a style=\"color: #ff6600\" href=\"https:\/\/blogsaverroes.juntadeandalucia.es\/olivoplc\/files\/2021\/03\/Dragon-Regadera-Cuarto.pdf\" target=\"_blank\" rel=\"noopener noreferrer\">Drag\u00f3n regadera &#8211; 4\u00ba<\/a><\/span><\/p>\n<p><a href=\"https:\/\/blogsaverroes.juntadeandalucia.es\/olivoplc\/files\/2021\/03\/El-viejo-caballo-Cuarto.pdf\" target=\"_blank\" rel=\"noopener noreferrer\">El viejo caballo &#8211; 4\u00ba<\/a><\/p>\n<p><a href=\"https:\/\/blogsaverroes.juntadeandalucia.es\/olivoplc\/files\/2021\/03\/Rey-Gaspar-Cuarto.pdf\" target=\"_blank\" rel=\"noopener noreferrer\">Lo que lleva el rey &#8211; 4\u00ba<\/a><\/p>\n<p><a href=\"https:\/\/blogsaverroes.juntadeandalucia.es\/olivoplc\/files\/2021\/03\/Musicos-Bremen.pdf\" target=\"_blank\" rel=\"noopener noreferrer\">Los m\u00fasicos de Bremen<\/a><\/p>\n<p><a href=\"https:\/\/blogsaverroes.juntadeandalucia.es\/olivoplc\/files\/2021\/03\/Ostra-perdio-perla.pdf\" target=\"_blank\" rel=\"noopener noreferrer\">La ostra que perdi\u00f3 su perla<\/a><\/td>\n<td style=\"width: 50%\">\n<h4>Poes\u00edas:<\/h4>\n<p><a href=\"https:\/\/blogsaverroes.juntadeandalucia.es\/olivoplc\/files\/2021\/03\/Dibujar-paisaje-Tercero.pdf\" target=\"_blank\" rel=\"noopener noreferrer\"><span style=\"color: #ff6600\">C\u00f3mo se dibuja un paisaje (Gloria Fuertes) &#8211; 3\u00ba<\/span><\/a><\/p>\n<p><a href=\"https:\/\/blogsaverroes.juntadeandalucia.es\/olivoplc\/files\/2021\/03\/Arbole-Tercero.pdf\" target=\"_blank\" rel=\"noopener noreferrer\">Arbol\u00e9 arbol\u00e9 &#8211; 3\u00ba<\/a><\/p>\n<p><a href=\"https:\/\/blogsaverroes.juntadeandalucia.es\/olivoplc\/files\/2021\/03\/Lagarto-llorando-Tercero.pdf\" target=\"_blank\" rel=\"noopener noreferrer\">El lagarto est\u00e1 llorando &#8211; 3\u00ba<\/a><\/p>\n<p><a href=\"https:\/\/blogsaverroes.juntadeandalucia.es\/olivoplc\/files\/2021\/03\/Mananicas-Tercero.pdf\" target=\"_blank\" rel=\"noopener noreferrer\">Las ma\u00f1anitas &#8211; 3\u00ba<\/a><\/p>\n<p><a href=\"https:\/\/blogsaverroes.juntadeandalucia.es\/olivoplc\/files\/2021\/03\/Oscuras-golondrinas-Cuarto.pdf\" target=\"_blank\" rel=\"noopener noreferrer\">Volver\u00e1n las oscuras golondrinas &#8211; 4\u00ba<\/a><\/p>\n<p><a href=\"https:\/\/blogsaverroes.juntadeandalucia.es\/olivoplc\/files\/2021\/03\/Doncella-guerrera-Cuarto.pdf\" target=\"_blank\" rel=\"noopener noreferrer\">La doncella guerrera &#8211; 4\u00ba<\/a><\/p>\n<p><a href=\"https:\/\/blogsaverroes.juntadeandalucia.es\/olivoplc\/files\/2021\/03\/Erase-una-vez.pdf\" target=\"_blank\" rel=\"noopener noreferrer\">\u00c9rase una vez<\/a><\/p>\n<p>&nbsp;<\/td>\n<\/tr>\n<tr>\n<td style=\"width: 50%\">\n<h4>Narraciones:<\/h4>\n<p><a href=\"https:\/\/blogsaverroes.juntadeandalucia.es\/olivoplc\/files\/2021\/03\/Alicia-maravillas-Tercero.pdf\" target=\"_blank\" rel=\"noopener noreferrer\">Alicia en el pa\u00eds de las maravillas &#8211; 3\u00ba<\/a><\/p>\n<p><a href=\"https:\/\/blogsaverroes.juntadeandalucia.es\/olivoplc\/files\/2021\/03\/Dos-amigos-Tercero.pdf\" target=\"_blank\" rel=\"noopener noreferrer\">Dos amigos &#8211; 3\u00ba<\/a><\/p>\n<p><span style=\"color: #ff6600\"><a style=\"color: #ff6600\" href=\"https:\/\/blogsaverroes.juntadeandalucia.es\/olivoplc\/files\/2021\/03\/Alquimista.pdf\" target=\"_blank\" rel=\"noopener noreferrer\">Pr\u00f3logo de \u00abEl Alquimista\u00bb &#8211; 4\u00ba<\/a><\/span><\/p>\n<p><a href=\"https:\/\/blogsaverroes.juntadeandalucia.es\/olivoplc\/files\/2021\/03\/Comprador-gratitud.pdf\" target=\"_blank\" rel=\"noopener noreferrer\">El comprador de gratitud &#8211; 4\u00ba<\/a><\/p>\n<p><span style=\"color: #ff6600\"><a style=\"color: #ff6600\" href=\"https:\/\/blogsaverroes.juntadeandalucia.es\/olivoplc\/files\/2021\/03\/La-isla-del-Tesoro.pdf\" target=\"_blank\" rel=\"noopener noreferrer\">La isla del tesoro<\/a><\/span><\/p>\n<p><span style=\"color: #ff6600\"><a style=\"color: #ff6600\" href=\"https:\/\/blogsaverroes.juntadeandalucia.es\/olivoplc\/files\/2021\/03\/Romulo-Remo.pdf\" target=\"_blank\" rel=\"noopener noreferrer\">R\u00f3mulo y Remo (Audio)<\/a><\/span><\/td>\n<td style=\"width: 50%\">\n<h4>Canciones:<\/h4>\n<p><a href=\"https:\/\/blogsaverroes.juntadeandalucia.es\/olivoplc\/files\/2021\/03\/Elefante-paloma-Tercero.pdf\" target=\"_blank\" rel=\"noopener noreferrer\">Elefantes y paloma &#8211; 3\u00ba<\/a><\/p>\n<p><a href=\"https:\/\/blogsaverroes.juntadeandalucia.es\/olivoplc\/files\/2021\/03\/Cancion-primaveral-Cuarto.pdf\" target=\"_blank\" rel=\"noopener noreferrer\">Canci\u00f3n primaveral &#8211; 4\u00ba<\/a><\/p>\n<p><a href=\"https:\/\/blogsaverroes.juntadeandalucia.es\/olivoplc\/files\/2021\/03\/Tiene-la-tarara-Cuarto.pdf\" target=\"_blank\" rel=\"noopener noreferrer\">Tiene la Tarara &#8211; 4\u00ba<\/a><\/p>\n<p><a href=\"https:\/\/blogsaverroes.juntadeandalucia.es\/olivoplc\/files\/2021\/03\/Tradicion-literaria-Cuarto.pdf\" target=\"_blank\" rel=\"noopener noreferrer\">Tradici\u00f3n literaria &#8211; 4\u00ba<\/a><\/p>\n<p><span style=\"color: #ff6600\"><a style=\"color: #ff6600\" href=\"https:\/\/blogsaverroes.juntadeandalucia.es\/olivoplc\/files\/2021\/03\/Vino-amargo-Cuarto.pdf\" target=\"_blank\" rel=\"noopener noreferrer\">Vino amargo &#8211; 4\u00ba<\/a><\/span><\/p>\n<p><a href=\"https:\/\/blogsaverroes.juntadeandalucia.es\/olivoplc\/files\/2021\/03\/Contar-mentiras.pdf\" target=\"_blank\" rel=\"noopener noreferrer\">Vamos a contar mentiras<\/a><\/p>\n<p><a href=\"https:\/\/blogsaverroes.juntadeandalucia.es\/olivoplc\/files\/2021\/03\/Erase-una-vez-1.pdf\" target=\"_blank\" rel=\"noopener noreferrer\">\u00c9rase una vez&#8230;<\/a><\/td>\n<\/tr>\n<tr>\n<td style=\"width: 50%\">\n<h4>Adivinanzas:<\/h4>\n<p><a href=\"https:\/\/blogsaverroes.juntadeandalucia.es\/olivoplc\/files\/2021\/03\/Adivinanzas-1-a-10-Tercero.pdf\" target=\"_blank\" rel=\"noopener noreferrer\">Del 1 al 10 &#8211; 3\u00ba<\/a><\/p>\n<p><a href=\"https:\/\/blogsaverroes.juntadeandalucia.es\/olivoplc\/files\/2021\/03\/Adivinanzas-11-a-25-Tercero.pdf\" target=\"_blank\" rel=\"noopener noreferrer\">Del 11 al 25 &#8211; 3\u00ba<\/a><\/p>\n<p><a href=\"https:\/\/blogsaverroes.juntadeandalucia.es\/olivoplc\/files\/2021\/03\/Adivinanzas-26-a-40-Cuarto.pdf\" target=\"_blank\" rel=\"noopener noreferrer\">Del 26 al 40 &#8211; 4\u00ba<\/a><\/p>\n<p><a href=\"https:\/\/blogsaverroes.juntadeandalucia.es\/olivoplc\/files\/2021\/03\/Adivinanzas-41-al-50.pdf\" target=\"_blank\" rel=\"noopener noreferrer\">Del 41 al 50 &#8211; 3\u00ba y 4\u00ba<\/a><\/p>\n<p><a href=\"https:\/\/blogsaverroes.juntadeandalucia.es\/olivoplc\/files\/2021\/03\/Adivinanzas-Objetos.pdf\" target=\"_blank\" rel=\"noopener noreferrer\">De objetos &#8211; 3\u00ba y 4\u00ba<\/a><\/p>\n<p><a href=\"https:\/\/blogsaverroes.juntadeandalucia.es\/olivoplc\/files\/2021\/03\/Adivinanzas-Cuarto.pdf\" target=\"_blank\" rel=\"noopener noreferrer\">Adivinanzas para 4\u00ba<\/a><\/td>\n<td style=\"width: 50%\">\n<h4>C\u00f3mics:<\/h4>\n<p><a href=\"https:\/\/blogsaverroes.juntadeandalucia.es\/olivoplc\/files\/2021\/03\/Quijote-Tercero.pdf\" target=\"_blank\" rel=\"noopener noreferrer\">El Quijote &#8211; 3\u00ba<\/a><\/p>\n<p><a href=\"https:\/\/blogsaverroes.juntadeandalucia.es\/olivoplc\/files\/2021\/03\/Tio-rico-Tercero.pdf\" target=\"_blank\" rel=\"noopener noreferrer\">T\u00edo rico &#8211; 3\u00ba<\/a><\/p>\n<p><span style=\"color: #ff6600\"><a style=\"color: #ff6600\" href=\"https:\/\/blogsaverroes.juntadeandalucia.es\/olivoplc\/files\/2021\/03\/Quijote-comic-Cuarto.pdf\" target=\"_blank\" rel=\"noopener noreferrer\">Don Quijote (Audio) &#8211; 4\u00ba<\/a><\/span><\/p>\n<p><a href=\"https:\/\/blogsaverroes.juntadeandalucia.es\/olivoplc\/files\/2021\/03\/Super-Lopez-Cuarto.pdf\" target=\"_blank\" rel=\"noopener noreferrer\">S\u00faper L\u00f3pez &#8211; 4\u00ba<\/a><\/p>\n<p><a href=\"https:\/\/blogsaverroes.juntadeandalucia.es\/olivoplc\/files\/2021\/03\/Alicia-Comic.pdf\" target=\"_blank\" rel=\"noopener noreferrer\">Alicia en el pa\u00eds de las maravillas<\/a><\/p>\n<p><a href=\"https:\/\/blogsaverroes.juntadeandalucia.es\/olivoplc\/files\/2021\/03\/Mortadelo.pdf\" target=\"_blank\" rel=\"noopener noreferrer\">Mortadelo y Filem\u00f3n<\/a><\/td>\n<\/tr>\n<tr>\n<td style=\"width: 50%\">\n<h4>Teatro:<\/h4>\n<p><a href=\"https:\/\/blogsaverroes.juntadeandalucia.es\/olivoplc\/files\/2021\/03\/Lucas-y-vendedor-Tercero.pdf\" target=\"_blank\" rel=\"noopener noreferrer\">Lucas y el vendedor &#8211; 3\u00ba<\/a><\/p>\n<p><a href=\"https:\/\/blogsaverroes.juntadeandalucia.es\/olivoplc\/files\/2021\/03\/No-gusta-cara-Tercero.pdf\" target=\"_blank\" rel=\"noopener noreferrer\">No me gusta mi cara &#8211; 3\u00ba<\/a><\/p>\n<p><a href=\"https:\/\/blogsaverroes.juntadeandalucia.es\/olivoplc\/files\/2021\/03\/Vacaciones-familiares-Tercero.pdf\" target=\"_blank\" rel=\"noopener noreferrer\">Unas vacaciones familiares &#8211; 3\u00ba<\/a><\/p>\n<p><a href=\"https:\/\/blogsaverroes.juntadeandalucia.es\/olivoplc\/files\/2021\/03\/Ganas-de-renir-Cuarto.pdf\" target=\"_blank\" rel=\"noopener noreferrer\">Ganas de re\u00f1ir (fragmento) &#8211; 4\u00ba<\/a><\/p>\n<p><a href=\"https:\/\/blogsaverroes.juntadeandalucia.es\/olivoplc\/files\/2021\/03\/Ladron-palabras-Cuarto.pdf\" target=\"_blank\" rel=\"noopener noreferrer\">El ladr\u00f3n de palabras &#8211; 4\u00ba<\/a><\/p>\n<p><a href=\"https:\/\/blogsaverroes.juntadeandalucia.es\/olivoplc\/files\/2021\/03\/Caperucita.pdf\" target=\"_blank\" rel=\"noopener noreferrer\">Caperucita Roja<\/a><\/td>\n<td style=\"width: 50%\">&nbsp;<\/td>\n<\/tr>\n<\/tbody>\n<\/table>\n<h4>Enlaces para saber m\u00e1s:<\/h4>\n<table style=\"border-collapse: collapse;width: 100%\">\n<tbody>\n<tr>\n<td style=\"width: 50%\">Sobre los hermanos Grimm<\/p>\n<p><a href=\"https:\/\/historia.nationalgeographic.com.es\/a\/hermanos-grimm-coleccionistas-cuentos_13190\" target=\"_blank\" rel=\"noopener noreferrer\"><img loading=\"lazy\" decoding=\"async\" class=\"alignnone wp-image-483\" src=\"https:\/\/blogsaverroes.juntadeandalucia.es\/olivoplc\/files\/2021\/03\/Grimm-300x300.png\" alt=\"\" width=\"200\" height=\"200\" srcset=\"https:\/\/blogsaverroes.juntadeandalucia.es\/olivoplc\/files\/2021\/03\/Grimm-300x300.png 300w, https:\/\/blogsaverroes.juntadeandalucia.es\/olivoplc\/files\/2021\/03\/Grimm-150x150.png 150w, https:\/\/blogsaverroes.juntadeandalucia.es\/olivoplc\/files\/2021\/03\/Grimm-332x332.png 332w, https:\/\/blogsaverroes.juntadeandalucia.es\/olivoplc\/files\/2021\/03\/Grimm-432x432.png 432w, https:\/\/blogsaverroes.juntadeandalucia.es\/olivoplc\/files\/2021\/03\/Grimm-268x268.png 268w, https:\/\/blogsaverroes.juntadeandalucia.es\/olivoplc\/files\/2021\/03\/Grimm-50x50.png 50w, https:\/\/blogsaverroes.juntadeandalucia.es\/olivoplc\/files\/2021\/03\/Grimm.png 500w\" sizes=\"(max-width: 200px) 100vw, 200px\" \/><\/a><\/td>\n<td style=\"width: 50%\">Sobre Lewis Carroll<\/p>\n<p><a href=\"https:\/\/www.biografiasyvidas.com\/biografia\/c\/carroll.htm\" target=\"_blank\" rel=\"noopener noreferrer\"><img loading=\"lazy\" decoding=\"async\" class=\"alignnone wp-image-505\" src=\"https:\/\/blogsaverroes.juntadeandalucia.es\/olivoplc\/files\/2021\/03\/Lewis-300x300.png\" alt=\"\" width=\"200\" height=\"200\" srcset=\"https:\/\/blogsaverroes.juntadeandalucia.es\/olivoplc\/files\/2021\/03\/Lewis-300x300.png 300w, https:\/\/blogsaverroes.juntadeandalucia.es\/olivoplc\/files\/2021\/03\/Lewis-150x150.png 150w, https:\/\/blogsaverroes.juntadeandalucia.es\/olivoplc\/files\/2021\/03\/Lewis-332x332.png 332w, https:\/\/blogsaverroes.juntadeandalucia.es\/olivoplc\/files\/2021\/03\/Lewis-432x432.png 432w, https:\/\/blogsaverroes.juntadeandalucia.es\/olivoplc\/files\/2021\/03\/Lewis-268x268.png 268w, https:\/\/blogsaverroes.juntadeandalucia.es\/olivoplc\/files\/2021\/03\/Lewis-50x50.png 50w, https:\/\/blogsaverroes.juntadeandalucia.es\/olivoplc\/files\/2021\/03\/Lewis.png 500w\" sizes=\"(max-width: 200px) 100vw, 200px\" \/><\/a><\/td>\n<\/tr>\n<tr>\n<td style=\"width: 50%\">Sobre Federico Garc\u00eda Lorca<\/p>\n<p><a href=\"http:\/\/www.cervantesvirtual.com\/portales\/federico_garcia_lorca\/biografia\/\" target=\"_blank\" rel=\"noopener noreferrer\"><img loading=\"lazy\" decoding=\"async\" class=\"alignnone wp-image-514\" src=\"https:\/\/blogsaverroes.juntadeandalucia.es\/olivoplc\/files\/2021\/03\/Garcia-Lorca-300x300.png\" alt=\"\" width=\"200\" height=\"200\" srcset=\"https:\/\/blogsaverroes.juntadeandalucia.es\/olivoplc\/files\/2021\/03\/Garcia-Lorca-300x300.png 300w, https:\/\/blogsaverroes.juntadeandalucia.es\/olivoplc\/files\/2021\/03\/Garcia-Lorca-150x150.png 150w, https:\/\/blogsaverroes.juntadeandalucia.es\/olivoplc\/files\/2021\/03\/Garcia-Lorca-332x332.png 332w, https:\/\/blogsaverroes.juntadeandalucia.es\/olivoplc\/files\/2021\/03\/Garcia-Lorca-432x432.png 432w, https:\/\/blogsaverroes.juntadeandalucia.es\/olivoplc\/files\/2021\/03\/Garcia-Lorca-268x268.png 268w, https:\/\/blogsaverroes.juntadeandalucia.es\/olivoplc\/files\/2021\/03\/Garcia-Lorca-50x50.png 50w, https:\/\/blogsaverroes.juntadeandalucia.es\/olivoplc\/files\/2021\/03\/Garcia-Lorca.png 500w\" sizes=\"(max-width: 200px) 100vw, 200px\" \/><\/a><\/td>\n<td style=\"width: 50%\">Sobre Francisco Ib\u00e1\u00f1ez<\/p>\n<p><a href=\"https:\/\/historia.nationalgeographic.com.es\/a\/francisco-ibanez-maestro-humor_16188\" target=\"_blank\" rel=\"noopener noreferrer\"><img loading=\"lazy\" decoding=\"async\" class=\"alignnone wp-image-490\" src=\"https:\/\/blogsaverroes.juntadeandalucia.es\/olivoplc\/files\/2021\/03\/Ibanez-300x300.png\" alt=\"\" width=\"200\" height=\"200\" srcset=\"https:\/\/blogsaverroes.juntadeandalucia.es\/olivoplc\/files\/2021\/03\/Ibanez-300x300.png 300w, https:\/\/blogsaverroes.juntadeandalucia.es\/olivoplc\/files\/2021\/03\/Ibanez-150x150.png 150w, https:\/\/blogsaverroes.juntadeandalucia.es\/olivoplc\/files\/2021\/03\/Ibanez-332x332.png 332w, https:\/\/blogsaverroes.juntadeandalucia.es\/olivoplc\/files\/2021\/03\/Ibanez-432x432.png 432w, https:\/\/blogsaverroes.juntadeandalucia.es\/olivoplc\/files\/2021\/03\/Ibanez-268x268.png 268w, https:\/\/blogsaverroes.juntadeandalucia.es\/olivoplc\/files\/2021\/03\/Ibanez-50x50.png 50w, https:\/\/blogsaverroes.juntadeandalucia.es\/olivoplc\/files\/2021\/03\/Ibanez.png 500w\" sizes=\"(max-width: 200px) 100vw, 200px\" \/><\/a><\/td>\n<\/tr>\n<\/tbody>\n<\/table>\n<h4>Enlaces directos:<\/h4>\n<table style=\"border-collapse: collapse;width: 100%\">\n<tbody>\n<tr>\n<td style=\"width: 33.333333333333336%\"><a href=\"https:\/\/blogsaverroes.juntadeandalucia.es\/olivoplc\/textos-literarios-segundo-ciclo\/\"><img loading=\"lazy\" decoding=\"async\" class=\"alignnone wp-image-467 size-medium\" src=\"https:\/\/blogsaverroes.juntadeandalucia.es\/olivoplc\/files\/2021\/03\/Literarios-segundo-ciclo-300x120.png\" alt=\"\" width=\"300\" height=\"120\" srcset=\"https:\/\/blogsaverroes.juntadeandalucia.es\/olivoplc\/files\/2021\/03\/Literarios-segundo-ciclo-300x120.png 300w, https:\/\/blogsaverroes.juntadeandalucia.es\/olivoplc\/files\/2021\/03\/Literarios-segundo-ciclo-332x133.png 332w, https:\/\/blogsaverroes.juntadeandalucia.es\/olivoplc\/files\/2021\/03\/Literarios-segundo-ciclo.png 500w\" sizes=\"(max-width: 300px) 100vw, 300px\" \/><\/a><\/td>\n<td style=\"width: 33.333333333333336%\"><a href=\"https:\/\/blogsaverroes.juntadeandalucia.es\/olivoplc\/textos-descriptivos\/\"><img loading=\"lazy\" decoding=\"async\" class=\"alignnone wp-image-475 size-medium\" src=\"https:\/\/blogsaverroes.juntadeandalucia.es\/olivoplc\/files\/2021\/03\/Descriptivos-segundo-ciclo-300x120.png\" alt=\"\" width=\"300\" height=\"120\" srcset=\"https:\/\/blogsaverroes.juntadeandalucia.es\/olivoplc\/files\/2021\/03\/Descriptivos-segundo-ciclo-300x120.png 300w, https:\/\/blogsaverroes.juntadeandalucia.es\/olivoplc\/files\/2021\/03\/Descriptivos-segundo-ciclo-332x133.png 332w, https:\/\/blogsaverroes.juntadeandalucia.es\/olivoplc\/files\/2021\/03\/Descriptivos-segundo-ciclo.png 500w\" sizes=\"(max-width: 300px) 100vw, 300px\" \/><\/a><\/td>\n<td style=\"width: 33.333333333333336%\"><a href=\"https:\/\/blogsaverroes.juntadeandalucia.es\/olivoplc\/textos-discontinuos-segundo-ciclo\/\"><img loading=\"lazy\" decoding=\"async\" class=\"alignnone wp-image-497 size-medium\" src=\"https:\/\/blogsaverroes.juntadeandalucia.es\/olivoplc\/files\/2021\/03\/Discontinuos-segundo-ciclo-300x120.png\" alt=\"\" width=\"300\" height=\"120\" srcset=\"https:\/\/blogsaverroes.juntadeandalucia.es\/olivoplc\/files\/2021\/03\/Discontinuos-segundo-ciclo-300x120.png 300w, https:\/\/blogsaverroes.juntadeandalucia.es\/olivoplc\/files\/2021\/03\/Discontinuos-segundo-ciclo-332x133.png 332w, https:\/\/blogsaverroes.juntadeandalucia.es\/olivoplc\/files\/2021\/03\/Discontinuos-segundo-ciclo.png 500w\" sizes=\"(max-width: 300px) 100vw, 300px\" \/><\/a><\/td>\n<\/tr>\n<tr>\n<td style=\"width: 33.333333333333336%\"><a href=\"https:\/\/blogsaverroes.juntadeandalucia.es\/olivoplc\/textos-dialogados-segundo-ciclo\/\"><img loading=\"lazy\" decoding=\"async\" class=\"alignnone wp-image-498 size-medium\" src=\"https:\/\/blogsaverroes.juntadeandalucia.es\/olivoplc\/files\/2021\/03\/Dialogados-segundo-ciclo-300x120.png\" alt=\"\" width=\"300\" height=\"120\" srcset=\"https:\/\/blogsaverroes.juntadeandalucia.es\/olivoplc\/files\/2021\/03\/Dialogados-segundo-ciclo-300x120.png 300w, https:\/\/blogsaverroes.juntadeandalucia.es\/olivoplc\/files\/2021\/03\/Dialogados-segundo-ciclo-332x133.png 332w, https:\/\/blogsaverroes.juntadeandalucia.es\/olivoplc\/files\/2021\/03\/Dialogados-segundo-ciclo.png 500w\" sizes=\"(max-width: 300px) 100vw, 300px\" \/><\/a><\/td>\n<td style=\"width: 33.333333333333336%\"><a href=\"https:\/\/blogsaverroes.juntadeandalucia.es\/olivoplc\/texto-explicativos-segundo-ciclo\/\"><img loading=\"lazy\" decoding=\"async\" class=\"alignnone wp-image-499 size-medium\" src=\"https:\/\/blogsaverroes.juntadeandalucia.es\/olivoplc\/files\/2021\/03\/Explicativos-segundo-ciclo-300x120.png\" alt=\"\" width=\"300\" height=\"120\" srcset=\"https:\/\/blogsaverroes.juntadeandalucia.es\/olivoplc\/files\/2021\/03\/Explicativos-segundo-ciclo-300x120.png 300w, https:\/\/blogsaverroes.juntadeandalucia.es\/olivoplc\/files\/2021\/03\/Explicativos-segundo-ciclo-332x133.png 332w, https:\/\/blogsaverroes.juntadeandalucia.es\/olivoplc\/files\/2021\/03\/Explicativos-segundo-ciclo.png 500w\" sizes=\"(max-width: 300px) 100vw, 300px\" \/><\/a><\/td>\n<td style=\"width: 33.333333333333336%\"><a href=\"https:\/\/blogsaverroes.juntadeandalucia.es\/olivoplc\/textos-informativos-segundo-ciclo\/\"><img loading=\"lazy\" decoding=\"async\" class=\"alignnone wp-image-500 size-medium\" src=\"https:\/\/blogsaverroes.juntadeandalucia.es\/olivoplc\/files\/2021\/03\/Informativos-segundo-ciclo-300x120.png\" alt=\"\" width=\"300\" height=\"120\" srcset=\"https:\/\/blogsaverroes.juntadeandalucia.es\/olivoplc\/files\/2021\/03\/Informativos-segundo-ciclo-300x120.png 300w, https:\/\/blogsaverroes.juntadeandalucia.es\/olivoplc\/files\/2021\/03\/Informativos-segundo-ciclo-332x133.png 332w, https:\/\/blogsaverroes.juntadeandalucia.es\/olivoplc\/files\/2021\/03\/Informativos-segundo-ciclo.png 500w\" sizes=\"(max-width: 300px) 100vw, 300px\" \/><\/a><\/td>\n<\/tr>\n<tr>\n<td style=\"width: 33.333333333333336%\"><a href=\"https:\/\/blogsaverroes.juntadeandalucia.es\/olivoplc\/textos-prescriptivos-segundo-ciclo\/\"><img loading=\"lazy\" decoding=\"async\" class=\"alignnone wp-image-501 size-medium\" src=\"https:\/\/blogsaverroes.juntadeandalucia.es\/olivoplc\/files\/2021\/03\/Prescriptivos-segundo-ciclo-300x120.png\" alt=\"\" width=\"300\" height=\"120\" srcset=\"https:\/\/blogsaverroes.juntadeandalucia.es\/olivoplc\/files\/2021\/03\/Prescriptivos-segundo-ciclo-300x120.png 300w, https:\/\/blogsaverroes.juntadeandalucia.es\/olivoplc\/files\/2021\/03\/Prescriptivos-segundo-ciclo-332x133.png 332w, https:\/\/blogsaverroes.juntadeandalucia.es\/olivoplc\/files\/2021\/03\/Prescriptivos-segundo-ciclo.png 500w\" sizes=\"(max-width: 300px) 100vw, 300px\" \/><\/a><\/td>\n<td style=\"width: 33.333333333333336%\">&nbsp;<\/td>\n<td style=\"width: 33.333333333333336%\">&nbsp;<\/td>\n<\/tr>\n<\/tbody>\n<\/table>\n","protected":false},"excerpt":{"rendered":"<p>Cuentos: Dos amigos &#8211; 3\u00ba La perla maravillosa &#8211; 3\u00ba Drag\u00f3n regadera &#8211; 4\u00ba El viejo caballo &#8211; 4\u00ba Lo que lleva el rey &#8211; 4\u00ba Los m\u00fasicos de Bremen La ostra que perdi\u00f3 su perla Poes\u00edas: C\u00f3mo se dibuja un paisaje (Gloria Fuertes) &#8211; 3\u00ba Arbol\u00e9 arbol\u00e9 &#8211; 3\u00ba El lagarto est\u00e1 llorando &#8211; &hellip; <a href=\"https:\/\/blogsaverroes.juntadeandalucia.es\/olivoplc\/textos-literarios-segundo-ciclo\/\" class=\"more-link\">Sigue leyendo <span class=\"screen-reader-text\">Textos literarios &#8211; Segundo ciclo<\/span><\/a><\/p>\n","protected":false},"author":6073,"featured_media":467,"comment_status":"closed","ping_status":"open","sticky":false,"template":"","format":"standard","meta":{"ngg_post_thumbnail":0,"footnotes":""},"categories":[31],"tags":[28],"aioseo_notices":[],"_links":{"self":[{"href":"https:\/\/blogsaverroes.juntadeandalucia.es\/olivoplc\/wp-json\/wp\/v2\/posts\/466"}],"collection":[{"href":"https:\/\/blogsaverroes.juntadeandalucia.es\/olivoplc\/wp-json\/wp\/v2\/posts"}],"about":[{"href":"https:\/\/blogsaverroes.juntadeandalucia.es\/olivoplc\/wp-json\/wp\/v2\/types\/post"}],"author":[{"embeddable":true,"href":"https:\/\/blogsaverroes.juntadeandalucia.es\/olivoplc\/wp-json\/wp\/v2\/users\/6073"}],"replies":[{"embeddable":true,"href":"https:\/\/blogsaverroes.juntadeandalucia.es\/olivoplc\/wp-json\/wp\/v2\/comments?post=466"}],"version-history":[{"count":20,"href":"https:\/\/blogsaverroes.juntadeandalucia.es\/olivoplc\/wp-json\/wp\/v2\/posts\/466\/revisions"}],"predecessor-version":[{"id":1752,"href":"https:\/\/blogsaverroes.juntadeandalucia.es\/olivoplc\/wp-json\/wp\/v2\/posts\/466\/revisions\/1752"}],"wp:featuredmedia":[{"embeddable":true,"href":"https:\/\/blogsaverroes.juntadeandalucia.es\/olivoplc\/wp-json\/wp\/v2\/media\/467"}],"wp:attachment":[{"href":"https:\/\/blogsaverroes.juntadeandalucia.es\/olivoplc\/wp-json\/wp\/v2\/media?parent=466"}],"wp:term":[{"taxonomy":"category","embeddable":true,"href":"https:\/\/blogsaverroes.juntadeandalucia.es\/olivoplc\/wp-json\/wp\/v2\/categories?post=466"},{"taxonomy":"post_tag","embeddable":true,"href":"https:\/\/blogsaverroes.juntadeandalucia.es\/olivoplc\/wp-json\/wp\/v2\/tags?post=466"}],"curies":[{"name":"wp","href":"https:\/\/api.w.org\/{rel}","templated":true}]}}