{"id":400,"date":"2024-01-10T19:35:39","date_gmt":"2024-01-10T18:35:39","guid":{"rendered":"https:\/\/blogsaverroes.juntadeandalucia.es\/omelocuentas\/?p=400"},"modified":"2024-01-10T19:36:35","modified_gmt":"2024-01-10T18:36:35","slug":"series-y-sagas","status":"publish","type":"post","link":"https:\/\/blogsaverroes.juntadeandalucia.es\/omelocuentas\/series-y-sagas\/","title":{"rendered":"Series y sagas"},"content":{"rendered":"<p>Sobre pel\u00edculas y libros se ha debatido mucho:<\/p>\n<blockquote><p>\u00bfEs mejor el libro o la pel\u00edcula?&nbsp;<\/p><\/blockquote>\n<p>El caso es que, si queremos llegar a una soluci\u00f3n de compromiso, nos daremos cuenta de que estos dos medios de expresi\u00f3n art\u00edstica son diferentes y que, realmente, cada uno tiene sus ventajas y sus inconvenientes. Es m\u00e1s, muchos opinan que es equivocado medir la calidad de una pel\u00edcula basada en una obra literaria (el caso contrario es menos frecuente, pero tambi\u00e9n lo hay) por su fidelidad a esta, ya que no tienen necesariamente que transmitir las mismas sensaciones ni del mismo modo. Es m\u00e1s, muchas veces nos muestran esa relaci\u00f3n y decimos&#8230; \u00ab\u00a1Ah! \u00bfPero hab\u00eda un libro de esto?\u00bb<\/p>\n<blockquote><p>\u00bfConoces casos en los que la pel\u00edcula se aparta totalmente de la obra literaria de la que parte?<\/p>\n<p>\u00bfTe ha pasado eso de \u00abah, no sab\u00eda que hab\u00eda libro\u00bb?<\/p><\/blockquote>\n<p><!--more--><\/p>\n<p>Hoy en d\u00eda, con la proliferaci\u00f3n de series en televisi\u00f3n y plataformas audiovisuales, son las \u00absagas\u00bb o secuencia de libros inspirados en un personaje o un mundo completo<em>.<\/em><\/p>\n<blockquote><p>\u00bfConoces alguna serie o conjunto de pel\u00edculas inspiradas en una saga de novelas?&nbsp;<\/p><\/blockquote>\n<p>Hoy queremos recomendar la lectura de un libro del que tenemos varios ejemplares en nuestra biblioteca, que ha dado lugar a la serie <a href=\"https:\/\/www.filmaffinity.com\/es\/film342630.html\" target=\"_blank\" rel=\"noopener noreferrer\">\u00abAnne with an E\u00bb<\/a> y que comienza con <a href=\"https:\/\/es.wikipedia.org\/wiki\/Ana_la_de_Tejas_Verdes\" target=\"_blank\" rel=\"noopener noreferrer\"><em>Ana de las Tejas Verdes<\/em><\/a>. El almeriense <a href=\"https:\/\/www.rtve.es\/noticias\/20201103\/antonio-lorente-ilustra-ana-tejas-verdes-novela-pionera-del-empoderamiento-femenino\/2051800.shtml\" target=\"_blank\" rel=\"noopener noreferrer\">Antonio Lorente ha ilustrado una versi\u00f3n en 2020<\/a> que evoca a esta protagonista, que, en la pantalla, encarna la joven<a href=\"https:\/\/www.filmaffinity.com\/es\/name.php?name-id=397668730\" target=\"_blank\" rel=\"noopener noreferrer\"> Amybeth McNulty<\/a>, quien tambi\u00e9n aparece en la \u00faltima temporada de la famosa serie \u00abStranger Things\u00bb<\/p>\n<blockquote><p>Por cierto&#8230; \u00bfqu\u00e9 relaci\u00f3n guarda con los libros esta \u00faltima serie? \u00bfHay libro de la serie? \u00bfSe inspira en un libro?&nbsp;<\/p><\/blockquote>\n<p>Aqu\u00ed os dejamos una foto de la estanter\u00eda donde aparece la novela bien colocadita alfab\u00e9ticamente por el nombre de su autora (Lucy Maud Montgomery) y muuuuchos temas para comentar en clase o en casa. \u00a1Esperamos vuestros comentarios!&nbsp;<\/p>\n","protected":false},"excerpt":{"rendered":"<p>Sobre pel\u00edculas y libros se ha debatido mucho: \u00bfEs mejor el libro o la pel\u00edcula?&nbsp; El caso es que, si queremos llegar a una soluci\u00f3n de compromiso, nos daremos cuenta de que estos dos medios de expresi\u00f3n art\u00edstica son diferentes y que, realmente, cada uno tiene sus ventajas y sus inconvenientes. Es m\u00e1s, muchos opinan &hellip; <a href=\"https:\/\/blogsaverroes.juntadeandalucia.es\/omelocuentas\/series-y-sagas\/\" class=\"more-link\">Continuar leyendo<span class=\"screen-reader-text\"> \u00abSeries y sagas\u00bb<\/span><\/a><\/p>\n","protected":false},"author":10446,"featured_media":401,"comment_status":"open","ping_status":"closed","sticky":false,"template":"","format":"standard","meta":{"ngg_post_thumbnail":0,"footnotes":""},"categories":[1],"tags":[30,25],"aioseo_notices":[],"post_mailing_queue_ids":[],"_links":{"self":[{"href":"https:\/\/blogsaverroes.juntadeandalucia.es\/omelocuentas\/wp-json\/wp\/v2\/posts\/400"}],"collection":[{"href":"https:\/\/blogsaverroes.juntadeandalucia.es\/omelocuentas\/wp-json\/wp\/v2\/posts"}],"about":[{"href":"https:\/\/blogsaverroes.juntadeandalucia.es\/omelocuentas\/wp-json\/wp\/v2\/types\/post"}],"author":[{"embeddable":true,"href":"https:\/\/blogsaverroes.juntadeandalucia.es\/omelocuentas\/wp-json\/wp\/v2\/users\/10446"}],"replies":[{"embeddable":true,"href":"https:\/\/blogsaverroes.juntadeandalucia.es\/omelocuentas\/wp-json\/wp\/v2\/comments?post=400"}],"version-history":[{"count":2,"href":"https:\/\/blogsaverroes.juntadeandalucia.es\/omelocuentas\/wp-json\/wp\/v2\/posts\/400\/revisions"}],"predecessor-version":[{"id":403,"href":"https:\/\/blogsaverroes.juntadeandalucia.es\/omelocuentas\/wp-json\/wp\/v2\/posts\/400\/revisions\/403"}],"wp:featuredmedia":[{"embeddable":true,"href":"https:\/\/blogsaverroes.juntadeandalucia.es\/omelocuentas\/wp-json\/wp\/v2\/media\/401"}],"wp:attachment":[{"href":"https:\/\/blogsaverroes.juntadeandalucia.es\/omelocuentas\/wp-json\/wp\/v2\/media?parent=400"}],"wp:term":[{"taxonomy":"category","embeddable":true,"href":"https:\/\/blogsaverroes.juntadeandalucia.es\/omelocuentas\/wp-json\/wp\/v2\/categories?post=400"},{"taxonomy":"post_tag","embeddable":true,"href":"https:\/\/blogsaverroes.juntadeandalucia.es\/omelocuentas\/wp-json\/wp\/v2\/tags?post=400"}],"curies":[{"name":"wp","href":"https:\/\/api.w.org\/{rel}","templated":true}]}}