{"id":104,"date":"2021-11-25T07:56:56","date_gmt":"2021-11-25T07:56:56","guid":{"rendered":"https:\/\/blogsaverroes.juntadeandalucia.es\/ordenacionalmeria\/?p=104"},"modified":"2021-11-26T11:55:32","modified_gmt":"2021-11-26T11:55:32","slug":"programa-conred-andalucia","status":"publish","type":"post","link":"https:\/\/blogsaverroes.juntadeandalucia.es\/ordenacionalmeria\/2021\/11\/25\/programa-conred-andalucia\/","title":{"rendered":"Programa ConRed Andaluc\u00eda"},"content":{"rendered":"<div>&nbsp;<\/div>\n<div>Se ha publicado la Resoluci\u00f3n del 17 de noviembre de 2021 de la Direcci\u00f3n General de Atenci\u00f3n a la Diversidad , Participaci\u00f3n y Convivencia Escolar por la que se establece el procedimiento para participar en el Progr<img loading=\"lazy\" decoding=\"async\" class=\"wp-image-105 alignleft\" src=\"https:\/\/blogsaverroes.juntadeandalucia.es\/ordenacionalmeria\/files\/2021\/11\/PortadaGRAL_CONRED-300x212.jpg\" alt=\"\" width=\"170\" height=\"120\" srcset=\"https:\/\/blogsaverroes.juntadeandalucia.es\/ordenacionalmeria\/files\/2021\/11\/PortadaGRAL_CONRED-300x212.jpg 300w, https:\/\/blogsaverroes.juntadeandalucia.es\/ordenacionalmeria\/files\/2021\/11\/PortadaGRAL_CONRED.jpg 400w\" sizes=\"(max-width: 170px) 100vw, 170px\" \/>ama <b>ConRed Andaluc\u00eda <\/b>para la prevenci\u00f3n del&nbsp;<b>acoso escolar y el ciberacoso en entornos educativos<\/b> dirigido a los centros docentes de primaria y secundaria sostenidos con fondos p\u00fablicos durante el curso escolar 2021\/2022, contando con asesoramiento y formaci\u00f3n espec\u00edfica a trav\u00e9s del aula virtual de formaci\u00f3n del profesorado.<\/div>\n<div><a href=\"https:\/\/www.juntadeandalucia.es\/educacion\/portals\/delegate\/content\/112ec2d1-66c7-4c70-b07f-5b6d25969f68\/Resoluci%C3%B3n%20ConRed%2021\/22\" target=\"_blank\" rel=\"noopener noreferrer\">Acceso a la Resoluci\u00f3n<\/a><\/div>\n","protected":false},"excerpt":{"rendered":"<p>&nbsp; Se ha publicado la Resoluci\u00f3n del 17 de noviembre de 2021 de la Direcci\u00f3n General de Atenci\u00f3n a la Diversidad , Participaci\u00f3n y Convivencia Escolar por la que se establece el procedimiento para&#46;&#46;&#46;<\/p>\n","protected":false},"author":1269,"featured_media":105,"comment_status":"closed","ping_status":"open","sticky":false,"template":"","format":"standard","meta":{"ngg_post_thumbnail":0,"footnotes":""},"categories":[11],"tags":[],"aioseo_notices":[],"_links":{"self":[{"href":"https:\/\/blogsaverroes.juntadeandalucia.es\/ordenacionalmeria\/wp-json\/wp\/v2\/posts\/104"}],"collection":[{"href":"https:\/\/blogsaverroes.juntadeandalucia.es\/ordenacionalmeria\/wp-json\/wp\/v2\/posts"}],"about":[{"href":"https:\/\/blogsaverroes.juntadeandalucia.es\/ordenacionalmeria\/wp-json\/wp\/v2\/types\/post"}],"author":[{"embeddable":true,"href":"https:\/\/blogsaverroes.juntadeandalucia.es\/ordenacionalmeria\/wp-json\/wp\/v2\/users\/1269"}],"replies":[{"embeddable":true,"href":"https:\/\/blogsaverroes.juntadeandalucia.es\/ordenacionalmeria\/wp-json\/wp\/v2\/comments?post=104"}],"version-history":[{"count":4,"href":"https:\/\/blogsaverroes.juntadeandalucia.es\/ordenacionalmeria\/wp-json\/wp\/v2\/posts\/104\/revisions"}],"predecessor-version":[{"id":112,"href":"https:\/\/blogsaverroes.juntadeandalucia.es\/ordenacionalmeria\/wp-json\/wp\/v2\/posts\/104\/revisions\/112"}],"wp:featuredmedia":[{"embeddable":true,"href":"https:\/\/blogsaverroes.juntadeandalucia.es\/ordenacionalmeria\/wp-json\/wp\/v2\/media\/105"}],"wp:attachment":[{"href":"https:\/\/blogsaverroes.juntadeandalucia.es\/ordenacionalmeria\/wp-json\/wp\/v2\/media?parent=104"}],"wp:term":[{"taxonomy":"category","embeddable":true,"href":"https:\/\/blogsaverroes.juntadeandalucia.es\/ordenacionalmeria\/wp-json\/wp\/v2\/categories?post=104"},{"taxonomy":"post_tag","embeddable":true,"href":"https:\/\/blogsaverroes.juntadeandalucia.es\/ordenacionalmeria\/wp-json\/wp\/v2\/tags?post=104"}],"curies":[{"name":"wp","href":"https:\/\/api.w.org\/{rel}","templated":true}]}}