{"id":228,"date":"2023-02-21T07:25:07","date_gmt":"2023-02-21T07:25:07","guid":{"rendered":"https:\/\/blogsaverroes.juntadeandalucia.es\/ordenacionalmeria\/?p=228"},"modified":"2023-02-21T08:02:28","modified_gmt":"2023-02-21T08:02:28","slug":"entrega-de-los-premios-joaquin-guichot-y-antonio-dominguez-ortiz","status":"publish","type":"post","link":"https:\/\/blogsaverroes.juntadeandalucia.es\/ordenacionalmeria\/2023\/02\/21\/entrega-de-los-premios-joaquin-guichot-y-antonio-dominguez-ortiz\/","title":{"rendered":"Entrega de los premios Joaqu\u00edn Guichot y Antonio Dom\u00ednguez Ortiz"},"content":{"rendered":"<p>&nbsp;<\/p>\n<p>Los Premios Joaqu\u00edn Guichot y Antonio Dom\u00ednguez Ortiz reconocen nueve proyectos de investigaci\u00f3n e innovaci\u00f3n del profesorado en el \u00e1mbito de las STEAM y la digitalizaci\u00f3n. La entrega de galardones ha tenido lugar en Mancha Real, Ja\u00e9n.<\/p>\n<p>Estos premios tienen una doble aspiraci\u00f3n: reconocer aquello que se hace muy bien en las aulas en materia de investigaci\u00f3n e innovaci\u00f3n educativa y, difundir el trabajo m\u00e1s all\u00e1 del centro donde se desarrollan estas buenas pr\u00e1cticas.<\/p>\n<p>El 2\u00ba premio Antonio Dom\u00ednguez Ortiz ha sido para \u2018Robotea20\u2019 e \u2018Hipatia Hace Historia&#8217;. El primero ha sido un trabajo conjunto de docentes de los<strong> CEIP Europa y Nueva Almer\u00eda de Almer\u00eda, CEIP Clara Campoamor de Huercal de Almer\u00eda&nbsp; y CEIP Posidonia de Roquetas de Mar<\/strong>, sobre rob\u00f3tica y realidad aumentada en el aula TEA.<\/p>\n<p>El tercer premio Antonio Dom\u00ednguez Ortiz ha reca\u00eddo ex aequo &#8216;T\u00edteres por la igualdad\u2019, un taller de t\u00edteres creados por el alumnado y en la representaci\u00f3n de una obra educativa, de Eva Mar\u00eda P\u00e9rez Mesa del IES La Caleta de C\u00e1diz; y en el trabajo \u2018Naturaula\u2019.<\/p>\n<p>\u2018Naturaula\u2019 trata sobre la transformaci\u00f3n de un espacio del centro en un aula de naturaleza, y su autor\u00eda corresponde a Mar\u00eda Sandra And\u00fajar S\u00e1nchez, Juan Jos\u00e9 Rodr\u00edguez Castillo y Raquel Carmen \u00dabeda Fern\u00e1ndez del <strong>IES Algazul de Roquetas de Mar (Almer\u00eda)<\/strong>.<\/p>\n<p><a href=\"https:\/\/www.youtube.com\/watch?v=pt2-jSeGDwU\" target=\"_blank\" rel=\"noopener noreferrer\">Enlace al v\u00eddeo<\/a><\/p>\n<p>&nbsp;<\/p>\n","protected":false},"excerpt":{"rendered":"<p>&nbsp; Los Premios Joaqu\u00edn Guichot y Antonio Dom\u00ednguez Ortiz reconocen nueve proyectos de investigaci\u00f3n e innovaci\u00f3n del profesorado en el \u00e1mbito de las STEAM y la digitalizaci\u00f3n. La entrega de galardones ha tenido lugar&#46;&#46;&#46;<\/p>\n","protected":false},"author":1269,"featured_media":229,"comment_status":"closed","ping_status":"open","sticky":false,"template":"","format":"standard","meta":{"ngg_post_thumbnail":0,"footnotes":""},"categories":[10,8],"tags":[],"aioseo_notices":[],"_links":{"self":[{"href":"https:\/\/blogsaverroes.juntadeandalucia.es\/ordenacionalmeria\/wp-json\/wp\/v2\/posts\/228"}],"collection":[{"href":"https:\/\/blogsaverroes.juntadeandalucia.es\/ordenacionalmeria\/wp-json\/wp\/v2\/posts"}],"about":[{"href":"https:\/\/blogsaverroes.juntadeandalucia.es\/ordenacionalmeria\/wp-json\/wp\/v2\/types\/post"}],"author":[{"embeddable":true,"href":"https:\/\/blogsaverroes.juntadeandalucia.es\/ordenacionalmeria\/wp-json\/wp\/v2\/users\/1269"}],"replies":[{"embeddable":true,"href":"https:\/\/blogsaverroes.juntadeandalucia.es\/ordenacionalmeria\/wp-json\/wp\/v2\/comments?post=228"}],"version-history":[{"count":5,"href":"https:\/\/blogsaverroes.juntadeandalucia.es\/ordenacionalmeria\/wp-json\/wp\/v2\/posts\/228\/revisions"}],"predecessor-version":[{"id":234,"href":"https:\/\/blogsaverroes.juntadeandalucia.es\/ordenacionalmeria\/wp-json\/wp\/v2\/posts\/228\/revisions\/234"}],"wp:featuredmedia":[{"embeddable":true,"href":"https:\/\/blogsaverroes.juntadeandalucia.es\/ordenacionalmeria\/wp-json\/wp\/v2\/media\/229"}],"wp:attachment":[{"href":"https:\/\/blogsaverroes.juntadeandalucia.es\/ordenacionalmeria\/wp-json\/wp\/v2\/media?parent=228"}],"wp:term":[{"taxonomy":"category","embeddable":true,"href":"https:\/\/blogsaverroes.juntadeandalucia.es\/ordenacionalmeria\/wp-json\/wp\/v2\/categories?post=228"},{"taxonomy":"post_tag","embeddable":true,"href":"https:\/\/blogsaverroes.juntadeandalucia.es\/ordenacionalmeria\/wp-json\/wp\/v2\/tags?post=228"}],"curies":[{"name":"wp","href":"https:\/\/api.w.org\/{rel}","templated":true}]}}