{"id":235,"date":"2023-02-24T11:53:51","date_gmt":"2023-02-24T11:53:51","guid":{"rendered":"https:\/\/blogsaverroes.juntadeandalucia.es\/ordenacionalmeria\/?p=235"},"modified":"2023-03-12T11:05:50","modified_gmt":"2023-03-12T11:05:50","slug":"reuniones-informativas-del-bachillerato-internacional-en-el-ies-celia-vinas","status":"publish","type":"post","link":"https:\/\/blogsaverroes.juntadeandalucia.es\/ordenacionalmeria\/2023\/02\/24\/reuniones-informativas-del-bachillerato-internacional-en-el-ies-celia-vinas\/","title":{"rendered":"Reuniones informativas del Bachillerato Internacional en el IES Celia Vi\u00f1as"},"content":{"rendered":"<div dir=\"auto\" style=\"text-align: left\">El pr\u00f3ximo jueves 2 de marzo se realizar\u00e1n dos reuniones informativas en el Aula 3 del <strong>IES Celia Vi\u00f1as<\/strong> para el alumnado de 4\u00ba de ESO interesado en cursar el <strong>Programa del Diploma de Bachillerato Internacional<\/strong> para el curso escolar 2023\/24. Estos encuentros est\u00e1n dirigidos al alumnado interesado en cursar estas ense\u00f1anzas y sus familias o personas que ejerzan su tutela legal, con el fin de conocer estos estudios y la forma de acceso.<\/div>\n<div dir=\"auto\">\n<ul style=\"text-align: left\">\n<li><strong>Jueves 2 de marzo a las 19:00 horas:<\/strong> reuni\u00f3n presencial dirigida al alumnado que cursa sus estudios de 4\u00ba de ESO en el IES Celia Vi\u00f1as y sus familias.<\/li>\n<li><strong>Jueves 2 de marzo a las 20:00 horas:<\/strong> reuni\u00f3n presencial dirigida a las familias interesadas que cursan estudios en otros centros.<\/li>\n<\/ul>\n<p style=\"text-align: left\" align=\"justify\">M\u00e1s informaci\u00f3n en: <a href=\"https:\/\/iescelia.org\/web\/admision-bachillerato-internacional-curso-2023-2024\/\" target=\"_blank\" rel=\"noopener noreferrer\">https:\/\/iescelia.org\/web\/admision-bachillerato-internacional-curso-2023-2024\/<\/a><\/p>\n<\/div>\n","protected":false},"excerpt":{"rendered":"<p>El pr\u00f3ximo jueves 2 de marzo se realizar\u00e1n dos reuniones informativas en el Aula 3 del IES Celia Vi\u00f1as para el alumnado de 4\u00ba de ESO interesado en cursar el Programa del Diploma de&#46;&#46;&#46;<\/p>\n","protected":false},"author":10643,"featured_media":237,"comment_status":"closed","ping_status":"open","sticky":false,"template":"","format":"standard","meta":{"ngg_post_thumbnail":0,"footnotes":""},"categories":[5,13,14,17],"tags":[],"aioseo_notices":[],"_links":{"self":[{"href":"https:\/\/blogsaverroes.juntadeandalucia.es\/ordenacionalmeria\/wp-json\/wp\/v2\/posts\/235"}],"collection":[{"href":"https:\/\/blogsaverroes.juntadeandalucia.es\/ordenacionalmeria\/wp-json\/wp\/v2\/posts"}],"about":[{"href":"https:\/\/blogsaverroes.juntadeandalucia.es\/ordenacionalmeria\/wp-json\/wp\/v2\/types\/post"}],"author":[{"embeddable":true,"href":"https:\/\/blogsaverroes.juntadeandalucia.es\/ordenacionalmeria\/wp-json\/wp\/v2\/users\/10643"}],"replies":[{"embeddable":true,"href":"https:\/\/blogsaverroes.juntadeandalucia.es\/ordenacionalmeria\/wp-json\/wp\/v2\/comments?post=235"}],"version-history":[{"count":2,"href":"https:\/\/blogsaverroes.juntadeandalucia.es\/ordenacionalmeria\/wp-json\/wp\/v2\/posts\/235\/revisions"}],"predecessor-version":[{"id":240,"href":"https:\/\/blogsaverroes.juntadeandalucia.es\/ordenacionalmeria\/wp-json\/wp\/v2\/posts\/235\/revisions\/240"}],"wp:featuredmedia":[{"embeddable":true,"href":"https:\/\/blogsaverroes.juntadeandalucia.es\/ordenacionalmeria\/wp-json\/wp\/v2\/media\/237"}],"wp:attachment":[{"href":"https:\/\/blogsaverroes.juntadeandalucia.es\/ordenacionalmeria\/wp-json\/wp\/v2\/media?parent=235"}],"wp:term":[{"taxonomy":"category","embeddable":true,"href":"https:\/\/blogsaverroes.juntadeandalucia.es\/ordenacionalmeria\/wp-json\/wp\/v2\/categories?post=235"},{"taxonomy":"post_tag","embeddable":true,"href":"https:\/\/blogsaverroes.juntadeandalucia.es\/ordenacionalmeria\/wp-json\/wp\/v2\/tags?post=235"}],"curies":[{"name":"wp","href":"https:\/\/api.w.org\/{rel}","templated":true}]}}