{"id":1145,"date":"2020-01-31T10:32:40","date_gmt":"2020-01-31T09:32:40","guid":{"rendered":"https:\/\/blogsaverroes.juntadeandalucia.es\/ordenacioneducativahuelva\/?p=1145"},"modified":"2020-01-31T10:33:42","modified_gmt":"2020-01-31T09:33:42","slug":"i-semana-por-la-paz-enel-ies-del-andevalo-la-puebla-de-guzman","status":"publish","type":"post","link":"https:\/\/blogsaverroes.juntadeandalucia.es\/ordenacioneducativahuelva\/2020\/01\/31\/i-semana-por-la-paz-enel-ies-del-andevalo-la-puebla-de-guzman\/","title":{"rendered":"I SEMANA POR LA PAZ EN EL IES DEL AND\u00c9VALO, LA PUEBLA DE GUZM\u00c1N"},"content":{"rendered":"<p>Gracias al IES del And\u00e9valo por la calurosa acogida que ofreci\u00f3 a nuestra Delegada de Educaci\u00f3n y Deporte el pasado d\u00eda 30, d\u00eda Internacional de la Paz.<\/p>\n<p>El centro ha organizado su primera semana por la Paz, con diferentes actividades tales como concurso fotogr\u00e1fico, progrma \u00abSomos M\u00e1s\u00bb, carrera \u00abSave the Children\u00bb, lectura de manifiesto por la Paz y visita de la escritora Laura Gonz\u00e1lez para presentar su libro \u00abUna Estrella para Rosie\u00bb que versa sobre el Acoso Escolar.<\/p>\n<div id='gallery-1' class='gallery galleryid-1145 gallery-columns-3 gallery-size-thumbnail'><figure class='gallery-item'>\n\t\t\t<div class='gallery-icon landscape'>\n\t\t\t\t<a href='https:\/\/blogsaverroes.juntadeandalucia.es\/ordenacioneducativahuelva\/2020\/01\/31\/i-semana-por-la-paz-enel-ies-del-andevalo-la-puebla-de-guzman\/img-20200130-wa0005\/'><img loading=\"lazy\" decoding=\"async\" width=\"150\" height=\"150\" src=\"https:\/\/blogsaverroes.juntadeandalucia.es\/ordenacioneducativahuelva\/files\/2020\/01\/IMG-20200130-WA0005-150x150.jpg\" class=\"attachment-thumbnail size-thumbnail\" alt=\"\" srcset=\"https:\/\/blogsaverroes.juntadeandalucia.es\/ordenacioneducativahuelva\/files\/2020\/01\/IMG-20200130-WA0005-150x150.jpg 150w, https:\/\/blogsaverroes.juntadeandalucia.es\/ordenacioneducativahuelva\/files\/2020\/01\/IMG-20200130-WA0005-100x100.jpg 100w\" sizes=\"(max-width: 150px) 100vw, 150px\" \/><\/a>\n\t\t\t<\/div><\/figure><figure class='gallery-item'>\n\t\t\t<div class='gallery-icon landscape'>\n\t\t\t\t<a href='https:\/\/blogsaverroes.juntadeandalucia.es\/ordenacioneducativahuelva\/2020\/01\/31\/i-semana-por-la-paz-enel-ies-del-andevalo-la-puebla-de-guzman\/img-20200130-wa0016\/'><img loading=\"lazy\" decoding=\"async\" width=\"150\" height=\"150\" src=\"https:\/\/blogsaverroes.juntadeandalucia.es\/ordenacioneducativahuelva\/files\/2020\/01\/IMG-20200130-WA0016-150x150.jpg\" class=\"attachment-thumbnail size-thumbnail\" alt=\"\" srcset=\"https:\/\/blogsaverroes.juntadeandalucia.es\/ordenacioneducativahuelva\/files\/2020\/01\/IMG-20200130-WA0016-150x150.jpg 150w, https:\/\/blogsaverroes.juntadeandalucia.es\/ordenacioneducativahuelva\/files\/2020\/01\/IMG-20200130-WA0016-100x100.jpg 100w\" sizes=\"(max-width: 150px) 100vw, 150px\" \/><\/a>\n\t\t\t<\/div><\/figure><figure class='gallery-item'>\n\t\t\t<div class='gallery-icon landscape'>\n\t\t\t\t<a href='https:\/\/blogsaverroes.juntadeandalucia.es\/ordenacioneducativahuelva\/2020\/01\/31\/i-semana-por-la-paz-enel-ies-del-andevalo-la-puebla-de-guzman\/img-20200130-wa0020\/'><img loading=\"lazy\" decoding=\"async\" width=\"150\" height=\"150\" src=\"https:\/\/blogsaverroes.juntadeandalucia.es\/ordenacioneducativahuelva\/files\/2020\/01\/IMG-20200130-WA0020-150x150.jpg\" class=\"attachment-thumbnail size-thumbnail\" alt=\"\" srcset=\"https:\/\/blogsaverroes.juntadeandalucia.es\/ordenacioneducativahuelva\/files\/2020\/01\/IMG-20200130-WA0020-150x150.jpg 150w, https:\/\/blogsaverroes.juntadeandalucia.es\/ordenacioneducativahuelva\/files\/2020\/01\/IMG-20200130-WA0020-100x100.jpg 100w\" sizes=\"(max-width: 150px) 100vw, 150px\" \/><\/a>\n\t\t\t<\/div><\/figure><figure class='gallery-item'>\n\t\t\t<div class='gallery-icon landscape'>\n\t\t\t\t<a href='https:\/\/blogsaverroes.juntadeandalucia.es\/ordenacioneducativahuelva\/2020\/01\/31\/i-semana-por-la-paz-enel-ies-del-andevalo-la-puebla-de-guzman\/img-20200130-wa0027\/'><img loading=\"lazy\" decoding=\"async\" width=\"150\" height=\"150\" src=\"https:\/\/blogsaverroes.juntadeandalucia.es\/ordenacioneducativahuelva\/files\/2020\/01\/IMG-20200130-WA0027-150x150.jpg\" class=\"attachment-thumbnail size-thumbnail\" alt=\"\" srcset=\"https:\/\/blogsaverroes.juntadeandalucia.es\/ordenacioneducativahuelva\/files\/2020\/01\/IMG-20200130-WA0027-150x150.jpg 150w, https:\/\/blogsaverroes.juntadeandalucia.es\/ordenacioneducativahuelva\/files\/2020\/01\/IMG-20200130-WA0027-100x100.jpg 100w\" sizes=\"(max-width: 150px) 100vw, 150px\" \/><\/a>\n\t\t\t<\/div><\/figure>\n\t\t<\/div>\n\n","protected":false},"excerpt":{"rendered":"<p>Gracias al IES del And\u00e9valo por la calurosa acogida que ofreci\u00f3 a nuestra Delegada de Educaci\u00f3n y Deporte el pasado d\u00eda 30, d\u00eda Internacional de la Paz. El centro ha organizado su primera semana por la Paz, con diferentes actividades tales como concurso fotogr\u00e1fico, progrma \u00abSomos M\u00e1s\u00bb, carrera \u00abSave the Children\u00bb, lectura de manifiesto por [&hellip;]<\/p>\n","protected":false},"author":7728,"featured_media":0,"comment_status":"closed","ping_status":"closed","sticky":false,"template":"","format":"standard","meta":{"ngg_post_thumbnail":0,"footnotes":""},"categories":[1978339],"tags":[],"aioseo_notices":[],"_links":{"self":[{"href":"https:\/\/blogsaverroes.juntadeandalucia.es\/ordenacioneducativahuelva\/wp-json\/wp\/v2\/posts\/1145"}],"collection":[{"href":"https:\/\/blogsaverroes.juntadeandalucia.es\/ordenacioneducativahuelva\/wp-json\/wp\/v2\/posts"}],"about":[{"href":"https:\/\/blogsaverroes.juntadeandalucia.es\/ordenacioneducativahuelva\/wp-json\/wp\/v2\/types\/post"}],"author":[{"embeddable":true,"href":"https:\/\/blogsaverroes.juntadeandalucia.es\/ordenacioneducativahuelva\/wp-json\/wp\/v2\/users\/7728"}],"replies":[{"embeddable":true,"href":"https:\/\/blogsaverroes.juntadeandalucia.es\/ordenacioneducativahuelva\/wp-json\/wp\/v2\/comments?post=1145"}],"version-history":[{"count":2,"href":"https:\/\/blogsaverroes.juntadeandalucia.es\/ordenacioneducativahuelva\/wp-json\/wp\/v2\/posts\/1145\/revisions"}],"predecessor-version":[{"id":1151,"href":"https:\/\/blogsaverroes.juntadeandalucia.es\/ordenacioneducativahuelva\/wp-json\/wp\/v2\/posts\/1145\/revisions\/1151"}],"wp:attachment":[{"href":"https:\/\/blogsaverroes.juntadeandalucia.es\/ordenacioneducativahuelva\/wp-json\/wp\/v2\/media?parent=1145"}],"wp:term":[{"taxonomy":"category","embeddable":true,"href":"https:\/\/blogsaverroes.juntadeandalucia.es\/ordenacioneducativahuelva\/wp-json\/wp\/v2\/categories?post=1145"},{"taxonomy":"post_tag","embeddable":true,"href":"https:\/\/blogsaverroes.juntadeandalucia.es\/ordenacioneducativahuelva\/wp-json\/wp\/v2\/tags?post=1145"}],"curies":[{"name":"wp","href":"https:\/\/api.w.org\/{rel}","templated":true}]}}