{"id":1431,"date":"2020-03-10T20:37:24","date_gmt":"2020-03-10T19:37:24","guid":{"rendered":"https:\/\/blogsaverroes.juntadeandalucia.es\/ordenacioneducativahuelva\/?p=1431"},"modified":"2020-03-10T20:49:46","modified_gmt":"2020-03-10T19:49:46","slug":"1431","status":"publish","type":"post","link":"https:\/\/blogsaverroes.juntadeandalucia.es\/ordenacioneducativahuelva\/2020\/03\/10\/1431\/","title":{"rendered":"CEIP SAN VICENTE MARTIR: D\u00cdA DE LA MUJER"},"content":{"rendered":"<div id='gallery-1' class='gallery galleryid-1431 gallery-columns-3 gallery-size-thumbnail'><figure class='gallery-item'>\n\t\t\t<div class='gallery-icon landscape'>\n\t\t\t\t<a href='https:\/\/blogsaverroes.juntadeandalucia.es\/ordenacioneducativahuelva\/2020\/03\/10\/1431\/img-20200306-wa0003\/'><img loading=\"lazy\" decoding=\"async\" width=\"150\" height=\"150\" src=\"https:\/\/blogsaverroes.juntadeandalucia.es\/ordenacioneducativahuelva\/files\/2020\/03\/IMG-20200306-WA0003-150x150.jpg\" class=\"attachment-thumbnail size-thumbnail\" alt=\"\" srcset=\"https:\/\/blogsaverroes.juntadeandalucia.es\/ordenacioneducativahuelva\/files\/2020\/03\/IMG-20200306-WA0003-150x150.jpg 150w, https:\/\/blogsaverroes.juntadeandalucia.es\/ordenacioneducativahuelva\/files\/2020\/03\/IMG-20200306-WA0003-100x100.jpg 100w\" sizes=\"(max-width: 150px) 100vw, 150px\" \/><\/a>\n\t\t\t<\/div><\/figure><figure class='gallery-item'>\n\t\t\t<div class='gallery-icon landscape'>\n\t\t\t\t<a href='https:\/\/blogsaverroes.juntadeandalucia.es\/ordenacioneducativahuelva\/2020\/03\/10\/1431\/img-20200306-wa0010\/'><img loading=\"lazy\" decoding=\"async\" width=\"150\" height=\"150\" src=\"https:\/\/blogsaverroes.juntadeandalucia.es\/ordenacioneducativahuelva\/files\/2020\/03\/IMG-20200306-WA0010-150x150.jpg\" class=\"attachment-thumbnail size-thumbnail\" alt=\"\" srcset=\"https:\/\/blogsaverroes.juntadeandalucia.es\/ordenacioneducativahuelva\/files\/2020\/03\/IMG-20200306-WA0010-150x150.jpg 150w, https:\/\/blogsaverroes.juntadeandalucia.es\/ordenacioneducativahuelva\/files\/2020\/03\/IMG-20200306-WA0010-100x100.jpg 100w\" sizes=\"(max-width: 150px) 100vw, 150px\" \/><\/a>\n\t\t\t<\/div><\/figure><figure class='gallery-item'>\n\t\t\t<div class='gallery-icon landscape'>\n\t\t\t\t<a href='https:\/\/blogsaverroes.juntadeandalucia.es\/ordenacioneducativahuelva\/2020\/03\/10\/1431\/img-20200306-wa0009\/'><img loading=\"lazy\" decoding=\"async\" width=\"150\" height=\"150\" src=\"https:\/\/blogsaverroes.juntadeandalucia.es\/ordenacioneducativahuelva\/files\/2020\/03\/IMG-20200306-WA0009-150x150.jpg\" class=\"attachment-thumbnail size-thumbnail\" alt=\"\" srcset=\"https:\/\/blogsaverroes.juntadeandalucia.es\/ordenacioneducativahuelva\/files\/2020\/03\/IMG-20200306-WA0009-150x150.jpg 150w, https:\/\/blogsaverroes.juntadeandalucia.es\/ordenacioneducativahuelva\/files\/2020\/03\/IMG-20200306-WA0009-100x100.jpg 100w\" sizes=\"(max-width: 150px) 100vw, 150px\" \/><\/a>\n\t\t\t<\/div><\/figure><figure class='gallery-item'>\n\t\t\t<div class='gallery-icon landscape'>\n\t\t\t\t<a href='https:\/\/blogsaverroes.juntadeandalucia.es\/ordenacioneducativahuelva\/2020\/03\/10\/1431\/img-20200306-wa0007\/'><img loading=\"lazy\" decoding=\"async\" width=\"150\" height=\"150\" src=\"https:\/\/blogsaverroes.juntadeandalucia.es\/ordenacioneducativahuelva\/files\/2020\/03\/IMG-20200306-WA0007-150x150.jpg\" class=\"attachment-thumbnail size-thumbnail\" alt=\"\" srcset=\"https:\/\/blogsaverroes.juntadeandalucia.es\/ordenacioneducativahuelva\/files\/2020\/03\/IMG-20200306-WA0007-150x150.jpg 150w, https:\/\/blogsaverroes.juntadeandalucia.es\/ordenacioneducativahuelva\/files\/2020\/03\/IMG-20200306-WA0007-100x100.jpg 100w\" sizes=\"(max-width: 150px) 100vw, 150px\" \/><\/a>\n\t\t\t<\/div><\/figure><figure class='gallery-item'>\n\t\t\t<div class='gallery-icon landscape'>\n\t\t\t\t<a href='https:\/\/blogsaverroes.juntadeandalucia.es\/ordenacioneducativahuelva\/2020\/03\/10\/1431\/img-20200306-wa0013\/'><img loading=\"lazy\" decoding=\"async\" width=\"150\" height=\"150\" src=\"https:\/\/blogsaverroes.juntadeandalucia.es\/ordenacioneducativahuelva\/files\/2020\/03\/IMG-20200306-WA0013-150x150.jpg\" class=\"attachment-thumbnail size-thumbnail\" alt=\"\" srcset=\"https:\/\/blogsaverroes.juntadeandalucia.es\/ordenacioneducativahuelva\/files\/2020\/03\/IMG-20200306-WA0013-150x150.jpg 150w, https:\/\/blogsaverroes.juntadeandalucia.es\/ordenacioneducativahuelva\/files\/2020\/03\/IMG-20200306-WA0013-100x100.jpg 100w\" sizes=\"(max-width: 150px) 100vw, 150px\" \/><\/a>\n\t\t\t<\/div><\/figure><figure class='gallery-item'>\n\t\t\t<div class='gallery-icon landscape'>\n\t\t\t\t<a href='https:\/\/blogsaverroes.juntadeandalucia.es\/ordenacioneducativahuelva\/2020\/03\/10\/1431\/img-20200306-wa0012\/'><img loading=\"lazy\" decoding=\"async\" width=\"150\" height=\"150\" src=\"https:\/\/blogsaverroes.juntadeandalucia.es\/ordenacioneducativahuelva\/files\/2020\/03\/IMG-20200306-WA0012-150x150.jpg\" class=\"attachment-thumbnail size-thumbnail\" alt=\"\" srcset=\"https:\/\/blogsaverroes.juntadeandalucia.es\/ordenacioneducativahuelva\/files\/2020\/03\/IMG-20200306-WA0012-150x150.jpg 150w, https:\/\/blogsaverroes.juntadeandalucia.es\/ordenacioneducativahuelva\/files\/2020\/03\/IMG-20200306-WA0012-100x100.jpg 100w\" sizes=\"(max-width: 150px) 100vw, 150px\" \/><\/a>\n\t\t\t<\/div><\/figure><figure class='gallery-item'>\n\t\t\t<div class='gallery-icon portrait'>\n\t\t\t\t<a href='https:\/\/blogsaverroes.juntadeandalucia.es\/ordenacioneducativahuelva\/2020\/03\/10\/1431\/img-20200306-wa0005\/'><img loading=\"lazy\" decoding=\"async\" width=\"150\" height=\"150\" src=\"https:\/\/blogsaverroes.juntadeandalucia.es\/ordenacioneducativahuelva\/files\/2020\/03\/IMG-20200306-WA0005-150x150.jpg\" class=\"attachment-thumbnail size-thumbnail\" alt=\"\" srcset=\"https:\/\/blogsaverroes.juntadeandalucia.es\/ordenacioneducativahuelva\/files\/2020\/03\/IMG-20200306-WA0005-150x150.jpg 150w, https:\/\/blogsaverroes.juntadeandalucia.es\/ordenacioneducativahuelva\/files\/2020\/03\/IMG-20200306-WA0005-100x100.jpg 100w\" sizes=\"(max-width: 150px) 100vw, 150px\" \/><\/a>\n\t\t\t<\/div><\/figure><figure class='gallery-item'>\n\t\t\t<div class='gallery-icon portrait'>\n\t\t\t\t<a href='https:\/\/blogsaverroes.juntadeandalucia.es\/ordenacioneducativahuelva\/2020\/03\/10\/1431\/img-20200306-wa0008\/'><img loading=\"lazy\" decoding=\"async\" width=\"150\" height=\"150\" src=\"https:\/\/blogsaverroes.juntadeandalucia.es\/ordenacioneducativahuelva\/files\/2020\/03\/IMG-20200306-WA0008-150x150.jpg\" class=\"attachment-thumbnail size-thumbnail\" alt=\"\" srcset=\"https:\/\/blogsaverroes.juntadeandalucia.es\/ordenacioneducativahuelva\/files\/2020\/03\/IMG-20200306-WA0008-150x150.jpg 150w, https:\/\/blogsaverroes.juntadeandalucia.es\/ordenacioneducativahuelva\/files\/2020\/03\/IMG-20200306-WA0008-100x100.jpg 100w\" sizes=\"(max-width: 150px) 100vw, 150px\" \/><\/a>\n\t\t\t<\/div><\/figure>\n\t\t<\/div>\n\n<p>Mensaje del CEIP SAN VICENTE MARTIR de Zalamea la Real:&nbsp;<\/p>\n<p>En el d\u00eda de la Mujer queremos aunar fuerzas para que nuestra educaci\u00f3n en Igualdad sea el verdadero motor de crecimiento personal y del progreso social. Desde nuestro cole, queremos personas capaces de lanzar miradas violetas, que cogidas de la mano, hagamos el camino de la igualdad juntos, que miremos lo mismo de frente que de lado, igual a mujeres que a hombres, igual a ni\u00f1os que a ni\u00f1as, sin ver figuras estereotipadas. Este es nuestro proyecto de actuaci\u00f3n durante todo el a\u00f1o.. hay que mirar hacia adelante, porque para atr\u00e1s, ya nos doli\u00f3 bastante.<\/p>\n<p>MIL GRACIAS!<\/p>\n","protected":false},"excerpt":{"rendered":"<p>Mensaje del CEIP SAN VICENTE MARTIR de Zalamea la Real:&nbsp; En el d\u00eda de la Mujer queremos aunar fuerzas para que nuestra educaci\u00f3n en Igualdad sea el verdadero motor de crecimiento personal y del progreso social. Desde nuestro cole, queremos personas capaces de lanzar miradas violetas, que cogidas de la mano, hagamos el camino de [&hellip;]<\/p>\n","protected":false},"author":7728,"featured_media":0,"comment_status":"closed","ping_status":"closed","sticky":false,"template":"","format":"standard","meta":{"ngg_post_thumbnail":0,"footnotes":""},"categories":[20003],"tags":[],"aioseo_notices":[],"_links":{"self":[{"href":"https:\/\/blogsaverroes.juntadeandalucia.es\/ordenacioneducativahuelva\/wp-json\/wp\/v2\/posts\/1431"}],"collection":[{"href":"https:\/\/blogsaverroes.juntadeandalucia.es\/ordenacioneducativahuelva\/wp-json\/wp\/v2\/posts"}],"about":[{"href":"https:\/\/blogsaverroes.juntadeandalucia.es\/ordenacioneducativahuelva\/wp-json\/wp\/v2\/types\/post"}],"author":[{"embeddable":true,"href":"https:\/\/blogsaverroes.juntadeandalucia.es\/ordenacioneducativahuelva\/wp-json\/wp\/v2\/users\/7728"}],"replies":[{"embeddable":true,"href":"https:\/\/blogsaverroes.juntadeandalucia.es\/ordenacioneducativahuelva\/wp-json\/wp\/v2\/comments?post=1431"}],"version-history":[{"count":2,"href":"https:\/\/blogsaverroes.juntadeandalucia.es\/ordenacioneducativahuelva\/wp-json\/wp\/v2\/posts\/1431\/revisions"}],"predecessor-version":[{"id":1448,"href":"https:\/\/blogsaverroes.juntadeandalucia.es\/ordenacioneducativahuelva\/wp-json\/wp\/v2\/posts\/1431\/revisions\/1448"}],"wp:attachment":[{"href":"https:\/\/blogsaverroes.juntadeandalucia.es\/ordenacioneducativahuelva\/wp-json\/wp\/v2\/media?parent=1431"}],"wp:term":[{"taxonomy":"category","embeddable":true,"href":"https:\/\/blogsaverroes.juntadeandalucia.es\/ordenacioneducativahuelva\/wp-json\/wp\/v2\/categories?post=1431"},{"taxonomy":"post_tag","embeddable":true,"href":"https:\/\/blogsaverroes.juntadeandalucia.es\/ordenacioneducativahuelva\/wp-json\/wp\/v2\/tags?post=1431"}],"curies":[{"name":"wp","href":"https:\/\/api.w.org\/{rel}","templated":true}]}}