{"id":1724,"date":"2014-04-08T11:35:10","date_gmt":"2014-04-08T10:35:10","guid":{"rendered":"http:\/\/orientacion.cepindalo.es\/?p=1724"},"modified":"2017-03-08T19:34:20","modified_gmt":"2017-03-08T18:34:20","slug":"1724","status":"publish","type":"post","link":"https:\/\/blogsaverroes.juntadeandalucia.es\/orientacionalmeria\/1724\/","title":{"rendered":"Convocatoria de subvenciones a entidades p\u00fablicas, asociaciones del alumnado y de padres y madres del alumnado y otras entidades privadas en materia de equidad, participaci\u00f3n, voluntariado, coeducaci\u00f3n, mediaci\u00f3n intercultural y absentismo escolar en Andaluc\u00eda para el curso 2014-2015"},"content":{"rendered":"<p style=\"text-align: justify\">La Consejer\u00eda de Educaci\u00f3n, Cultura y Deporte de la Junta de Andaluc\u00eda, a trav\u00e9s de la Direcci\u00f3n General de Participaci\u00f3n y Equidad, convoca la concesi\u00f3n de subvenciones para el curso 2014\/2015 dirigidas a Confederaciones y federaciones de asociaciones de madres y padres del alumnado, Federaciones y asociaciones del alumnado, entidades locales, entidades sin \u00e1nimo de lucro y asociaciones de padres y madres de alumnado.<\/p>\n<p style=\"text-align: justify\"><span style=\"font-size: small\"><a href=\"http:\/\/blogsaverroes.juntadeandalucia.es\/orientacioncepindalo\/files\/2013\/05\/enlace-web.jpg\"><img loading=\"lazy\" decoding=\"async\" class=\"alignleft  wp-image-1152\" src=\"http:\/\/blogsaverroes.juntadeandalucia.es\/orientacioncepindalo\/files\/2013\/05\/enlace-web.jpg\" alt=\"\" height=\"27\" width=\"27\" srcset=\"https:\/\/blogsaverroes.juntadeandalucia.es\/orientacionalmeria\/files\/2013\/05\/enlace-web.jpg 38w, https:\/\/blogsaverroes.juntadeandalucia.es\/orientacionalmeria\/files\/2013\/05\/enlace-web-24x24.jpg 24w, https:\/\/blogsaverroes.juntadeandalucia.es\/orientacionalmeria\/files\/2013\/05\/enlace-web-36x36.jpg 36w\" sizes=\"(max-width: 27px) 100vw, 27px\" \/><\/a><a href=\"http:\/\/www.juntadeandalucia.es\/educacion\/portal\/com\/bin\/Contenidos\/PSE\/participacion\/jefservicio\/07042014_ConvocSubvenc1415\/1396870526334_boja14-067-00086-5696-01_00045325.pdf\" target=\"_blank\">Resoluci\u00f3n en el Bolet\u00edn oficial de la Junta de Andaluc\u00eda.<\/a><\/span><\/p>\n","protected":false},"excerpt":{"rendered":"<p>La Consejer\u00eda de Educaci\u00f3n, Cultura y Deporte de la Junta de Andaluc\u00eda, a trav\u00e9s de la Direcci\u00f3n General de Participaci\u00f3n y Equidad, convoca la concesi\u00f3n de subvenciones para el curso 2014\/2015 dirigidas a Confederaciones&#46;&#46;&#46;<\/p>\n","protected":false},"author":1,"featured_media":0,"comment_status":"closed","ping_status":"closed","sticky":false,"template":"","format":"standard","meta":{"ngg_post_thumbnail":0,"footnotes":""},"categories":[1016832,147,4603,1],"tags":[],"aioseo_notices":[],"_links":{"self":[{"href":"https:\/\/blogsaverroes.juntadeandalucia.es\/orientacionalmeria\/wp-json\/wp\/v2\/posts\/1724"}],"collection":[{"href":"https:\/\/blogsaverroes.juntadeandalucia.es\/orientacionalmeria\/wp-json\/wp\/v2\/posts"}],"about":[{"href":"https:\/\/blogsaverroes.juntadeandalucia.es\/orientacionalmeria\/wp-json\/wp\/v2\/types\/post"}],"author":[{"embeddable":true,"href":"https:\/\/blogsaverroes.juntadeandalucia.es\/orientacionalmeria\/wp-json\/wp\/v2\/users\/1"}],"replies":[{"embeddable":true,"href":"https:\/\/blogsaverroes.juntadeandalucia.es\/orientacionalmeria\/wp-json\/wp\/v2\/comments?post=1724"}],"version-history":[{"count":2,"href":"https:\/\/blogsaverroes.juntadeandalucia.es\/orientacionalmeria\/wp-json\/wp\/v2\/posts\/1724\/revisions"}],"predecessor-version":[{"id":3582,"href":"https:\/\/blogsaverroes.juntadeandalucia.es\/orientacionalmeria\/wp-json\/wp\/v2\/posts\/1724\/revisions\/3582"}],"wp:attachment":[{"href":"https:\/\/blogsaverroes.juntadeandalucia.es\/orientacionalmeria\/wp-json\/wp\/v2\/media?parent=1724"}],"wp:term":[{"taxonomy":"category","embeddable":true,"href":"https:\/\/blogsaverroes.juntadeandalucia.es\/orientacionalmeria\/wp-json\/wp\/v2\/categories?post=1724"},{"taxonomy":"post_tag","embeddable":true,"href":"https:\/\/blogsaverroes.juntadeandalucia.es\/orientacionalmeria\/wp-json\/wp\/v2\/tags?post=1724"}],"curies":[{"name":"wp","href":"https:\/\/api.w.org\/{rel}","templated":true}]}}