{"id":2782,"date":"2016-05-11T11:11:42","date_gmt":"2016-05-11T09:11:42","guid":{"rendered":"http:\/\/orientacion.cepindalo.es\/?p=2782"},"modified":"2016-05-11T11:11:42","modified_gmt":"2016-05-11T09:11:42","slug":"concurso-educacion-vial","status":"publish","type":"post","link":"https:\/\/blogsaverroes.juntadeandalucia.es\/orientacionalmeria\/concurso-educacion-vial\/","title":{"rendered":"Concurso de Educaci\u00f3n Vial"},"content":{"rendered":"<div>\n<p style=\"text-align: justify\" align=\"left\"><span style=\"font-family: arial,helvetica,sans-serif\"><a href=\"http:\/\/blogsaverroes.juntadeandalucia.es\/orientacioncepindalo\/files\/2016\/05\/edvial.jpg\"><img loading=\"lazy\" decoding=\"async\" class=\"alignleft size-thumbnail wp-image-2783\" src=\"http:\/\/blogsaverroes.juntadeandalucia.es\/orientacioncepindalo\/files\/2016\/05\/edvial-250x136.jpg\" alt=\"edvial\" width=\"250\" height=\"136\" \/><\/a>La <strong>Direcci\u00f3n General de Tr\u00e1fico<\/strong> convoca\u00a0un <strong>concurso con el objetivo de potenciar la Educaci\u00f3n Vial en los Proyectos Educativos de los Centros Escolares en Educaci\u00f3n Infantil, Primaria, Secundaria, Bachillerato, Formaci\u00f3n Profesional y Educaci\u00f3n Especial<\/strong>, as\u00ed como una modalidad de Teatro para Personas con Discapacidad, dentro del \u00e1mbito estatal, para el Curso Escolar 2015-2016, estableciendo para su desarrollo y participaci\u00f3n\u00a0los apartados y bases que se presentan en esta convocatoria.<\/span><\/p>\n<div>\n<p style=\"text-align: justify\" align=\"left\"><span style=\"font-family: arial,helvetica,sans-serif\">Podr\u00e1n participar todos los centros educativos de \u00e1mbito estatal <b>(Infantil, Primaria, Secundaria, Formaci\u00f3n Profesional, Bachillerato y Educaci\u00f3n Especial)<\/b>,<strong> asociaciones o entidades<\/strong> que presenten proyectos originales, que hayan sido llevados a la pr\u00e1ctica real y convenientemente evaluados, as\u00ed como los <strong>centros espec\u00edficos<\/strong>, dirigidos a personas con <strong>discapacidad <\/strong>con las caracter\u00edsticas se\u00f1aladas en la modalidad B de la citada convocatoria.<\/span><\/p>\n<div>\n<p align=\"left\"><a href=\"http:\/\/blogsaverroes.juntadeandalucia.es\/orientacioncepindalo\/files\/2013\/05\/enlace-web.jpg\"><img loading=\"lazy\" decoding=\"async\" class=\"alignleft size-full wp-image-1152\" src=\"http:\/\/blogsaverroes.juntadeandalucia.es\/orientacioncepindalo\/files\/2013\/05\/enlace-web.jpg\" alt=\"enlace-web\" width=\"38\" height=\"38\" srcset=\"https:\/\/blogsaverroes.juntadeandalucia.es\/orientacionalmeria\/files\/2013\/05\/enlace-web.jpg 38w, https:\/\/blogsaverroes.juntadeandalucia.es\/orientacionalmeria\/files\/2013\/05\/enlace-web-24x24.jpg 24w, https:\/\/blogsaverroes.juntadeandalucia.es\/orientacionalmeria\/files\/2013\/05\/enlace-web-36x36.jpg 36w\" sizes=\"(max-width: 38px) 100vw, 38px\" \/><\/a><a href=\"http:\/\/www.dgteducacionvial.es\/pics\/secciones\/Concurso-Teatro-2015-2016.pdf\" target=\"_blank\">Bases de la convocatoria<\/a><\/p>\n<\/div>\n<\/div>\n<div>\n<p align=\"left\"><span style=\"font-family: DIN-Regular\">\u00a0<\/span><\/p>\n<\/div>\n<p style=\"text-align: justify\" align=\"left\"><span style=\"font-family: DIN-Regular\">\u00a0<\/span><\/p>\n<\/div>\n","protected":false},"excerpt":{"rendered":"<p>La Direcci\u00f3n General de Tr\u00e1fico convoca\u00a0un concurso con el objetivo de potenciar la Educaci\u00f3n Vial en los Proyectos Educativos de los Centros Escolares en Educaci\u00f3n Infantil, Primaria, Secundaria, Bachillerato, Formaci\u00f3n Profesional y Educaci\u00f3n Especial,&#46;&#46;&#46;<\/p>\n","protected":false},"author":1,"featured_media":2783,"comment_status":"closed","ping_status":"closed","sticky":false,"template":"","format":"standard","meta":{"ngg_post_thumbnail":0,"footnotes":""},"categories":[1016585],"tags":[],"aioseo_notices":[],"_links":{"self":[{"href":"https:\/\/blogsaverroes.juntadeandalucia.es\/orientacionalmeria\/wp-json\/wp\/v2\/posts\/2782"}],"collection":[{"href":"https:\/\/blogsaverroes.juntadeandalucia.es\/orientacionalmeria\/wp-json\/wp\/v2\/posts"}],"about":[{"href":"https:\/\/blogsaverroes.juntadeandalucia.es\/orientacionalmeria\/wp-json\/wp\/v2\/types\/post"}],"author":[{"embeddable":true,"href":"https:\/\/blogsaverroes.juntadeandalucia.es\/orientacionalmeria\/wp-json\/wp\/v2\/users\/1"}],"replies":[{"embeddable":true,"href":"https:\/\/blogsaverroes.juntadeandalucia.es\/orientacionalmeria\/wp-json\/wp\/v2\/comments?post=2782"}],"version-history":[{"count":0,"href":"https:\/\/blogsaverroes.juntadeandalucia.es\/orientacionalmeria\/wp-json\/wp\/v2\/posts\/2782\/revisions"}],"wp:featuredmedia":[{"embeddable":true,"href":"https:\/\/blogsaverroes.juntadeandalucia.es\/orientacionalmeria\/wp-json\/wp\/v2\/media\/2783"}],"wp:attachment":[{"href":"https:\/\/blogsaverroes.juntadeandalucia.es\/orientacionalmeria\/wp-json\/wp\/v2\/media?parent=2782"}],"wp:term":[{"taxonomy":"category","embeddable":true,"href":"https:\/\/blogsaverroes.juntadeandalucia.es\/orientacionalmeria\/wp-json\/wp\/v2\/categories?post=2782"},{"taxonomy":"post_tag","embeddable":true,"href":"https:\/\/blogsaverroes.juntadeandalucia.es\/orientacionalmeria\/wp-json\/wp\/v2\/tags?post=2782"}],"curies":[{"name":"wp","href":"https:\/\/api.w.org\/{rel}","templated":true}]}}