{"id":2998,"date":"2017-01-14T13:39:26","date_gmt":"2017-01-14T12:39:26","guid":{"rendered":"http:\/\/orientacion.cepindalo.es\/?p=2998"},"modified":"2017-02-15T13:05:30","modified_gmt":"2017-02-15T12:05:30","slug":"programa-andalucia-profundiza-2016-2017","status":"publish","type":"post","link":"https:\/\/blogsaverroes.juntadeandalucia.es\/orientacionalmeria\/programa-andalucia-profundiza-2016-2017\/","title":{"rendered":"Programa Andaluc\u00eda Profundiza 2016-2017"},"content":{"rendered":"<p style=\"text-align: justify\"><span style=\"font-family: Arial;font-size: 16px\">Un a\u00f1o m\u00e1s, se han convocado el Programa Andaluc\u00eda Profundiza para el presente curso 2016-2017. El procedimiento sigue siendo el mismo de\u00a0a\u00f1os anteriores. <\/span><\/p>\n<p style=\"text-align: justify\"><span style=\"font-size: 16px\"><span style=\"font-family: Arial\">Este programa tiene como objetivo es<\/span><span style=\"font-family: Arial\">timular en el alumnado el inter\u00e9s por la investigaci\u00f3n en cualquier \u00e1mbito, adquiriendo <\/span><\/span><span style=\"font-family: Arial;font-size: 16px\">estrategias que les permitan la adquisici\u00f3n y mejora de sus competencias a lo largo de toda la vida.<\/span><\/p>\n<p style=\"text-align: justify\"><span style=\"font-family: Arial\">E<span style=\"font-family: arial, helvetica, sans-serif\">l alumnado destinatario debe estar escolarizado en los cursos comprendidos entre 3\u00ba de Educaci\u00f3n Primaria y 4\u00ba de Educaci\u00f3n Secundaria Obligatoria en <\/span><\/span><span style=\"font-family: arial, helvetica, sans-serif\">centros sostenidos con fondos p\u00fablicos.<\/span><\/p>\n<p style=\"text-align: justify\"><span style=\"font-family: arial, helvetica, sans-serif\"><span style=\"font-size: 16px\">\u00a0<\/span><span style=\"font-size: large\"><span style=\"font-size: 16px\">Las solicitudes del alumnado deber\u00e1n ser entregadas en cada centro educativo hasta el 27<\/span> de enero de 2017 inclusive.<\/span><\/span><\/p>\n<p align=\"left\"><span style=\"font-size: 14px\"><a href=\"http:\/\/blogsaverroes.juntadeandalucia.es\/orientacionalmeria\/files\/2013\/05\/pdf-e1386182417574.png\"><img loading=\"lazy\" decoding=\"async\" class=\"alignleft wp-image-1148 \" src=\"http:\/\/blogsaverroes.juntadeandalucia.es\/orientacionalmeria\/files\/2013\/05\/pdf-e1386182417574.png\" alt=\"\" width=\"23\" height=\"23\" srcset=\"https:\/\/blogsaverroes.juntadeandalucia.es\/orientacionalmeria\/files\/2013\/05\/pdf-e1386182417574.png 38w, https:\/\/blogsaverroes.juntadeandalucia.es\/orientacionalmeria\/files\/2013\/05\/pdf-e1386182417574-24x24.png 24w, https:\/\/blogsaverroes.juntadeandalucia.es\/orientacionalmeria\/files\/2013\/05\/pdf-e1386182417574-36x36.png 36w\" sizes=\"(max-width: 23px) 100vw, 23px\" \/><\/a><a href=\"http:\/\/blogsaverroes.juntadeandalucia.es\/orientacionalmeria\/files\/2017\/01\/Instrucciones-Profundiza-2016-2017-Firmadas-con-Anexos.pdf\">Instrucciones Profundiza 2016-2017\u00a0<\/a> <\/span><\/p>\n<pre><\/pre>\n","protected":false},"excerpt":{"rendered":"<p>Un a\u00f1o m\u00e1s, se han convocado el Programa Andaluc\u00eda Profundiza para el presente curso 2016-2017. El procedimiento sigue siendo el mismo de\u00a0a\u00f1os anteriores. Este programa tiene como objetivo estimular en el alumnado el inter\u00e9s&#46;&#46;&#46;<\/p>\n","protected":false},"author":1,"featured_media":0,"comment_status":"closed","ping_status":"closed","sticky":false,"template":"","format":"standard","meta":{"ngg_post_thumbnail":0,"footnotes":""},"categories":[1016585,1],"tags":[],"aioseo_notices":[],"_links":{"self":[{"href":"https:\/\/blogsaverroes.juntadeandalucia.es\/orientacionalmeria\/wp-json\/wp\/v2\/posts\/2998"}],"collection":[{"href":"https:\/\/blogsaverroes.juntadeandalucia.es\/orientacionalmeria\/wp-json\/wp\/v2\/posts"}],"about":[{"href":"https:\/\/blogsaverroes.juntadeandalucia.es\/orientacionalmeria\/wp-json\/wp\/v2\/types\/post"}],"author":[{"embeddable":true,"href":"https:\/\/blogsaverroes.juntadeandalucia.es\/orientacionalmeria\/wp-json\/wp\/v2\/users\/1"}],"replies":[{"embeddable":true,"href":"https:\/\/blogsaverroes.juntadeandalucia.es\/orientacionalmeria\/wp-json\/wp\/v2\/comments?post=2998"}],"version-history":[{"count":2,"href":"https:\/\/blogsaverroes.juntadeandalucia.es\/orientacionalmeria\/wp-json\/wp\/v2\/posts\/2998\/revisions"}],"predecessor-version":[{"id":3133,"href":"https:\/\/blogsaverroes.juntadeandalucia.es\/orientacionalmeria\/wp-json\/wp\/v2\/posts\/2998\/revisions\/3133"}],"wp:attachment":[{"href":"https:\/\/blogsaverroes.juntadeandalucia.es\/orientacionalmeria\/wp-json\/wp\/v2\/media?parent=2998"}],"wp:term":[{"taxonomy":"category","embeddable":true,"href":"https:\/\/blogsaverroes.juntadeandalucia.es\/orientacionalmeria\/wp-json\/wp\/v2\/categories?post=2998"},{"taxonomy":"post_tag","embeddable":true,"href":"https:\/\/blogsaverroes.juntadeandalucia.es\/orientacionalmeria\/wp-json\/wp\/v2\/tags?post=2998"}],"curies":[{"name":"wp","href":"https:\/\/api.w.org\/{rel}","templated":true}]}}